{"id":9956,"date":"2023-12-16T06:24:00","date_gmt":"2023-12-16T05:24:00","guid":{"rendered":"https:\/\/gilbertbrands.de\/blog\/?p=9956"},"modified":"2023-12-10T09:26:26","modified_gmt":"2023-12-10T08:26:26","slug":"sand-ins-bundesverfassungsgericht-streuen","status":"publish","type":"post","link":"https:\/\/gilbertbrands.de\/blog\/2023\/12\/16\/sand-ins-bundesverfassungsgericht-streuen\/","title":{"rendered":"Sand ins Bundesverfassungsgericht streuen"},"content":{"rendered":"\n<p><strong>Beschlussantrag<\/strong><\/p>\n\n\n\n<p><strong>Verschiedene\nMitglieder der Bundesregierung entsprechen mutma\u00dflich nicht den\nAnforderungen des Art. 33 (2) GG zur F\u00fchrung eines \u00f6ffentlichen\nAmtes. Die Besetzung der Bundesregierung ist daher mutma\u00dflich in\nTeilen verfassungswidrig.<\/strong><\/p>\n\n\n\n<!--more-->\n\n\n\n<p><strong>Der Deutsche Bundestag wird verpflichtet, umgehend ein Misstrauensvotum gegen die Bundesregierung unter ausdr\u00fccklicher Ber\u00fccksichtigung und W\u00fcrdigung des Art. 33 (2) GG herbei zuf\u00fchren und bei Aussprechen des Misstrauens umgehend f\u00fcr eine neue verfassungsgem\u00e4\u00dfe Regierung Sorge zu tragen.<\/strong><\/p>\n\n\n\n<p>Art. 33 GG fordert, dass \n<\/p>\n\n\n\n<p><strong>(2)\nJeder Deutsche hat nach seiner Eignung, Bef\u00e4higung und fachlichen\nLeistung gleichen Zugang zu jedem \u00f6ffentlichen Amte.<\/strong><\/p>\n\n\n\n<p>erh\u00e4lt. Im Gegenzug sind aber auch die\nVoraussetzungen \u201eEignung, Bef\u00e4higung, fachliche Leistung\u201c zu\nber\u00fccksichtigen.<\/p>\n\n\n\n<p>Nach Ansicht des Antragsstellers trifft dies\nmindestens auf die folgenden Regierungsmitglieder nicht zu:<\/p>\n\n\n\n<ol class=\"wp-block-list\"><li>Bundeskanzler Olaf Scholz ist aufgrund seiner\n\tzahlreichen Verstrickungen in mutma\u00dfliche Betrugsaffairen\n\tcharakterlich nicht geeignet, ein Land wie die Bundesrepublik\n\tDeutschland verantwortlich zu f\u00fchren.\n\tAllein die Verstrickungen und Verd\u00e4chtigungen\n\tmachen den Bundeskanzler angreifbar f\u00fcr politische Erpressung.\n\tManches an den Entscheidungen der Bundesregierung gibt Anlass zu der\n\tBef\u00fcrchtung, dass dies tats\u00e4chlich der Fall ist. \n\t\n\t<\/li><li>Bundeswirtschaftsminister Dr. Robert Habeck\n\tweist weder die Bef\u00e4higung noch die fachliche Leistung auf, dieses\n\tAmt zu f\u00fchren.\n\tHerr Habeck hat mehrfach in Interviews bewiesen,\n\tdass ihm zentrale Kenntnisse f\u00fcr sein Amt fehlen. Auch ist er nicht\n\tWillens oder in der Lage, objektiven Kriterien f\u00fcr eine Korrektur\n\tseiner Ma\u00dfnahmen zu folgen.\n\t<\/li><li>Bundesau\u00dfenministerin Annalena Charlotte\n\tAlma Baerbock ist weder geeignet noch bef\u00e4higt, dieses Amt\n\tauszu\u00fcben.\n\tNeben den in fast jeder Rede zu Tage tretenden\n\tBegriffsverwirrungen sei an die Nebenbei-Kriegserkl\u00e4rung an die\n\tRussische F\u00f6deration erinnert. Frau Baerbock hat es dar\u00fcber hinaus\n\tgeschafft, nahezu jeden au\u00dfenpolitischen Partner der Bundesrepublik\n\tDeutschland vor den Kopf zu sto\u00dfen und die Bundesrepublik\n\tDeutschland international zu einer Lachnummer zu machen.\n\t<\/li><li>Bundesgesundheitsminister Prof. Dr. Karl\n\tLauterbach ist nach Ansicht vieler Psychiater psychisch nicht gesund\n\tund leidet mutma\u00dflich an einer Zwangserkrankung. Allein dieser\n\tVerdacht, der auch f\u00fcr den normalen B\u00fcrger in seiner Fixierung auf\n\tbestimmte Themendarstellung offensichtlich ist, macht ihn f\u00fcr das\n\tAmt ungeeignet.\n<\/li><\/ol>\n\n\n\n<p>Liegen nicht mehr zu \u00fcbersehende Anhaltspunkte\nf\u00fcr eine Nichteignung von Regierungsmitgliedern vor, ist der\nDeutsche Bundestag aus verfassungsrechtlichen Gr\u00fcnden verpflichtet,\ndas Vertrauen in die Regierung unter spezieller W\u00fcrdigung der\nverfassungsrechtlichen Vorgaben zu pr\u00fcfen und ggf. das Misstrauen\nauszusprechen, um eine Regierungsneubildung durchzusetzen.<\/p>\n\n\n\n<p>Der Antragsteller verweist darauf, dass er mit\nseinem Antrag kein Neuland betritt. Anl\u00e4sslich der Wahl des\nAfD-Mitglieds Robert Sesselmann zum Landrat des Th\u00fcringer\nLandkreises Sonneberg wurde vor der Amtseinf\u00fchrung eine\n\u201eDemokratiepr\u00fcfung\u201c des gew\u00e4hlten Kandidaten durchgef\u00fchrt,\nwomit die AfD derzeit \u00fcber den einzigen demokratisch gepr\u00fcften\nLandrat in der Bundesrepublik Deutschland verf\u00fcgt. Im Falle eines\nLandrats kann diese Pr\u00fcfung durch die \u00fcbergeordnete Landesregierung\nerfolgen, im Falle der Bundesregierung ist der Deutsche Bundestag als\nVertretung des gesamten Volkes der einzig legitime Kontrolleur.<\/p>\n\n\n\n<p>Anl\u00e4sslich der derzeitigen ung\u00fcnstigen\nGesamtentwicklung bittet der Antragsteller das Gericht um vorrangige\nBehandlung.<\/p>\n","protected":false},"excerpt":{"rendered":"<p>Beschlussantrag Verschiedene Mitglieder der Bundesregierung entsprechen mutma\u00dflich nicht den Anforderungen des Art. 33 (2) GG zur F\u00fchrung eines \u00f6ffentlichen Amtes. Die Besetzung der Bundesregierung ist daher mutma\u00dflich in Teilen verfassungswidrig. Download Artikel als PDF<\/p>\n","protected":false},"author":1,"featured_media":0,"comment_status":"closed","ping_status":"closed","sticky":false,"template":"","format":"standard","meta":{"footnotes":""},"categories":[1],"tags":[],"class_list":["post-9956","post","type-post","status-publish","format-standard","hentry","category-allgemein"],"post_mailing_queue_ids":[],"_links":{"self":[{"href":"https:\/\/gilbertbrands.de\/blog\/wp-json\/wp\/v2\/posts\/9956","targetHints":{"allow":["GET"]}}],"collection":[{"href":"https:\/\/gilbertbrands.de\/blog\/wp-json\/wp\/v2\/posts"}],"about":[{"href":"https:\/\/gilbertbrands.de\/blog\/wp-json\/wp\/v2\/types\/post"}],"author":[{"embeddable":true,"href":"https:\/\/gilbertbrands.de\/blog\/wp-json\/wp\/v2\/users\/1"}],"replies":[{"embeddable":true,"href":"https:\/\/gilbertbrands.de\/blog\/wp-json\/wp\/v2\/comments?post=9956"}],"version-history":[{"count":1,"href":"https:\/\/gilbertbrands.de\/blog\/wp-json\/wp\/v2\/posts\/9956\/revisions"}],"predecessor-version":[{"id":9957,"href":"https:\/\/gilbertbrands.de\/blog\/wp-json\/wp\/v2\/posts\/9956\/revisions\/9957"}],"wp:attachment":[{"href":"https:\/\/gilbertbrands.de\/blog\/wp-json\/wp\/v2\/media?parent=9956"}],"wp:term":[{"taxonomy":"category","embeddable":true,"href":"https:\/\/gilbertbrands.de\/blog\/wp-json\/wp\/v2\/categories?post=9956"},{"taxonomy":"post_tag","embeddable":true,"href":"https:\/\/gilbertbrands.de\/blog\/wp-json\/wp\/v2\/tags?post=9956"}],"curies":[{"name":"wp","href":"https:\/\/api.w.org\/{rel}","templated":true}]}}