{"id":9704,"date":"2023-10-13T07:09:00","date_gmt":"2023-10-13T05:09:00","guid":{"rendered":"https:\/\/gilbertbrands.de\/blog\/?p=9704"},"modified":"2023-10-11T15:31:48","modified_gmt":"2023-10-11T13:31:48","slug":"sippenhaft","status":"publish","type":"post","link":"https:\/\/gilbertbrands.de\/blog\/2023\/10\/13\/sippenhaft\/","title":{"rendered":"Sippenhaft"},"content":{"rendered":"\n<p>Die Lage im S\u00fcden Israels und im Ghaza-Streifen scheint wirklich \u00fcbel zu sein. Die Hamas scheint in vielen St\u00e4dten so gehaust zu haben, wie die Rote Armee zum Ende des 2. WK in Nemmersdorf.<\/p>\n\n\n\n<!--more-->\n\n\n\n<figure class=\"wp-block-image size-large\"><img loading=\"lazy\" decoding=\"async\" width=\"1024\" height=\"592\" src=\"https:\/\/gilbertbrands.de\/blog\/wp-content\/uploads\/2023\/10\/grafik-14-1024x592.png\" alt=\"\" class=\"wp-image-9705\" srcset=\"https:\/\/gilbertbrands.de\/blog\/wp-content\/uploads\/2023\/10\/grafik-14-1024x592.png 1024w, https:\/\/gilbertbrands.de\/blog\/wp-content\/uploads\/2023\/10\/grafik-14-300x173.png 300w, https:\/\/gilbertbrands.de\/blog\/wp-content\/uploads\/2023\/10\/grafik-14-768x444.png 768w, https:\/\/gilbertbrands.de\/blog\/wp-content\/uploads\/2023\/10\/grafik-14.png 1265w\" sizes=\"auto, (max-width: 1024px) 100vw, 1024px\" \/><figcaption><a href=\"https:\/\/www.google.com\/search?q=nemmersdorf+rote+armee+massaker&amp;tbm=isch&amp;sa=X&amp;ved=0ahUKEwi-jPXJq-2BAxVTXvEDHVfdBLsQkYoICAE#imgrc=TUjKtBCjSbDf7M\" target=\"_blank\" rel=\"noreferrer noopener\" aria-label=\"Nemmersdorf (\u00f6ffnet in neuem Tab)\">Nemmersdorf<\/a><\/figcaption><\/figure>\n\n\n\n<p>Und die hat sich ja nur revanchiert, hatte doch die Wehrmacht zuvor \u00e4hnlich in Osteuropa gehaust. Und so revanchiert sich anscheinend auch die israelische Armee im Ghaza-Streifen mit entsprechender Brutalit\u00e4t und hat nach weiteren Berichten an der Grenze zum Libanon, wo (vermutlich au\u00dfer Kontrolle geratene) Hisbollah-Einheiten einen Merkav-Panzer geschlachtet haben, mit international ge\u00e4chteten Granaten mit wei\u00dfem Phosphor zur\u00fcck geschossen.<\/p>\n\n\n\n<p>Nun sieht die Wirklichkeit meist anders aus, als es scheint. Solche Taten werden in der Regel von Einzelnen oder einzelnen Gruppen ver\u00fcbt und nicht von allen Mitgliedern der Institution, zu der sie geh\u00f6ren, insgesamt. Wehrmachtsoffizieren bis in die h\u00f6chsten R\u00e4nge haben gegen das Vorgehen der Sondereinsatzgruppen protestiert, allerdings erfolglos. Und bei ausbleibendem Erfolg l\u00e4sst das Protestieren meist schnell nach, wie man aktuell in D wieder verfolgen kann. Und auch der einfache Landser kam mit der russischen Bev\u00f6lkerung im Rahmen des unvermeidbaren Kriegsgeschehens klar und vice versa, wie pers\u00f6nlichen Berichten zu entnehmen ist.<\/p>\n\n\n\n<p>Das Gleiche gilt f\u00fcr die Rote Armee. Deutsche \u00dcberlebende berichteten, dass die durchziehenden Fronttruppen sich kaum an der Bev\u00f6lkerung vergingen und vielfach sogar warnten &#8222;Haut ab! Die, die hinter uns kommen und nicht k\u00e4mpfen sind die Schlimmsten!&#8220;. \u00c4hnlich lief es an der Westfront, wo die ersten GIs noch Zigaretten und Schokolade verteilten, die nachfolgende Etappe brutal pl\u00fcnderte, was das Zeug hielt. Darunter viele Franzosen, die wahllos Gefangene aus Kolonnen holten und erschossen, und viele schwarze GIs, denen eingetrichtert worden war, sie k\u00f6nnten sich benehmen, wie sie wollten.\u00b9\u207e Und auch das Massaker von Mylai kann man sicher nicht der gesamten US-Army anlasten, sondern wieder Einzelnen, die aus welchen Gr\u00fcnden auch immer ausrasteten.<\/p>\n\n\n\n<p>Spielt sich das jetzt wieder im S\u00fcden Israels und dem Ghaza-Streifen ab? <\/p>\n\n\n\n<blockquote class=\"wp-block-quote is-layout-flow wp-block-quote-is-layout-flow\"><p><em>Das hier ist kein Schlachtfeld, es ist ein Massaker. Du siehst die  Babys, ihre M\u00fctter und ihre V\u00e4ter, in ihren Schlafzimmern und in ihren  gesch\u00fctzten R\u00e4umen, und wie die Terroristen sie get\u00f6tet haben \u2013 das ist  kein Krieg. Das ist etwas, was ich in meinem Leben nie gesehen habe. Wir  haben uns unsere Gro\u00dfm\u00fctter und Gro\u00dfv\u00e4ter w\u00e4hrend der Pogrome in Europa  vorgestellt. Das ist etwas, was wir in der j\u00fcngeren Geschichte nicht  erlebt haben.<\/em><\/p><cite><a href=\"https:\/\/www.achgut.com\/artikel\/was_uns_nicht_erspart_bleibt\" target=\"_blank\" rel=\"noreferrer noopener\" aria-label=\" (\u00f6ffnet in neuem Tab)\">https:\/\/www.achgut.com\/artikel\/was_uns_nicht_erspart_bleibt<\/a><\/cite><\/blockquote>\n\n\n\n<p>berichtet ein israelischer Offizier und prompt predigt der Autor des Artikels, wenn auch noch verdeckt, um nicht allzu sehr anzuecken, die Vergeltung und die Kommentatoren greifen dies willig auf:<\/p>\n\n\n\n<blockquote class=\"wp-block-quote is-layout-flow wp-block-quote-is-layout-flow\"><p>Deshalb mu\u00df die Zivilisation die Barbarei besiegen, ohne Umschweife, Entschuldigungen oder Mitleid, nicht nur um zu gewinnen, sondern auch um ihre eigene Seele wiederzubeleben. Verhandlungen und Kriegsgesetze sind f\u00fcr die gleichrangige Zivilisation. Die Barbaren bieten nichts an und sind daher nichts schuldig. Sie halten keine Vereinbarungen ein, au\u00dfer wenn es ihnen pa\u00dft. Ihr Wort ist wertlos und ihre Moral ist nicht existent.  Eine Zivilisation, die all dies nicht versteht, wird es auf die harte Tour lernen.  Zivilisationen &#8230;<\/p><\/blockquote>\n\n\n\n<p>oder <\/p>\n\n\n\n<blockquote class=\"wp-block-quote is-layout-flow wp-block-quote-is-layout-flow\"><p>Es darf hier nichts mehr relativiert oder verglichen werden. Fertig! Und JEDE Reaktion der Israelis auf diese Taten der Hamas ist legitim!<\/p><\/blockquote>\n\n\n\n<p>Doch angesichts der fr\u00fcheren Erfahrungen: war das die Pal\u00e4stinenserbev\u00f6lkerung von Ghaza insgesamt, deren Ausrottung man nun ungehindert fordern darf (viele Medienberichte laufen mehr oder weniger darauf hinaus)? War das die Hamas insgesamt? Oder waren das wieder Einzelne, die im Dienst von wem auch immer dort operierten. Und gilt die Brutalit\u00e4t der Vergeltung insgesamt f\u00fcr alle Israelis? Oder die Zahal insgesamt? Oder kochen auch da wieder Einzelne eine Suppe f\u00fcr andere? \u00b2\u207e \u00b3\u207e \u2074\u207e<\/p>\n\n\n\n<hr class=\"wp-block-separator\"\/>\n\n\n\n<p>P.S.: Inzwischen ist heraus gekommen, dass das Massaker mutma\u00dflich frei erfunden ist.<\/p>\n\n\n\n<figure class=\"wp-block-image size-large\"><img loading=\"lazy\" decoding=\"async\" width=\"1024\" height=\"315\" src=\"https:\/\/gilbertbrands.de\/blog\/wp-content\/uploads\/2023\/10\/grafik-15-1024x315.png\" alt=\"\" class=\"wp-image-9709\" srcset=\"https:\/\/gilbertbrands.de\/blog\/wp-content\/uploads\/2023\/10\/grafik-15-1024x315.png 1024w, https:\/\/gilbertbrands.de\/blog\/wp-content\/uploads\/2023\/10\/grafik-15-300x92.png 300w, https:\/\/gilbertbrands.de\/blog\/wp-content\/uploads\/2023\/10\/grafik-15-768x236.png 768w, https:\/\/gilbertbrands.de\/blog\/wp-content\/uploads\/2023\/10\/grafik-15.png 1120w\" sizes=\"auto, (max-width: 1024px) 100vw, 1024px\" \/><figcaption><a href=\"https:\/\/rtde.site\/der-nahe-osten\/183343-israelische-armee-kann-berichte-ueber\/\" target=\"_blank\" rel=\"noreferrer noopener\" aria-label=\" (\u00f6ffnet in neuem Tab)\">https:\/\/rtde.site\/der-nahe-osten\/183343-israelische-armee-kann-berichte-ueber\/<\/a><\/figcaption><\/figure>\n\n\n\n<p>Beim Nachhaken einer t\u00fcrkischen Nachrichtenagentur konnte die israelische Armee die Nachrichten nicht best\u00e4tigen. Authentisch ist daf\u00fcr diese Nachricht \u00fcber israelische Fundis:<\/p>\n\n\n\n<p><a href=\"https:\/\/t.me\/Gemeinheiten_und_Beobachtungen\/3729\">https:\/\/t.me\/Gemeinheiten_und_Beobachtungen\/3729<\/a><\/p>\n\n\n\n<p>Fundis, denn nicht alle Israelis denken in solchen Schemata, zumal viele Israelis selbst Araber sind.<\/p>\n\n\n\n<hr class=\"wp-block-separator\"\/>\n\n\n\n<p class=\"has-small-font-size\">\u00b9\u207e Die entsch\u00e4rfte Granate gibt zu fr\u00fch los. Die v\u00f6llig ungebildeten schwarzen GIs konnten die Europ\u00e4er nicht auseinander halten und gingen bereits auf die franz\u00f6sische Zivilgesellschaft los. Vielerorts drohte die Stimmung zugunsten der Deutschen wieder zu kippen, so dass sich Eisenhower gezwungen sah, ein Dutzend seiner eigenen Soldaten zur Abschreckung der anderen medienwirksam \u00f6ffentlich h\u00e4ngen zu lassen.<\/p>\n\n\n\n<p class=\"has-small-font-size\">\u00b2\u207e Es sei daran erinnert, dass vor dem Krieg Netanyahu mit einem Bein im Knast stand. Je brutaler das abgeht, desto besser f\u00fcr ihn. Und f\u00fcr Biden sieht es in Sachen Ukraine nicht besser aus. Auch f\u00fcr den kommt die Ablenkung gerade zum richtigen Zeitpunkt. Je brutaler, desto besser. <\/p>\n\n\n\n<p class=\"has-small-font-size\">\u00b3\u207e Nach neuesten Meldungen ist die Deutsch-Israelin, die brutal get\u00f6tet und deren Foto zum Anheizen der Meinungen verwendet wurde, immer noch lebendig und im Ghaza-Streifen in einem Krankenhaus. Anscheinend haben sie die Hamas-Leute ins Krankenhaus gekarrt statt sie zu massakrieren. Passt irgendwie nicht ins Bild, oder?<\/p>\n\n\n\n<p class=\"has-small-font-size\">\u2074\u207e Um noch eins drauf zu setzen: die Au\u00dfenminister von Russland und dem Iran rufen gemeinsam zur Besinnung und M\u00e4\u00dfigung auf. Kommt einem inzwischen irgendwie bekannt vor, auch, dass im Westen niemand an friedlichen L\u00f6sungen interessiert ist.<\/p>\n","protected":false},"excerpt":{"rendered":"<p>Die Lage im S\u00fcden Israels und im Ghaza-Streifen scheint wirklich \u00fcbel zu sein. Die Hamas scheint in vielen St\u00e4dten so gehaust zu haben, wie die Rote Armee zum Ende des 2. WK in Nemmersdorf. Download Artikel als PDF<\/p>\n","protected":false},"author":1,"featured_media":0,"comment_status":"closed","ping_status":"closed","sticky":false,"template":"","format":"standard","meta":{"footnotes":""},"categories":[1],"tags":[],"class_list":["post-9704","post","type-post","status-publish","format-standard","hentry","category-allgemein"],"post_mailing_queue_ids":[],"_links":{"self":[{"href":"https:\/\/gilbertbrands.de\/blog\/wp-json\/wp\/v2\/posts\/9704","targetHints":{"allow":["GET"]}}],"collection":[{"href":"https:\/\/gilbertbrands.de\/blog\/wp-json\/wp\/v2\/posts"}],"about":[{"href":"https:\/\/gilbertbrands.de\/blog\/wp-json\/wp\/v2\/types\/post"}],"author":[{"embeddable":true,"href":"https:\/\/gilbertbrands.de\/blog\/wp-json\/wp\/v2\/users\/1"}],"replies":[{"embeddable":true,"href":"https:\/\/gilbertbrands.de\/blog\/wp-json\/wp\/v2\/comments?post=9704"}],"version-history":[{"count":2,"href":"https:\/\/gilbertbrands.de\/blog\/wp-json\/wp\/v2\/posts\/9704\/revisions"}],"predecessor-version":[{"id":9710,"href":"https:\/\/gilbertbrands.de\/blog\/wp-json\/wp\/v2\/posts\/9704\/revisions\/9710"}],"wp:attachment":[{"href":"https:\/\/gilbertbrands.de\/blog\/wp-json\/wp\/v2\/media?parent=9704"}],"wp:term":[{"taxonomy":"category","embeddable":true,"href":"https:\/\/gilbertbrands.de\/blog\/wp-json\/wp\/v2\/categories?post=9704"},{"taxonomy":"post_tag","embeddable":true,"href":"https:\/\/gilbertbrands.de\/blog\/wp-json\/wp\/v2\/tags?post=9704"}],"curies":[{"name":"wp","href":"https:\/\/api.w.org\/{rel}","templated":true}]}}