{"id":9670,"date":"2023-10-08T16:42:00","date_gmt":"2023-10-08T14:42:00","guid":{"rendered":"https:\/\/gilbertbrands.de\/blog\/?p=9670"},"modified":"2023-10-05T09:10:51","modified_gmt":"2023-10-05T07:10:51","slug":"wo-bleiben-die-todeskommandos","status":"publish","type":"post","link":"https:\/\/gilbertbrands.de\/blog\/2023\/10\/08\/wo-bleiben-die-todeskommandos\/","title":{"rendered":"Wo bleiben die Todeskommandos?"},"content":{"rendered":"\n<p>Die Sache mit dem AfD-Verbot l\u00e4uft nicht so richtig und hat nur dazu gef\u00fchrt, dass die AfD \u00fcber den einzigen staatlich gepr\u00fcften Demokraten in diesem Staat verf\u00fcgt. Auch auf Kundgebungen bei Wahlen h\u00e4ufen sich die Buhrufe f\u00fcr die etablierten Parteien. <\/p>\n\n\n\n<!--more-->\n\n\n\n<p>Wenn die Not zu gro\u00df wird, greift man eben zur Gewalt. Eine ganze Reihe von AfD-Politikern wurden in den letzten Jahren schon Opfer von Pr\u00fcgelattacken, ohne dass sich die Journaille bem\u00fc\u00dfigt gef\u00fchlt h\u00e4tte, dar\u00fcber zu berichten. Auch Kontenk\u00fcndigungen von und andere wirtschaftliche Vernichtungsversuche an AfD-Politikern sind kein Berichtgrund, wohl aber, wenn jemand Ricarda Lang &#8222;dick&#8220; nennt.<\/p>\n\n\n\n<p>Da alles nichts n\u00fctzt, greift man von brauner Seite nun anscheinend zu h\u00e4rterer Gewalt: die beiden Bundestags-Aush\u00e4ngeschilder der AfD sind anscheinend offiziell zum Abschuss freigegeben worden:<\/p>\n\n\n\n<figure class=\"wp-block-image size-large\"><img loading=\"lazy\" decoding=\"async\" width=\"352\" height=\"225\" src=\"https:\/\/gilbertbrands.de\/blog\/wp-content\/uploads\/2023\/10\/grafik-5.png\" alt=\"\" class=\"wp-image-9671\" srcset=\"https:\/\/gilbertbrands.de\/blog\/wp-content\/uploads\/2023\/10\/grafik-5.png 352w, https:\/\/gilbertbrands.de\/blog\/wp-content\/uploads\/2023\/10\/grafik-5-300x192.png 300w\" sizes=\"auto, (max-width: 352px) 100vw, 352px\" \/><figcaption><a href=\"https:\/\/reitschuster.de\/post\/afd-uebergriffe-auf-chrupalla-parteichef-im-krankenhaus\/\" target=\"_blank\" rel=\"noreferrer noopener\" aria-label=\" (\u00f6ffnet in neuem Tab)\">https:\/\/reitschuster.de\/post\/afd-uebergriffe-auf-chrupalla-parteichef-im-krankenhaus\/<\/a><\/figcaption><\/figure>\n\n\n\n<p>Dieser Aufruf stammt vom Leiter*? des WDR-Studios Essen, <a rel=\"noreferrer noopener\" aria-label=\"Georgine Kellermann (\u00f6ffnet in neuem Tab)\" href=\"https:\/\/de.wikipedia.org\/wiki\/Georgine_Kellermann\" target=\"_blank\">Georgine Kellermann<\/a> und darf ruhig als offener Aufruf zur Gewalt im \u00d6RR verstanden werden. Mit Folgen: Alice Weidel muss samt Familie vom BKA in Sicherheit gebracht werden, was aber den Mainstream-Medien nur Hohn abringt (&#8222;die wollte ja nur auf Malle Urlaub machen&#8220;, so SPIEGEL &amp; Co.) und Tino Chrupalla ist Opfer eines mutma\u00dflichen Anschlags mit einer Chemiewaffe geworden, was ebenfalls keinen Bericht wert ist. <\/p>\n\n\n\n<p>Wenn man vergleicht, mit welchem Aufwand eine Rentnergang entlarvt wurde, die inzwischen in irgendwelchen Gef\u00e4ngnissen verfault, ohne dass es zu Prozessen kommt, ist schon erstaunlich, dass in Sachen Weidel keinerlei Zugriff erfolgte und auch im Fall Chrupalla die Polizei, die bei \u00e4hnlichen Giftanschl\u00e4gen fr\u00fcher schnell dabei war, russischen Agenten irgendetwas in die Schuhe zu schieben, au\u00dferordentlich schweigsam ist und die Verd\u00e4chtigen nach Aufnahme der Personalien gleich wieder laufen lie\u00df. Ohne viel die Fantasie bem\u00fchen zu m\u00fcssen riecht das danach, dass hier Profis am Werk sind und die Intensit\u00e4t, mit der die Sicherheitsbeh\u00f6rden in Deckung gehen, auch als Wink verstanden werden kann, wo diese Profis sitzen. L\u00e4sst die Causa Sch\u00f6nbohm gr\u00fc\u00dfen?<\/p>\n\n\n\n<p>Es ist charakteristisch f\u00fcr totalit\u00e4re Staaten, dass sich die Machthaber irgendwann nicht mehr mit l\u00e4stigen Gerichtsprozessen abgeben, sondern Leute von der Stra\u00dfe in den n\u00e4chsten dunklen Hauseingang gezerrt werden, Genickschuss und dann ab in eine Grube im Wald. Die Art und Weise, wie der Mainstream damit umgeht, lassen hinsichtlich des Weges, der bis dahin schon zur\u00fcck gelegt ist, \u00dcbles bef\u00fcrchten<\/p>\n","protected":false},"excerpt":{"rendered":"<p>Die Sache mit dem AfD-Verbot l\u00e4uft nicht so richtig und hat nur dazu gef\u00fchrt, dass die AfD \u00fcber den einzigen staatlich gepr\u00fcften Demokraten in diesem Staat verf\u00fcgt. Auch auf Kundgebungen bei Wahlen h\u00e4ufen sich die Buhrufe f\u00fcr die etablierten Parteien. Download Artikel als PDF<\/p>\n","protected":false},"author":1,"featured_media":0,"comment_status":"closed","ping_status":"closed","sticky":false,"template":"","format":"standard","meta":{"footnotes":""},"categories":[1],"tags":[],"class_list":["post-9670","post","type-post","status-publish","format-standard","hentry","category-allgemein"],"post_mailing_queue_ids":[],"_links":{"self":[{"href":"https:\/\/gilbertbrands.de\/blog\/wp-json\/wp\/v2\/posts\/9670","targetHints":{"allow":["GET"]}}],"collection":[{"href":"https:\/\/gilbertbrands.de\/blog\/wp-json\/wp\/v2\/posts"}],"about":[{"href":"https:\/\/gilbertbrands.de\/blog\/wp-json\/wp\/v2\/types\/post"}],"author":[{"embeddable":true,"href":"https:\/\/gilbertbrands.de\/blog\/wp-json\/wp\/v2\/users\/1"}],"replies":[{"embeddable":true,"href":"https:\/\/gilbertbrands.de\/blog\/wp-json\/wp\/v2\/comments?post=9670"}],"version-history":[{"count":1,"href":"https:\/\/gilbertbrands.de\/blog\/wp-json\/wp\/v2\/posts\/9670\/revisions"}],"predecessor-version":[{"id":9672,"href":"https:\/\/gilbertbrands.de\/blog\/wp-json\/wp\/v2\/posts\/9670\/revisions\/9672"}],"wp:attachment":[{"href":"https:\/\/gilbertbrands.de\/blog\/wp-json\/wp\/v2\/media?parent=9670"}],"wp:term":[{"taxonomy":"category","embeddable":true,"href":"https:\/\/gilbertbrands.de\/blog\/wp-json\/wp\/v2\/categories?post=9670"},{"taxonomy":"post_tag","embeddable":true,"href":"https:\/\/gilbertbrands.de\/blog\/wp-json\/wp\/v2\/tags?post=9670"}],"curies":[{"name":"wp","href":"https:\/\/api.w.org\/{rel}","templated":true}]}}