{"id":9655,"date":"2023-10-09T07:21:00","date_gmt":"2023-10-09T05:21:00","guid":{"rendered":"https:\/\/gilbertbrands.de\/blog\/?p=9655"},"modified":"2023-10-08T12:00:38","modified_gmt":"2023-10-08T10:00:38","slug":"antifaschisten-haende-weg-von-kindern","status":"publish","type":"post","link":"https:\/\/gilbertbrands.de\/blog\/2023\/10\/09\/antifaschisten-haende-weg-von-kindern\/","title":{"rendered":"(ANTI)FASCHISTEN, H\u00c4NDE WEG VON KINDERN!"},"content":{"rendered":"\n<p>\n<strong>oder:\nDie Instrumentalisierung von Kindern f\u00fcr Ideologien <\/strong>\n<\/p>\n\n\n\n<p>von Gastautor<\/p>\n\n\n\n<p>\n\u201e<em>Der\nneue Faschismus wird nicht sagen: Ich bin der Faschismus. Er  wird\nsagen: Ich bin der Antifaschismus.\u201c (Ignazio Silone)<\/em><\/p>\n\n\n\n<!--more-->\n\n\n\n<p>\n<em>&#8222;Statt\ndie \u00f6ffentliche Erziehung als Erweiterung der h\u00e4uslichen\naufzufassen, wird sie zur wesentlichen. Und das Endziel ist sichtbar:\n<\/em>\n<\/p>\n\n\n\n<p>\n<em>die\nKinder den Eltern fortzunehmen und sie zu Kindern allein des Ganzen\nzu machen.&#8220; (Karl Jaspers) <\/em>\n<\/p>\n\n\n\n<p>\n<em><strong>Ad\nfontes<\/strong><\/em><\/p>\n\n\n\n<p>Die\nForderung <em>Zur\u00fcck-zu-den-Quellen,<\/em>\neine\nun\u00fcberholbare Voraussetzung f\u00fcr robuste Erkenntnis, beruht auf dem\nGedanken, dass man Quellenarbeit betreiben m\u00fcsse, um Weltbilder\nverstehen und beurteilen zu k\u00f6nnen. Angesichts der gegenw\u00e4rtig\ngeradezu evidenten Geschichtsvergessenheit politischer Narrative  ist\nes erkenntnisf\u00f6rdernd, zur Beurteilung des linksgr\u00fcn ausgerichteten\nKulturanspruchs dessen geistige Wurzeln aufzusp\u00fcren.<\/p>\n\n\n\n<p>\n<strong>Die\nEroberung der Herzen<\/strong><\/p>\n\n\n\n<p>\nMenschen\ngewinnt man, das ist banal, weniger mit Appell an den Verstand, als\nmit sentimentaler Gef\u00fchlsaktivierung. Kinder sind hierzu der ideale\nTrigger f\u00fcr gro\u00dfe Gef\u00fchle. Wer vorgibt, eine Herz f\u00fcr Kinder zu\nhaben, gewinnt schnell die Herzen derer, die f\u00fcr das Erreichen\neigener Ziele &#8211; und seien sie noch so kinderfeindlich &#8211; ben\u00f6tigt\nwerden. \n<\/p>\n\n\n\n<p>\n<strong>Politik\nund Kinder (1) <\/strong>\n<\/p>\n\n\n\n<p>\nHitler\nwusste das. Er t\u00e4tschelte gerne Kinder vor der Kamera, verlieh\nkinderreichen M\u00fcttern ein Mutterkreuz + F\u00fchrers Zweitpatenschaft,\nund selbst das letzte Aufgebot an Rekrutierung von\nKinder-Kanonenfutter, so die bekannten filmischen Zeugnisse, zeigen\neinen scheinbar liebevollen Wangenklaps des Ver-F\u00fchrers f\u00fcr die\nKinder, die uniformiert in den Tod aufs Schlachtfeld getrieben\nwurden.<\/p>\n\n\n\n<p>\n<strong>Politik\nund Kinder (2) <\/strong>\n<\/p>\n\n\n\n<p>\nWenn\nder sp\u00e4ter zum Bundeskanzler avancierte Olaf Scholz einst von der\nanzustrebenden&nbsp; \u201eHoheit \u00fcber die Kinderbetten\u201c\nbramarbasierte, so w\u00fcrde er heute wohl, in vergesslicher\nScholz-Manier,&nbsp;verneinen, dass derlei \u00fcbergriffige&nbsp;\nGedanken Diktaturen entnommen sind. Ein Blick auf fotografisches\nMaterial aktueller&nbsp; Gro\u00dfveranstaltungen au\u00dfereurop\u00e4ischer,\npolitischer Gleichschaltungs-Zeremonien gen\u00fcgt freilich, um\n\u00fcbergriffige Kinderbetreuung totalit\u00e4rer Regime zu belegen.&nbsp;<\/p>\n\n\n\n<p><strong>Politik\nund Kinder (3) <\/strong>\n<\/p>\n\n\n\n<p>\nAber\ndie Reise braucht nicht soweit zu gehen. Wie ach so schrecklich-sch\u00f6n\nanzusehen, weil&nbsp; gleichgeschaltet,&nbsp; waren die FDJler, wenn\nsie wie eine riesige Schar von Ministranten aufmarschierten, um vor\nUlbricht bis hin zu Honecker zu demonstrieren, dass den Sozialismus\nin seinem Lauf weder  Ochs noch Esel aufhalten.<\/p>\n\n\n\n<p>\n<strong>Politik\nund Kinder (4) <\/strong>\n<\/p>\n\n\n\n<p> <em>2 Wahlen, 2 Plakate&nbsp;&#8211; 1 Botschaft<\/em>  \u00b9\u207e<\/p>\n\n\n\n<p>\nEin\nWahlplakat aus der NS-Zeit zeigt, entsprechend pc-korrektem\nKunstverst\u00e4ndnis des Gigantismus der Zeit, eine viril aussehende\nMutter, deren Sohn sie anfleht: \u201eMutter denk an uns! W\u00e4hl Hitler!\u201c<\/p>\n\n\n\n<p>\nEin\nWahlplakat der Gr\u00fcnen von 2023 zeigt vier Kinder, vermutlich im\nGrundschulalter, die flehen: \u201eOma, Opa, Mama, Papa, bitte w\u00e4hl f\u00fcr\nmich!\u201c In der Ecke des Bildes (KI-gemacht, oder\nwirkliche,menschliche Personen?) ein Button mit der Aufschrift \u201eAlle\nStimmen Gr\u00fcn\u201c. \n<\/p>\n\n\n\n<p> Der Schulterschluss mit der Vergangenheit ist vollzogen.<\/p>\n\n\n\n<p>\n<strong>Bezahlfernsehen\nund Kinder <\/strong>\n<\/p>\n\n\n\n<p>\nDie\nRechfertigung der \u00f6ffentlich-rechtlichen Medien  f\u00fcr gegrapschte\nGeb\u00fchren-Milliarden (unter Androhung von Gef\u00e4ngnis oder\nGerichtsvollzieher) lautet <em>Sicherung der Demokratie<\/em> oder so\n\u00e4hnliches, pomp\u00f6ses Ged\u00f6ns. Jedenfalls irgendwas mit\n<em>Nachhaltigkeit.<\/em> \n<\/p>\n\n\n\n<p>\nDas\nZDF leiste hierbei einen wertvollen Dienst. Angeblich. Es geht\nfreilich um <em>Nachhaltigkeit <\/em>der Indoktrination (noch)\nfr\u00fchkindlicher  Kunden, denen man mit \u201ekindgem\u00e4\u00dfen\u201c Programmen\nrechtzeitig das F\u00fcrchten beibringt bzw. mit Furcht und Schrecken auf\nunterhaltsam-schreckliche Weise das zuk\u00fcnftig selbstst\u00e4ndige Denken\naustreibt. \n<\/p>\n\n\n\n<p>\nDie\nSchweizer Zeitung DIE WELTWOCHE (7.10.23)  stellt hierzu das Programm\n \u201eEarth Game\u201c auf den Kinderkan\u00e4len tivi und KIKA sowie die\ndahinterstehende (Un-)Philosophie vor. \u201eJeweils vier Jugendliche\ntreten vor riesigen Screens an, um in Aktions-und Quizspielen \u00abdie\nWelt zu retten\u00bb. Denn sonst s\u00e4he die Zukunft, so dr\u00f6hnt es, sehr\nd\u00fcster aus.\u201c<\/p>\n\n\n\n<p>\nDer\nfinanzielle Aufwand zur Hirnverdrehung der Kleinen  spielt\noffensichtlich keine Rolle. \u201eVia 3D-Projektion werden verschmutzte\nSt\u00e4dte und verseuchte Fl\u00fcsse eingeblendet. F\u00fcr ein Team wurde das\nganze Studio unter Wasser gesetzt\u201c. Um d\u00fcstere Stimmung zu\nverbreiten, gibt es dazu einen \u201edauerschwarzen Himmel\u201c. Ein Junge\n( vermutlich mit  Migrationshintergrund)  namens Neo \u00fcbernimmt das\nKommando: \u201eUns gehen die letzten Reserven aus!\u201c und \u00abIhr m\u00fcsst\nmehr Wasser sparen.\u00bb dr\u00f6hnt seine Stimme. Ignoranz und L\u00fcge haben\ndas Sagen in der Sendung: \u201eDass es beispielsweise Wasserkreisl\u00e4ufe\ngibt, wird ganz ausgeblendet; stattdessen wird eingebl\u00e4ut, dass kein\nWasser mehr nachkommt, sobald es verbraucht ist. Moderatorin Jess\nstellt realit\u00e4tsfern fest, dreckiges Abwasser, das in Fl\u00fcsse\neingelassen wird, sei Folge des Klimawandels.\u201c  \n<\/p>\n\n\n\n<p>\nAber\nauch Rettung ist in Sicht. Die Hirnw\u00e4sche l\u00e4sst zum Gl\u00fcck die\nKleinen nicht verzweifeln. Sie sollen wissen, sie k\u00f6nnen etwas tun. \nDas  \u201eTragen von Second-Hand-Klamotten und Verzicht auf\nMikroplastik\u201c helfe, so lernen die kleinen Dummies (unter Beigabe\nvon falschen \u201eFakten\u201c),  \u201edie  schlimmste Katastrophe\u201c\nabzuwenden. \n<\/p>\n\n\n\n<p> Ein Blick zur\u00fcck. H\u00f6llenstrafe gab es fr\u00fcher nach einer Tods\u00fcnde, wenn man mit ihr im Gewissen verstarb. Reue und Umkehr waren die einzige M\u00f6glichkeit, ihr zu entkommen. Und heute? Aus Religion wurde Klima- und Umweltpolitik.Aus ewiger H\u00f6lle wurde Planetentod. Das Ganze versteht sich als Beitrag zur gro\u00dfen Transformation.  <\/p>\n\n\n\n<p>\n<strong>Politik\nund Kinder (5)<\/strong><\/p>\n\n\n\n<p>\n&#8222;Sechs\njunge Menschen aus Portugal verklagen 32 europ\u00e4ische Staaten vor dem\nEurop\u00e4ischen Gerichtshof f\u00fcr Menschenrechte, darunter auch\nDeutschland.Sie bem\u00e4ngeln, dass diese mehr f\u00fcr den Klimaschutz tun\nm\u00fcssten.&#8220; ( ZDF 26.09.2023)<\/p>\n\n\n\n<p>\nDen\nkindlichen Opfern der Vernichtungspolitik Hitlers wurde gesagt, die\nBedrohung, der sie sich als Soldaten unter Einsatz ihres Lebens\nentgegensetzen m\u00fcssten, komme von dem Feind von au\u00dfen, den man f\u00fcr\neine glorreiche Zukunft Deutschlands besiegen m\u00fcsse.<\/p>\n\n\n\n<p>\nNun\nist  der vorgebliche Feind die Generation der Alten, die V\u00e4ter und\nM\u00fctter, die Opas und Omas (letztere schon mal als \u201eUmwelts\u00e4ue\u201c\nin einem \u00f6ffentlich-rechtlichen Kinderlied besungen). Sie seien nur\nfassbar in den von ihnen gew\u00e4hlten Regierungen, die man verklagen\nm\u00fcsse, um das Schlimmste f\u00fcr den Planeten Erde zu verhindern. &nbsp;<\/p>\n\n\n\n<p>\n<strong>Gretchenfrage\nan die \u201eAntifaschisten\u201c<\/strong><\/p>\n\n\n\n<p>\nWie\nkonnte es zu dieser monstr\u00f6sen Anschuldigung kommen? Ist dieser\njuristische Vorsto\u00df Resultat eigener, gr\u00fcndlicher, kompetenter\nAnalysen der Klimaproblematik seitens der kindlichen Kl\u00e4ger? \n<\/p>\n\n\n\n<p>\nNein.\nDie Anklage europ\u00e4ischer Industriestaaten ist in Wirklichkeit ein\nvon Vertretern linksgr\u00fcner Ideologie angeheizter Gro\u00dfangriff gegen\ndie Menschen in genau den angeklagten L\u00e4ndern, die es den jungen,\nunfertig entwickelten  Ankl\u00e4gern erm\u00f6glicht haben, in beh\u00fctetem&nbsp;\nWohlstand aufzuwachsen. Sie sind angestachelt\nvon Ideologen, die nicht davor zur\u00fcckscheuen, Kinder skrupellos f\u00fcr\nihre Agenda zu instrumentalisieren. Deren Unf\u00e4higkeit, den\ndestruktiven Plan zu erkennen, kommt den Panikmachern zupass, denn \ndie Verf\u00fchrten (sollen) glauben, f\u00fcr eine gute Sache zu k\u00e4mpfen.\nIn Wahrheit sind sie jedoch nur Statisten eines f\u00fcr sie\nundurchschaubaren Dramas der Irref\u00fchrung, hin zu einer <em>\ntats\u00e4chlichen <\/em>\nZerst\u00f6rung ihrer Zukunft. \n\n<\/p>\n\n\n\n<hr class=\"wp-block-separator\"\/>\n\n\n\n<p class=\"has-small-font-size\">\u00b9\u207e Anmerkung der Redaktion: nach \u00fcblen Erfahrungen mit Bildern in Beitr\u00e4gen hier anstelle der vom Autor mitgelieferten Beispiele ein paar Ergebnisse in Suchmaschinen, die zeigen, dass das Ph\u00e4nomen noch weiter verbreitet ist als vermutlich wahrgenommen.<\/p>\n\n\n\n<figure class=\"wp-block-image size-large\"><img loading=\"lazy\" decoding=\"async\" width=\"1024\" height=\"598\" src=\"https:\/\/gilbertbrands.de\/blog\/wp-content\/uploads\/2023\/10\/grafik-2-1024x598.png\" alt=\"\" class=\"wp-image-9656\" srcset=\"https:\/\/gilbertbrands.de\/blog\/wp-content\/uploads\/2023\/10\/grafik-2-1024x598.png 1024w, https:\/\/gilbertbrands.de\/blog\/wp-content\/uploads\/2023\/10\/grafik-2-300x175.png 300w, https:\/\/gilbertbrands.de\/blog\/wp-content\/uploads\/2023\/10\/grafik-2-768x448.png 768w, https:\/\/gilbertbrands.de\/blog\/wp-content\/uploads\/2023\/10\/grafik-2.png 1225w\" sizes=\"auto, (max-width: 1024px) 100vw, 1024px\" \/><figcaption><a href=\"https:\/\/www.google.com\/search?q=wahlplakat+mutter+denk+an+uns&amp;tbm=isch&amp;ved=2ahUKEwjj6tu5rNmBAxWb_rsIHXRDCJUQ2-cCegQIABAA&amp;oq=wahlplakat+mutter+denk+an+uns&amp;gs_lcp=CgNpbWcQAzIHCAAQGBCABFCDEliBIGDVLWgAcAB4AIABe4gBsQSSAQM3LjGYAQCgAQGqAQtnd3Mtd2l6LWltZ8ABAQ&amp;sclient=img&amp;ei=n8EbZaOfKpv97_UP9IahqAk&amp;bih=1044&amp;biw=2104&amp;client=firefox-b-d\" target=\"_blank\" rel=\"noreferrer noopener\" aria-label=\" (\u00f6ffnet in neuem Tab)\">https:\/\/www.google.com\/search?q=wahlplakat+mutter+denk+an+uns&amp;tbm=isch&amp;ved=2ahUKEwjj6tu5rNmBAxWb_rsIHXRDCJUQ2-cCegQIABAA&amp;oq=wahlplakat+mutter+denk+an+uns&amp;gs_lcp=CgNpbWcQAzIHCAAQGBCABFCDEliBIGDVLWgAcAB4AIABe4gBsQSSAQM3LjGYAQCgAQGqAQtnd3Mtd2l6LWltZ8ABAQ&amp;sclient=img&amp;ei=n8EbZaOfKpv97_UP9IahqAk&amp;bih=1044&amp;biw=2104&amp;client=firefox-b-d<\/a><\/figcaption><\/figure>\n\n\n\n<figure class=\"wp-block-image size-large\"><img loading=\"lazy\" decoding=\"async\" width=\"1024\" height=\"593\" src=\"https:\/\/gilbertbrands.de\/blog\/wp-content\/uploads\/2023\/10\/grafik-3-1024x593.png\" alt=\"\" class=\"wp-image-9657\" srcset=\"https:\/\/gilbertbrands.de\/blog\/wp-content\/uploads\/2023\/10\/grafik-3-1024x593.png 1024w, https:\/\/gilbertbrands.de\/blog\/wp-content\/uploads\/2023\/10\/grafik-3-300x174.png 300w, https:\/\/gilbertbrands.de\/blog\/wp-content\/uploads\/2023\/10\/grafik-3-768x445.png 768w, https:\/\/gilbertbrands.de\/blog\/wp-content\/uploads\/2023\/10\/grafik-3.png 1238w\" sizes=\"auto, (max-width: 1024px) 100vw, 1024px\" \/><figcaption><a href=\"https:\/\/www.google.com\/search?client=firefox-b-d&amp;sca_esv=570269325&amp;q=wahlplakate+mit+kindern&amp;tbm=isch&amp;source=lnms&amp;sa=X&amp;ved=2ahUKEwihmZXmrNmBAxUUVPEDHXd8CtkQ0pQJegQIDBAB&amp;biw=2104&amp;bih=1044&amp;dpr=0.9\" target=\"_blank\" rel=\"noreferrer noopener\" aria-label=\" (\u00f6ffnet in neuem Tab)\">https:\/\/www.google.com\/search?client=firefox-b-d&amp;sca_esv=570269325&amp;q=wahlplakate+mit+kindern&amp;tbm=isch&amp;source=lnms&amp;sa=X&amp;ved=2ahUKEwihmZXmrNmBAxUUVPEDHXd8CtkQ0pQJegQIDBAB&amp;biw=2104&amp;bih=1044&amp;dpr=0.9<\/a><\/figcaption><\/figure>\n\n\n\n<p class=\"has-small-font-size\"><\/p>\n","protected":false},"excerpt":{"rendered":"<p>oder: Die Instrumentalisierung von Kindern f\u00fcr Ideologien von Gastautor \u201eDer neue Faschismus wird nicht sagen: Ich bin der Faschismus. Er wird sagen: Ich bin der Antifaschismus.\u201c (Ignazio Silone) Download Artikel als PDF<\/p>\n","protected":false},"author":1,"featured_media":0,"comment_status":"closed","ping_status":"closed","sticky":false,"template":"","format":"standard","meta":{"footnotes":""},"categories":[1],"tags":[],"class_list":["post-9655","post","type-post","status-publish","format-standard","hentry","category-allgemein"],"post_mailing_queue_ids":[],"_links":{"self":[{"href":"https:\/\/gilbertbrands.de\/blog\/wp-json\/wp\/v2\/posts\/9655","targetHints":{"allow":["GET"]}}],"collection":[{"href":"https:\/\/gilbertbrands.de\/blog\/wp-json\/wp\/v2\/posts"}],"about":[{"href":"https:\/\/gilbertbrands.de\/blog\/wp-json\/wp\/v2\/types\/post"}],"author":[{"embeddable":true,"href":"https:\/\/gilbertbrands.de\/blog\/wp-json\/wp\/v2\/users\/1"}],"replies":[{"embeddable":true,"href":"https:\/\/gilbertbrands.de\/blog\/wp-json\/wp\/v2\/comments?post=9655"}],"version-history":[{"count":3,"href":"https:\/\/gilbertbrands.de\/blog\/wp-json\/wp\/v2\/posts\/9655\/revisions"}],"predecessor-version":[{"id":9685,"href":"https:\/\/gilbertbrands.de\/blog\/wp-json\/wp\/v2\/posts\/9655\/revisions\/9685"}],"wp:attachment":[{"href":"https:\/\/gilbertbrands.de\/blog\/wp-json\/wp\/v2\/media?parent=9655"}],"wp:term":[{"taxonomy":"category","embeddable":true,"href":"https:\/\/gilbertbrands.de\/blog\/wp-json\/wp\/v2\/categories?post=9655"},{"taxonomy":"post_tag","embeddable":true,"href":"https:\/\/gilbertbrands.de\/blog\/wp-json\/wp\/v2\/tags?post=9655"}],"curies":[{"name":"wp","href":"https:\/\/api.w.org\/{rel}","templated":true}]}}