{"id":9618,"date":"2023-10-04T07:25:00","date_gmt":"2023-10-04T05:25:00","guid":{"rendered":"https:\/\/gilbertbrands.de\/blog\/?p=9618"},"modified":"2023-09-28T09:23:27","modified_gmt":"2023-09-28T07:23:27","slug":"gedanken-zum-ukrainischen-regime","status":"publish","type":"post","link":"https:\/\/gilbertbrands.de\/blog\/2023\/10\/04\/gedanken-zum-ukrainischen-regime\/","title":{"rendered":"Gedanken zum ukrainischen Regime"},"content":{"rendered":"\n<p>NS-Abzeichen auf Uniformen (auch einer, die Selenski selbst trug) und Panzern, Bezeichnung der Russen als Untermenschen, die vernichtet werden m\u00fcssen, und weitere Symbolik und Theatralik lassen wohl kaum noch einen Zweifel daran, es mit einem durch und durch faschistischen Regime \u00fcbelster Art zu tun zu haben. Und der Eklat im kanadischen Parlament durch die Ehrung eines 98-J\u00e4hrigen SS-Angeh\u00f6rigen, der seine Parolen dort zum Besten geben konnte und der selbst einigen der hartn\u00e4ckigsten Russenfeinden wie Polen zu viel war, zeigt, dass das Nazi-Erbe weiter verbreitet ist als bef\u00fcrchtet und hier im Land ROT+GR\u00dcN=BRAUN eine Tatsache ist.<\/p>\n\n\n\n<!--more-->\n\n\n\n<p>Man kann die Sache auch noch von einer anderen Seite aus betrachten. Wenn die Menschheit mit etwas Erfahrung hat, dann mit Kriegen. Und wenn man die ein wenig analysiert, kann man zwei Kategorien finden:<\/p>\n\n\n\n<ul class=\"wp-block-list\"><li>Solche, die von Staaten mit anderen Staaten angezettelt wurden und die sich dadurch auszeichnen, dass unabh\u00e4ngig vom Ergebnis s\u00e4mtliche Ressourcen &#8211; Menschen und Material &#8211; vom kriegsf\u00fchrenden Staat gestellt wurden. <\/li><li>Solche, die von lokalen Warlords ausgef\u00fchrt wurden, die bez\u00fcglich des Materials von ausl\u00e4ndischen Interessen abh\u00e4ngig waren und ihre Soldaten meist zwangsrekrutierten.<\/li><\/ul>\n\n\n\n<p>Die Ukraine &#8211; und selbst die deutsche L\u00fcgenlandschaft verbreitet nichts anderes &#8211; wird seit langem auf einen Krieg mit Russland vorbereitet. Vermutlich schon seit den sp\u00e4ten 1990er Jahren. Mit welchem Ergebnis? Waffentechnisch reicht es anscheinend gerade zur Herstellung von Messern, denn s\u00e4mtliches Kriegsger\u00e4t muss von den Nato-Staaten eingef\u00fchrt werden. Als gro\u00dfe Teilrepublik der Sowjetunion d\u00fcrfte die Ukraine auch \u00fcber Fabriken f\u00fcr Kriegsmaterial verf\u00fcgt haben. Wo sind die? Zumindest nicht in Betrieb.<\/p>\n\n\n\n<p>Auch personaltechnisch \u00e4hnelt die Ukraine mehr dem Warlord-System, sind doch gut dokumentiert und von kritischen Nato-Staaten wie Ungarn auch offiziell kritisiert Zwangsrekrutierungen an der Tagesordnung, oft von Nicht-Ukrainern im Multi-Ethnien-Land Ukraine. <\/p>\n\n\n\n<p>Etwas drastisch formuliert (SATIRE! SATIRE! SATIRE!) kann man die Bezeichnung Nazi-Staat f\u00fcr die Ukraine als Beleidigung empfinden &#8211; f\u00fcr das Original, denn au\u00dfer der etwa gleich gro\u00dfen Fresse hat die Ukraine keine der Leistungen des Originals vorzuweisen, die man schlie\u00dflich auch dann nicht wegdiskutieren kann, wenn man ihre Zielsetzung und ihre Ergebnisse aufs Sch\u00e4rfste verdammt.<\/p>\n\n\n\n<p>Warlord-Systeme haben obendrein oft die Eigenschaft, dass die finanzierenden Interessenten auch verdeckt pers\u00f6nlich involviert sind, und zwar zwangsweise, je gr\u00f6\u00dfer der Warlord ist. Warlord Selenski braucht, wie gesagt, alles, was das Problem mit sich bringt, dass seine Leute au\u00dfer vielleicht dem im Land hergestellten Messer die fremde Kriegstechnik nicht bedienen k\u00f6nnen. Seien wir mal realistisch: hochmoderne integrierte Waffensysteme wie Panzer oder Luftabwehrsysteme mit ukrainischer Mannschaft nach ein paar Monaten Grundausbildung in Deutschland an die Front zu schicken \u00e4hnelt in etwa einem F\u00fchrerscheinneuling, der nach 3 Monaten zum Formel-1-Rennen als Fahrer geschickt wird. Da braucht es schon den einen oder anderen Profi aus dem fremden Land.<\/p>\n\n\n\n<p>Und da sind wir an der Stelle, \u00fcber die neulich berichtet wurde: eine rein deutsche Panzerbesatzung an der Front. Belegt ist das bisher nicht, aber das kann verschiedene Ursachen haben, angefangen von einer medialen Ente bis hin zu einem Mittel der Erpressung der deutschen Regierung, das erst im richtigen Moment eingesetzt wird. Dokumentiert sind aber Soldaten in Bundeswehruniform im Hinterland (Ausbilder? Berater?), massenweise tote britische, polnische und US-amerikanische S\u00f6ldner (die nach Aussage von \u00dcberlebenden von den jeweiligen Regierungen angeworben oder ermuntert wurden), verwundete US-amerikanische S\u00f6ldner, die in US-Einrichtungen in Deutschland medizinisch behandelt werden, merkw\u00fcrdige &#8222;Unf\u00e4lle&#8220; von US-Offizieren, die tats\u00e4chlich so stattgefunden haben k\u00f6nne oder auch nicht &#8230;<\/p>\n\n\n\n<p>Bisher sehr gro\u00dfe Zur\u00fcckhaltung herrscht in Bezug auf die Forderung des Warlords nach F16-Kampfflugzeugen. Wohl nicht ohne Grund, denn abgesehen vom Preis k\u00f6nnten die nur mit Pilot ausgeliefert werden. Piloten sind auch in der Nato keine Massenware und vermutlich nicht bereit (Dienstgrad i.d.R. ab Hauptmann), ohne direkten Befehl und ohne Staffeldeckung in die Ostukraine zu fliegen, denn das w\u00fcrde zu einem Tontaubenschie\u00dfen f\u00fcr die Russen ausarten. Flugzeuge w\u00e4ren der tats\u00e4chliche Kriegseintritt der Nato-Staaten, vielleicht einmal abgesehen von ein paar veralteten Maschinen wie der franz\u00f6sischen Mirage, die Macron den Ukrainern zum Verschrotten \u00fcberlassen m\u00f6chte. <\/p>\n\n\n\n<p>Die geradezu kultische Unterst\u00fctzung der Ukraine, eines Warlord-Staates, der offensichtlich selbst nichts auf die Beine bringt, f\u00fchrt zu der Frage, ob die Medien morgen einen \u00e4hnlichen Propaganda-Aufstand veranstalten, wenn es darum geht, irgendeinen afrikanischen Unteroffizier, der sich zum Negerk\u00f6nig und Herrscher \u00fcber eine f\u00fcr die E-Mobilit\u00e4t wichtige Kobalt-Mine erkl\u00e4rt hat, zu f\u00f6rdern und zu unterst\u00fctzen.<\/p>\n","protected":false},"excerpt":{"rendered":"<p>NS-Abzeichen auf Uniformen (auch einer, die Selenski selbst trug) und Panzern, Bezeichnung der Russen als Untermenschen, die vernichtet werden m\u00fcssen, und weitere Symbolik und Theatralik lassen wohl kaum noch einen Zweifel daran, es mit einem durch und durch faschistischen Regime \u00fcbelster Art zu tun zu haben. Und der Eklat im kanadischen Parlament durch die Ehrung &hellip; <a href=\"https:\/\/gilbertbrands.de\/blog\/2023\/10\/04\/gedanken-zum-ukrainischen-regime\/\" class=\"more-link\"><span class=\"screen-reader-text\">Gedanken zum ukrainischen Regime<\/span> weiterlesen <span class=\"meta-nav\">&rarr;<\/span><\/a><\/p>\n","protected":false},"author":1,"featured_media":0,"comment_status":"closed","ping_status":"closed","sticky":false,"template":"","format":"standard","meta":{"footnotes":""},"categories":[1],"tags":[],"class_list":["post-9618","post","type-post","status-publish","format-standard","hentry","category-allgemein"],"post_mailing_queue_ids":[],"_links":{"self":[{"href":"https:\/\/gilbertbrands.de\/blog\/wp-json\/wp\/v2\/posts\/9618","targetHints":{"allow":["GET"]}}],"collection":[{"href":"https:\/\/gilbertbrands.de\/blog\/wp-json\/wp\/v2\/posts"}],"about":[{"href":"https:\/\/gilbertbrands.de\/blog\/wp-json\/wp\/v2\/types\/post"}],"author":[{"embeddable":true,"href":"https:\/\/gilbertbrands.de\/blog\/wp-json\/wp\/v2\/users\/1"}],"replies":[{"embeddable":true,"href":"https:\/\/gilbertbrands.de\/blog\/wp-json\/wp\/v2\/comments?post=9618"}],"version-history":[{"count":1,"href":"https:\/\/gilbertbrands.de\/blog\/wp-json\/wp\/v2\/posts\/9618\/revisions"}],"predecessor-version":[{"id":9619,"href":"https:\/\/gilbertbrands.de\/blog\/wp-json\/wp\/v2\/posts\/9618\/revisions\/9619"}],"wp:attachment":[{"href":"https:\/\/gilbertbrands.de\/blog\/wp-json\/wp\/v2\/media?parent=9618"}],"wp:term":[{"taxonomy":"category","embeddable":true,"href":"https:\/\/gilbertbrands.de\/blog\/wp-json\/wp\/v2\/categories?post=9618"},{"taxonomy":"post_tag","embeddable":true,"href":"https:\/\/gilbertbrands.de\/blog\/wp-json\/wp\/v2\/tags?post=9618"}],"curies":[{"name":"wp","href":"https:\/\/api.w.org\/{rel}","templated":true}]}}