{"id":9583,"date":"2023-09-27T06:55:00","date_gmt":"2023-09-27T04:55:00","guid":{"rendered":"https:\/\/gilbertbrands.de\/blog\/?p=9583"},"modified":"2023-09-23T09:53:53","modified_gmt":"2023-09-23T07:53:53","slug":"der-dr-joseph-goebbels-gedaechtnis-preis","status":"publish","type":"post","link":"https:\/\/gilbertbrands.de\/blog\/2023\/09\/27\/der-dr-joseph-goebbels-gedaechtnis-preis\/","title":{"rendered":"Der Dr.-Joseph-Goebbels-Ged\u00e4chtnis-Preis"},"content":{"rendered":"\n<p>f\u00fcr Hass-Propaganda geht in diesem Jahr an die Berliner Humboldt-Universit\u00e4t f\u00fcr ihre Ausstellung &#8222;Russian War Crimes&#8220;. <\/p>\n\n\n\n<!--more-->\n\n\n\n<figure class=\"wp-block-image size-large\"><img loading=\"lazy\" decoding=\"async\" width=\"1024\" height=\"310\" src=\"https:\/\/gilbertbrands.de\/blog\/wp-content\/uploads\/2023\/09\/grafik-14-1024x310.png\" alt=\"\" class=\"wp-image-9584\" srcset=\"https:\/\/gilbertbrands.de\/blog\/wp-content\/uploads\/2023\/09\/grafik-14-1024x310.png 1024w, https:\/\/gilbertbrands.de\/blog\/wp-content\/uploads\/2023\/09\/grafik-14-300x91.png 300w, https:\/\/gilbertbrands.de\/blog\/wp-content\/uploads\/2023\/09\/grafik-14-768x233.png 768w, https:\/\/gilbertbrands.de\/blog\/wp-content\/uploads\/2023\/09\/grafik-14.png 1125w\" sizes=\"auto, (max-width: 1024px) 100vw, 1024px\" \/><figcaption><a href=\"https:\/\/rtde.site\/inland\/181253-graeuelpropaganda-wie-zu-nazi-zeit\/\" target=\"_blank\" rel=\"noreferrer noopener\" aria-label=\" (\u00f6ffnet in neuem Tab)\">https:\/\/rtde.site\/inland\/181253-graeuelpropaganda-wie-zu-nazi-zeit\/<\/a><\/figcaption><\/figure>\n\n\n\n<p>Diese thematisiert nicht aufbereitete und nachgewiesene Kriegsverbrechen der Sowjets \u00e4hnlich der Thematisierung der NS-Verbrechen, sondern <\/p>\n\n\n\n<blockquote class=\"wp-block-quote is-layout-flow wp-block-quote-is-layout-flow\"><p>Opfer des Krieges in der Ukraine. Gezeigt werden trauernde Menschen, provisorische Gr\u00e4ber, Friedhofe, zerst\u00f6rte Wohnh\u00e4user und Infrastruktur. Auch Leichen und K\u00f6rperteile werden gezeigt. Au\u00dferdem werden auf einer riesigen Ukraine-Karte aktuelle Statistiken zu zivilen Verlusten je nach Gebiet aufgef\u00fchrt. Und in einem separaten Raum l\u00e4uft in Dauerschleife eine zehnmin\u00fctige Videocollage mit Hunderten wechselnder Bilder, die nur f\u00fcr Bruchteile einer Sekunde eingeblendet werden: Rauchs\u00e4ulen, Ruinen, Feuer, zerschossene Autos und grausam zugerichtete Leichen. An all diesen Gr\u00e4ueln sei allein Russland schuld, so der Begleittext. <\/p><\/blockquote>\n\n\n\n<p>Woher die Bilder stammen, wird in der Regel offen gelassen. Es k\u00f6nnen sich um ukrainische Opfer des Krieges, aber auch &#8222;russische&#8220; Opfer aufgrund des Beschusses der St\u00e4dte im besetzten Teil handeln, wobei die Ukraine daf\u00fcr auch die ge\u00e4chtete Streumunition einsetzt &#8211; gegen zivile Ziele des eigenen Landes, das sie &#8222;befreien&#8220; will. Auch nicht ausschliessbar, weil in anderen Bereichen auf einen Gro\u00dfteil der fotografischen &#8222;Beweise&#8220; zutreffend, ist, dass es sich gar nicht um Bilder aus dem Ukraine-Krieg handelt, sondern aus anderen Kriegen oder von Naturkatastrophen stammen. <\/p>\n\n\n\n<blockquote class=\"wp-block-quote is-layout-flow wp-block-quote-is-layout-flow\"><p><em>&#8222;Ihren absto\u00dfenden H\u00f6hepunkt findet die Ausstellung in einem Video,  das gro\u00dffl\u00e4chig an die Wand projiziert wird. Zehn Minuten lang werden  bis zu zehn Bilder pro Sekunde mit Leichen, zerst\u00f6rten Geb\u00e4uden und  anderen Kriegsfolgen abgespielt, die so kurz zu sehen sind, dass  keinerlei Raum daf\u00fcr besteht, sich mit dem Kontext zu besch\u00e4ftigen oder  auch nur das ganze Bild zu erfassen.&#8220; <\/em><\/p><\/blockquote>\n\n\n\n<p>Das verbale Narrativ &#8211; russische Kriegsverbrechen &#8211; wird mit einem visuellen Narrativ verkn\u00fcpft. \u00c4hnliches hatten wir 2020 mit Corona in Bergamo erlebt, wo Bilder dazu benutzt wurden, alle sachlichen Fragen und Informationen zu unterdr\u00fccken. <\/p>\n\n\n\n<p>In Deutschland ist es anscheinend wieder so weit. W\u00e4hrend inzwischen die Bereitschaft, weitere Milliarden und Waffen in die Ukraine zu liefern, schwindet (der <a href=\"https:\/\/rtde.site\/kurzclips\/video\/181609-us-kongress-verweigert-24-milliarden\/\" target=\"_blank\" rel=\"noreferrer noopener\" aria-label=\"US-Kongress verweigert weitere Milliardenzahlungen (\u00f6ffnet in neuem Tab)\">US-Kongress verweigert weitere Milliardenzahlungen<\/a>, <a href=\"https:\/\/rtde.site\/international\/181488-waffenlieferungen-fuer-ukraine-polen-legt\/\" target=\"_blank\" rel=\"noreferrer noopener\" aria-label=\"Polen will keine Waffen mehr liefern (\u00f6ffnet in neuem Tab)\">Polen will keine Waffen mehr liefern<\/a>), setzt man in Deutschland auf ungeschminkte Verbreitung ethnischen Hasses, um weiter machen zu k\u00f6nnen. Das ist schon einmal schief gegangen und wird es wieder.<\/p>\n\n\n\n<hr class=\"wp-block-separator\"\/>\n\n\n\n<p>Erg\u00e4nzende Information zum genannten Video:<\/p>\n\n\n\n<p><a href=\"https:\/\/www.galaxus.de\/de\/page\/unsichtbare-werbung-die-story-einer-seltsamen-story-19391\">https:\/\/www.galaxus.de\/de\/page\/unsichtbare-werbung-die-story-einer-seltsamen-story-19391<\/a><\/p>\n\n\n\n<p>Wirkungen auf das Unterbewusstsein, wenn Informationen nicht vollst\u00e4ndig erfasst werden k\u00f6nnen, sind nat\u00fcrlich trotzdem vorhanden.<\/p>\n\n\n\n<p>Fast witzig auch diese Szene:<\/p>\n\n\n\n<figure class=\"wp-block-embed-wordpress wp-block-embed is-type-wp-embed is-provider-anti-spiegel\"><div class=\"wp-block-embed__wrapper\">\n<blockquote class=\"wp-embedded-content\" data-secret=\"sqZfYmpNgt\"><a href=\"https:\/\/anti-spiegel.ru\/2023\/selensky-hat-sich-bei-der-uno-selbst-zugehoert-die-ereignisse-des-21-september\/\">Selensky hat sich bei der UNO selbst zugeh\u00f6rt: Die Ereignisse des 21. September<\/a><\/blockquote><iframe loading=\"lazy\" class=\"wp-embedded-content\" sandbox=\"allow-scripts\" security=\"restricted\" style=\"position: absolute; visibility: hidden;\" title=\"&#8222;Selensky hat sich bei der UNO selbst zugeh\u00f6rt: Die Ereignisse des 21. September&#8220; &#8212; Anti-Spiegel\" src=\"https:\/\/anti-spiegel.ru\/2023\/selensky-hat-sich-bei-der-uno-selbst-zugehoert-die-ereignisse-des-21-september\/embed\/#?secret=SPaPEjtmz8#?secret=sqZfYmpNgt\" data-secret=\"sqZfYmpNgt\" width=\"600\" height=\"338\" frameborder=\"0\" marginwidth=\"0\" marginheight=\"0\" scrolling=\"no\"><\/iframe>\n<\/div><\/figure>\n\n\n\n<p><\/p>\n","protected":false},"excerpt":{"rendered":"<p>f\u00fcr Hass-Propaganda geht in diesem Jahr an die Berliner Humboldt-Universit\u00e4t f\u00fcr ihre Ausstellung &#8222;Russian War Crimes&#8220;. Download Artikel als PDF<\/p>\n","protected":false},"author":1,"featured_media":0,"comment_status":"closed","ping_status":"closed","sticky":false,"template":"","format":"standard","meta":{"footnotes":""},"categories":[1],"tags":[],"class_list":["post-9583","post","type-post","status-publish","format-standard","hentry","category-allgemein"],"post_mailing_queue_ids":[],"_links":{"self":[{"href":"https:\/\/gilbertbrands.de\/blog\/wp-json\/wp\/v2\/posts\/9583","targetHints":{"allow":["GET"]}}],"collection":[{"href":"https:\/\/gilbertbrands.de\/blog\/wp-json\/wp\/v2\/posts"}],"about":[{"href":"https:\/\/gilbertbrands.de\/blog\/wp-json\/wp\/v2\/types\/post"}],"author":[{"embeddable":true,"href":"https:\/\/gilbertbrands.de\/blog\/wp-json\/wp\/v2\/users\/1"}],"replies":[{"embeddable":true,"href":"https:\/\/gilbertbrands.de\/blog\/wp-json\/wp\/v2\/comments?post=9583"}],"version-history":[{"count":1,"href":"https:\/\/gilbertbrands.de\/blog\/wp-json\/wp\/v2\/posts\/9583\/revisions"}],"predecessor-version":[{"id":9585,"href":"https:\/\/gilbertbrands.de\/blog\/wp-json\/wp\/v2\/posts\/9583\/revisions\/9585"}],"wp:attachment":[{"href":"https:\/\/gilbertbrands.de\/blog\/wp-json\/wp\/v2\/media?parent=9583"}],"wp:term":[{"taxonomy":"category","embeddable":true,"href":"https:\/\/gilbertbrands.de\/blog\/wp-json\/wp\/v2\/categories?post=9583"},{"taxonomy":"post_tag","embeddable":true,"href":"https:\/\/gilbertbrands.de\/blog\/wp-json\/wp\/v2\/tags?post=9583"}],"curies":[{"name":"wp","href":"https:\/\/api.w.org\/{rel}","templated":true}]}}