{"id":9538,"date":"2023-09-16T07:53:00","date_gmt":"2023-09-16T05:53:00","guid":{"rendered":"https:\/\/gilbertbrands.de\/blog\/?p=9538"},"modified":"2023-09-15T08:52:16","modified_gmt":"2023-09-15T06:52:16","slug":"wenn-man-titel-besser-verleugnet","status":"publish","type":"post","link":"https:\/\/gilbertbrands.de\/blog\/2023\/09\/16\/wenn-man-titel-besser-verleugnet\/","title":{"rendered":"Wenn man Titel besser verleugnet"},"content":{"rendered":"\n<p>Ein Professorentitel ist manchmal recht n\u00fctzlich. Bei dem Herrn Professor (oder Doktor) verkneift sich immer noch so mancher seine Arroganz, nicht weil der Titel \u00fcberzeugt, sondern weil man davon ausgehen kann, dass man jemanden vor sich hat, der verbal und handlungsorientiert zur\u00fcck schlagen kann.<\/p>\n\n\n\n<!--more-->\n\n\n\n<p>Schon w\u00e4hrend meiner aktiven Zeit als Hochschullehrer habe ich mir mehrfach die Anrede &#8222;Herr Professor&#8220; von meinen Studis verbeten, da ich keine Lust hatte, mit anderen Inhabern dieses Titels, die eher zum Fremdsch\u00e4men waren, verwechselt zu werden. Sehr zum Gaudi der Studis und zum \u00c4rger des Hochschulpr\u00e4sidenten, obwohl der sich wohl kaum bewusst war, dass er zumindest fachlich ebenfalls in diese Kategorie fiel.<\/p>\n\n\n\n<p>Ein in meinen Augen besonders widerliches Exemplar dieser Fremdsch\u00e4mriege ist ein Bonner Rechtsprofessor, der im Sinne der Rettung des Woken vor dem endg\u00fcltigen Untergang f\u00fcr ein partielles AfD-Verbot wirbt &#8211; nat\u00fcrlich dort, wo die AfD inzwischen die 30% \u00fcberschreitet:<\/p>\n\n\n\n<figure class=\"wp-block-image size-large\"><img loading=\"lazy\" decoding=\"async\" width=\"1024\" height=\"240\" src=\"https:\/\/gilbertbrands.de\/blog\/wp-content\/uploads\/2023\/09\/grafik-9-1024x240.png\" alt=\"\" class=\"wp-image-9539\" srcset=\"https:\/\/gilbertbrands.de\/blog\/wp-content\/uploads\/2023\/09\/grafik-9-1024x240.png 1024w, https:\/\/gilbertbrands.de\/blog\/wp-content\/uploads\/2023\/09\/grafik-9-300x70.png 300w, https:\/\/gilbertbrands.de\/blog\/wp-content\/uploads\/2023\/09\/grafik-9-768x180.png 768w, https:\/\/gilbertbrands.de\/blog\/wp-content\/uploads\/2023\/09\/grafik-9.png 1097w\" sizes=\"auto, (max-width: 1024px) 100vw, 1024px\" \/><figcaption><a href=\"https:\/\/rtde.site\/inland\/180776-praeventiver-verfassungsschutz-jura-professor-plaediert\/\" target=\"_blank\" rel=\"noreferrer noopener\" aria-label=\" (\u00f6ffnet in neuem Tab)\">https:\/\/rtde.site\/inland\/180776-praeventiver-verfassungsschutz-jura-professor-plaediert\/<\/a><\/figcaption><\/figure>\n\n\n\n<p>Wieso er die AfD f\u00fcr verfassungswidrig h\u00e4lt, ist mehr als nebul\u00f6s. Verfassungswidrig w\u00e4re es, wenn die Partei eine formale Abschaffung des Grundgesetzes und der Grundrechte anstrebt, so wie es die amtierende Ampel-Koalition samt CDU\/CSU und Linke seit 2020 de Fakto betreibt. Tats\u00e4chlich prangert aber gerade die AfD immer wieder die Abschaffung der Rechtsstaatlichkeit durch die woke Linksregierung immer wieder an und verf\u00fcgt gerade in den Ziell\u00e4ndern f\u00fcr ein Verbot inzwischen \u00fcber den einzigen staatlich-demokratiegepr\u00fcften Regierungspolitiker. Also muss etwas anderes her, was \u00e4hnlich nebul\u00f6s ist:<\/p>\n\n\n\n<blockquote class=\"wp-block-quote is-layout-flow wp-block-quote-is-layout-flow\"><p>Menschenw\u00fcrde  ist auch ein Schutzversprechen. Menschenw\u00fcrde verweist auf  Zerbrechlichkeit, auf die Verwundbarkeit der Menschen. Sie ist nicht das  Recht des St\u00e4rkeren, sondern der Schw\u00e4cheren. Demokratische Egalit\u00e4t  wird nicht erst konkret gef\u00e4hrdet, wenn Extremisten Machtmittel  einsetzen; sie ist bereits gest\u00f6rt, wenn Teile der Bev\u00f6lkerung am  demokratischen Prozess nur noch unter einer Kulisse der Einsch\u00fcchterung  teilnehmen k\u00f6nnen und bei einer politischen Wende die ersten Opfer  w\u00e4ren, mit denen man \u201eaufr\u00e4umt\u201c. Auf ein m\u00f6gliches  Parteiverbotsverfahren zu verzichten, kann daher auch bedeuten, diese  Menschen im Stich zu lassen.<\/p><p>Demokratie,  Rechtsstaat und Menschenw\u00fcrde sind weder mit altlinker Staatsskepsis  noch mit liberalem Vernunftvertrauen allein zu sch\u00fctzen, sondern nur mit  resilienten Institutionen. Diese m\u00fcssen im Krisenfall bereit sein,  robust zu handeln, um eine Unterwanderung oder feindliche \u00dcbernahme  abzuwehren. Das ist traditionell eher konservatives  Institutionenvertrauen at its best. Mit dem demokratischen Rechtsstaat  gibt es etwas zu bewahren, auf das alle Menschen angewiesen sind, die  ihr Miteinander auf der Grundlage gleicher Freiheit gestalten wollen.<\/p><cite><a href=\"https:\/\/taz.de\/Verbot-der-AfD\/!5949570\/\" target=\"_blank\" rel=\"noreferrer noopener\" aria-label=\" (\u00f6ffnet in neuem Tab)\">https:\/\/taz.de\/Verbot-der-AfD\/!5949570\/<\/a><\/cite><\/blockquote>\n\n\n\n<p>Nun, gerade die Menschew\u00fcrde ist von den Ampellianern massiv beseitigt worden und Art 1 GG m\u00fcsste inzwischen wohl eher &#8222;Die W\u00fcrde des Menschen ist unauffindbar&#8220; lauten und die Argumente des so genannten Professors treffen besonders auf die heutigen Regierungen zu. Aber schauen wir einmal weiter:<\/p>\n\n\n\n<blockquote class=\"wp-block-quote is-layout-flow wp-block-quote-is-layout-flow\"><p>Ausgangs- und Fluchtpunkt der freiheitlichen demokratischen Grundordnung, so hat es das Bundesverfassungsgericht <a rel=\"noreferrer noopener\" target=\"_blank\" href=\"https:\/\/taz.de\/Fortschreitende-Radikalisierung-der-AfD\/!5948233\/\">in seiner NPD-Entscheidung<\/a>  herauspr\u00e4pariert, ist die Menschenw\u00fcrde. Das Gericht stellt  unmissverst\u00e4ndlich klar, dass ein ethnischer Volksbegriff, Rassismus und  Antisemitismus die Menschenw\u00fcrde verletzen. Zur Menschenw\u00fcrde geh\u00f6rt  aber auch die elementare Rechtsgleichheit. \u201eMenschenw\u00fcrde ist egalit\u00e4r\u201c,  so das Gericht. Das bedeutet zwar nicht, die \u2013 von der Verfassung  explizit vorausgesetzte \u2013 Staatsangeh\u00f6rigkeit aufzugeben, die  Unterschiede in der politischen Teilhabe (wie vor allem das Wahlrecht)  rechtfertigt.<\/p><p>W\u00fcrdewidrig  sind aber kategorial ausgrenzende oder dem\u00fctigende Diskriminierungen.  Die Menschenw\u00fcrde verletzen w\u00fcrde es, Menschen aufgrund ihrer Herkunft  oder rassistischer Zuschreibungen eine Mitgliedschaft im deutschen  Staatsvolk abzusprechen oder unzumutbare Zugangsh\u00fcrden zur deutschen  Staatsangeh\u00f6rigkeit zu errichten. Auch \u201eethnopluralistische\u201c Positionen,  die zwar als anders markierten Menschen nicht generell eine gleiche  W\u00fcrde abzusprechen meinen, sie aber diskriminierend auf vermeintliche  Heimatterritorien verbannen oder kulturell segregieren wollen, verletzen  die Menschenw\u00fcrde.<\/p><\/blockquote>\n\n\n\n<p>Ich spare es mir mal, diesen ausgemachten Quatsch zu kommentieren, denn wiederum wird in den meisten F\u00e4llen ein Boomerang daraus und es l\u00e4sst sich leicht nachweisen, dass auch das nicht auf die AfD zutrifft, die &#8211; v\u00f6llig zu Recht &#8211; kritisiert, dass jedem, der nicht schnell genug in Deckung gehen kann, inzwischen der deutsche Pass hinterher geworfen wird. Schauen wir statt dessen mal in anderen Druckwerken nach:<\/p>\n\n\n\n<blockquote class=\"wp-block-quote is-layout-flow wp-block-quote-is-layout-flow\"><p>Angesichts des Tr\u00fcmmerfeldes, zu dem eine Staats- und Gesellschaftsordnung ohne Gott, ohne Gewissen und ohne Achtung vor der W\u00fcrde des Menschen die \u00dcberlebenden des zweiten Weltkrieges gef\u00fchrt hat, in dem festen Entschlusse, den kommenden deutschen Geschlechtern die Segnungen des Friedens, der Menschlichkeit und des Rechtes dauernd zu sichern, gibt sich das Bayerische Volk, eingedenk seiner mehr als tausendj\u00e4hrigen Geschichte, nachstehende demokratische Verfassung<\/p><p>&#8230;<\/p><p>(1) <sup>1<\/sup>Bayern ist ein Volksstaat. <\/p><p>&#8230;<\/p><p>(1) <sup>1<\/sup>Bayern ist ein Rechts-, Kultur- und Sozialstaat. <sup>2<\/sup>Er dient dem Gemeinwohl.                 (2) <sup>1<\/sup>Der Staat sch\u00fctzt die nat\u00fcrlichen Lebensgrundlagen und die kulturelle \u00dcberlieferung. <sup>2<\/sup>Er f\u00f6rdert und sichert gleichwertige Lebensverh\u00e4ltnisse und Arbeitsbedingungen in ganz Bayern, in Stadt und Land.<\/p><cite><a href=\"https:\/\/www.gesetze-bayern.de\/Content\/Document\/BayVerf-6\" target=\"_blank\" rel=\"noreferrer noopener\" aria-label=\" (\u00f6ffnet in neuem Tab)\">https:\/\/www.gesetze-bayern.de\/Content\/Document\/BayVerf-6<\/a><\/cite><\/blockquote>\n\n\n\n<p>Ja so was aber auch, Herr Pseudoprofessor. Da gibt es doch tats\u00e4chlich mindestens einen gro\u00dfen deutschen Freistaat, der nach Ihrer Definition eindeutig verfassungswidrig ist, betont er doch die Bedeutung des Bayerischen Volkes und seiner Kultur. Und er ist nicht der einzige: der andere Freistaat in der BRD, Sachsen, geht in seiner Verfassung nicht minder heftig zur Sache:<\/p>\n\n\n\n<p><a href=\"https:\/\/www.landtag.sachsen.de\/de\/parlament\/zusammensetzung-und-rechtsgrundlagen\/verfassung-9196.cshtml\">https:\/\/www.landtag.sachsen.de\/de\/parlament\/zusammensetzung-und-rechtsgrundlagen\/verfassung-9196.cshtml<\/a><\/p>\n\n\n\n<p>Als einzige Entschuldigung f\u00fcr diese Entgleisungen l\u00e4sst sich lediglich anbringen, dass seit 2020 ohnehin weder Parlamente noch Regierungen noch Justiz diesen Verfassungsbl\u00f6dsinn ernst nehmen. <\/p>\n\n\n\n<p>F\u00fcr ein partielles AfD-Verbot hat der Herr Pseudoprofessor auch ein Durchf\u00fchrungskonzept parat. Die verschiedenen Versuche, die NPD zu verbieten, sind ja stets daran gescheitert, dass sich letztendlich als Urheber einer verfassungsfeindlichen Parole stets ein eingeschleuster Mitarbeiter des so genannten Verfassungsschutzes heraus stellte. Der hat, wie aktuell wohl auch in der Causa Sch\u00f6nbohm, nicht nur Informationen gesammelt, sondern gleich produziert oder relotiert, wie es inzwischen hei\u00dft. &#8222;Die Infiltration m\u00fcsse daher sehr viel vorsichtiger erfolgen als im Fall der NDP&#8220; r\u00e4t der Pseudoprofessor. Also nichts Neues, nur eben vorsichtiger, damit es nicht so schnell auff\u00e4llt.<\/p>\n\n\n\n<p>Ein Typ zum Fremdsch\u00e4men. Wenn man nun noch ber\u00fccksichtigt, dass solche Gestalten auch noch neue Juristengenerationen ausbilden, kann einem nur Angst und Bange werden, wie sich dieses Gebilde BRD weiter entwickelt. M\u00f6glicherweise verschwinden irgendwelche Symbole in Amtsstuben demn\u00e4chst zu Gunsten gro\u00dfformatiger Portraits des gro\u00dfen Vorsitzenden Jossip Wissarionowitsch Dschugaschwili, genannt Stalin, und der AfD-Sympathie verd\u00e4chtige B\u00fcrger werden hinterr\u00fccks erschossen und in Sandgruben verscharrt, um die Justiz zu entlasten. Da m\u00f6chte man doch wirklich nicht mehr als &#8222;Herr Professor&#8220; angesprochen werden, um nicht mir solchen Gestalten in einen Topf geworfen zu werden.<\/p>\n","protected":false},"excerpt":{"rendered":"<p>Ein Professorentitel ist manchmal recht n\u00fctzlich. Bei dem Herrn Professor (oder Doktor) verkneift sich immer noch so mancher seine Arroganz, nicht weil der Titel \u00fcberzeugt, sondern weil man davon ausgehen kann, dass man jemanden vor sich hat, der verbal und handlungsorientiert zur\u00fcck schlagen kann. Download Artikel als PDF<\/p>\n","protected":false},"author":1,"featured_media":0,"comment_status":"closed","ping_status":"closed","sticky":false,"template":"","format":"standard","meta":{"footnotes":""},"categories":[1],"tags":[],"class_list":["post-9538","post","type-post","status-publish","format-standard","hentry","category-allgemein"],"post_mailing_queue_ids":[],"_links":{"self":[{"href":"https:\/\/gilbertbrands.de\/blog\/wp-json\/wp\/v2\/posts\/9538","targetHints":{"allow":["GET"]}}],"collection":[{"href":"https:\/\/gilbertbrands.de\/blog\/wp-json\/wp\/v2\/posts"}],"about":[{"href":"https:\/\/gilbertbrands.de\/blog\/wp-json\/wp\/v2\/types\/post"}],"author":[{"embeddable":true,"href":"https:\/\/gilbertbrands.de\/blog\/wp-json\/wp\/v2\/users\/1"}],"replies":[{"embeddable":true,"href":"https:\/\/gilbertbrands.de\/blog\/wp-json\/wp\/v2\/comments?post=9538"}],"version-history":[{"count":1,"href":"https:\/\/gilbertbrands.de\/blog\/wp-json\/wp\/v2\/posts\/9538\/revisions"}],"predecessor-version":[{"id":9540,"href":"https:\/\/gilbertbrands.de\/blog\/wp-json\/wp\/v2\/posts\/9538\/revisions\/9540"}],"wp:attachment":[{"href":"https:\/\/gilbertbrands.de\/blog\/wp-json\/wp\/v2\/media?parent=9538"}],"wp:term":[{"taxonomy":"category","embeddable":true,"href":"https:\/\/gilbertbrands.de\/blog\/wp-json\/wp\/v2\/categories?post=9538"},{"taxonomy":"post_tag","embeddable":true,"href":"https:\/\/gilbertbrands.de\/blog\/wp-json\/wp\/v2\/tags?post=9538"}],"curies":[{"name":"wp","href":"https:\/\/api.w.org\/{rel}","templated":true}]}}