{"id":9511,"date":"2023-09-13T07:33:00","date_gmt":"2023-09-13T05:33:00","guid":{"rendered":"https:\/\/gilbertbrands.de\/blog\/?p=9511"},"modified":"2023-09-10T08:49:19","modified_gmt":"2023-09-10T06:49:19","slug":"von-rinder-und-gedankenfuerzen","status":"publish","type":"post","link":"https:\/\/gilbertbrands.de\/blog\/2023\/09\/13\/von-rinder-und-gedankenfuerzen\/","title":{"rendered":"Von Rinder- und Gedankenf\u00fcrzen"},"content":{"rendered":"\n<p>\n<em>Wie\nideologisches Blindg\u00e4ngertum zu aberwitzigen Schlussfolgerungen\nf\u00fchrt &#8211; am Beispiel von Irlands Rinderpolitik&nbsp;&nbsp;<\/em><\/p>\n\n\n\n<p>\nvon\nJosef Hueber (Beratung: Udo Pollmer) \n<\/p>\n\n\n\n<!--more-->\n\n\n\n<p>\nAls\naufgekl\u00e4rtes Denken nur&nbsp; in wenigen K\u00f6pfen antiker Philosophen\nschon beheimatet war, aber noch nicht fl\u00e4chendeckende Wirkung auf\ndas \u00f6ffentliche Bewusstsein hatte, war es eine\nSelbstverst\u00e4ndlichkeit: Man opferte Tiere &#8211; ganz unempathisch in der\nMethode &#8211; um den G\u00f6ttern zu gefallen, um Schutz vor Hagel und\n\u00dcberschwemmungen zu erbitten. Denn das Wetter war damals\n\u201eg\u00f6ttergemacht\u201c, um den Slang unserer heutigen medialen Priester\nzeitgeistgem\u00e4\u00df aufzugreifen. Man schlachtete Vieh und brachte\nBrandopfer dar, um einen positiven Ausgang des Kriegsgeschehens\nzugunsten der eigenen Truppen zu erbitten. \n<\/p>\n\n\n\n<p>\nDie\nArch\u00e4ologie wei\u00df von ritueller Massenopferung von Kindern an der\nNordk\u00fcste Perus vor etwa 550 Jahren. Bei den Inkas gab es\nSchlachtfeste, die von den Priestern beaufsichtigt wurden. An hohen\nFesttagen schlachteten die Azteken Zigtausende, meist Gefangene, bzw.\nDeputate, die die unterworfenen V\u00f6lker in Form junger gesunder\nM\u00e4nner und Frauen zu liefern hatten. Arme Familien brachten ihre\nKinder, weil sie den K\u00f6rper (ohne Kopf und Herz) zu kulinarischen\nZwecken zur\u00fcckbekamen.<\/p>\n\n\n\n<p>\nEs\nist freilich nicht bekannt, dass vegane B\u00e4ume oder Gem\u00fcsevariationen\nzu diesem Zweck auf den Alt\u00e4ren verbrannt wurden, damit der Rauch\nden G\u00f6ttern in die Nase steigen konnte. Fleisch musste es sein.<\/p>\n\n\n\n<p>\nEine\nkritische Stimme gegen den Glauben, Fleischrauch k\u00f6nne das\nWohlwollen der G\u00f6tter f\u00f6rdern, erhob sich schon Jahrhunderte vor\nChristi Geburt bei den Juden. Der Prophet Hosea sprach von Gottes\nAbscheu gegen\u00fcber Brandopfern: &nbsp;\u201eDenn ich habe Lust an der\nLiebe, und nicht am Opfer, und an der Erkenntnis Gottes, und nicht am\nBrandopfer.&#8220; (Hosea 6) \n<\/p>\n\n\n\n<p>\nDas\neinst aufgekl\u00e4rte Europa f\u00e4llt gegenw\u00e4rtig ganz offensichtlich\nhinter diese schon sehr alte Erkenntnis zur\u00fcck.&nbsp;<\/p>\n\n\n\n<p>\nNeue\nG\u00f6tter, die&nbsp; sich parallel zum schleichenden Aussterben des\nChristentums einer zunehmend kr\u00e4ftigen Anbetung&nbsp; erfreuen, sind\nin den Bereichen \u00d6kologie und Klima zum Leben erwacht und stehen der\nan Zahl wachsenden Gl\u00e4ubigen f\u00fcr Anbetung und Beweihr\u00e4ucherung zur\nVerf\u00fcgung.&nbsp;<\/p>\n\n\n\n<p>Um\ndas Klima zu wandeln, m\u00fcssen wir Opfer bringen. An vorderster Stelle\nstehen die Tiere \u2013 nein nicht die vielfach gequ\u00e4lten Schmusetiere,\nsondern unser wohlgehegtes Nutzvieh. Denn unsere unstillbare Gier\nnach Fleisch habe den Globus in Schieflage durch die R\u00fclpser der\nRinder gebracht. Schon stehen kirchliche Priester bereit, um endlich\ndie neuen G\u00f6tter anzubeten: Kuschelw\u00f6lfe, Fledermausviren und\nKlimakleber. Dies sind die neuen Parzen. Eine wachsende Zahl an\nGl\u00e4ubigen steht f\u00fcr Anbetung und Beweihr\u00e4ucherung bereit. Denn\ndann kann die Gesellschaft umkehren und sich dem Naturgott\nwohlgef\u00e4llig zeigen, indem sie im Supermarkt, den Konsumtempeln,\nendlich Sojaw\u00fcrste erwirbt. Allein mir fehlt der Glaube \u2013 und den\nGl\u00e4ubigen auch, denn das Zeug bleibt in den Regalen liegen, um\nschlie\u00dflich als veganer Kompost auf neues Wachstum zu hoffen.<\/p>\n\n\n\n<p>&nbsp;\u00a71&nbsp;\ndes neuen Glaubensbekenntnisses im \u00d6ko-Katechismus lautet: Der\nMensch ist die gr\u00f6\u00dfte Gefahr f\u00fcr das Leben auf der&nbsp; Erde,\nindem er durch die Ausbeutung der Natur, also durch Schaffung einer\nKulturlandschaft, die Zerst\u00f6rung unseres&nbsp; Planeten vorantreibt.\nDie \u201eAusbeutung der Arbeiterklasse\u201c ist offenbar nicht mehr en\nvogue, aber der Stallgeruch der \u201eAusbeuterei\u201c bleibt und verr\u00e4t\ndie Strippenzieher. \n<\/p>\n\n\n\n<figure class=\"wp-block-embed-wordpress wp-block-embed is-type-wp-embed is-provider-spiked\"><div class=\"wp-block-embed__wrapper\">\n<blockquote class=\"wp-embedded-content\" data-secret=\"yMH1Z47F3e\"><a href=\"https:\/\/www.spiked-online.com\/2023\/08\/28\/the-green-war-on-animals\/\">The green war on animals<\/a><\/blockquote><iframe loading=\"lazy\" class=\"wp-embedded-content\" sandbox=\"allow-scripts\" security=\"restricted\" style=\"position: absolute; visibility: hidden;\" title=\"&#8220;The green war on animals&#8221; &#8212; spiked\" src=\"https:\/\/www.spiked-online.com\/2023\/08\/28\/the-green-war-on-animals\/embed\/#?secret=nPviqlixGl#?secret=yMH1Z47F3e\" data-secret=\"yMH1Z47F3e\" width=\"600\" height=\"338\" frameborder=\"0\" marginwidth=\"0\" marginheight=\"0\" scrolling=\"no\"><\/iframe>\n<\/div><\/figure>\n\n\n\n<p>Vertreter\nder christlichen Religion &#8211; bis hinauf zu Papst Franziskus &#8211; heulen\nmit im Rudel der Naturanbeter. Da\npassiert es schon einmal, dass Fridays-for-Future- H\u00fcpfdemos mit\nreligi\u00f6sen Prozessionen verwechselt werden. So lie\u00df der Berliner\nBischof Heiner Koch wissen : \u201eMich erinnern die Freitagsdemos ein\nwenig an die biblische Szene vom Einzug in Jerusalem.\u201c \n<\/p>\n\n\n\n<p>\nDen\nBeweis des quasireligi\u00f6sen, politischen Gehorsams gegen\u00fcber dem zu\nbes\u00e4nftigenden Naturgott&nbsp; liefert&nbsp;ein Blick auf einen der\nwichtigsten Fleischproduzenten Europas: Irland.&nbsp;Dieses Land soll\nein einzigartiges Opfer bringen.<\/p>\n\n\n\n<p>Man\nhole tief Luft. Die irische Regierung plant, u.a. nach Auskunft der<em>\nFinancial Times<\/em>,\nallen Ernstes, 200 000 Rinder&nbsp; in den n\u00e4chsten 3 Jahren&nbsp;zu\nt\u00f6ten, um das von himmelskundigen \u00d6kopropheten gesteckte Klimaziel\nzu erreichen: Reduzierung landwirtschaftlicher CO2 Emissionen in\nIrland um 40%. So die geifernden Eiferer f\u00fcr den CO<sub>2\n<\/sub>Netto-Null-Endsieg.\nEin wahrhaft intellektueller Gedankenfurz als Angriff gegen die\nverdauungs- und bl\u00e4hungsfreudigen Rinder!<\/p>\n\n\n\n<p>Die\nirische Regierung will \u20ac 600 Millionen daf\u00fcr ausgeben. Zu den\nignorierten Fakten: Die irische Milchwirtschaft steht f\u00fcr mehr als\n13 Milliarden Euro Umsatz pro Jahr. Ein betroffener Rinderhalter\nkommentiert die Schlachtungsphantasien so: \u201eDas bedeutet, dass\nbilliges Rindfleisch aus Brasilien quer durch die Welt geflogen wird,\nw\u00e4hrend es fr\u00fcher in einem Lastwagen ein paar Kilometer die Stra\u00dfe\nhinunter transportiert werden konnte.\u201d (Wir\nwollen dem emp\u00f6rten Landwirt nachsehen, dass K\u00fche nicht fliegen,\nauch nicht aus Brasilien, sondern tiefgefroren im K\u00fchlschiff Europa\nerreichen. An der Sache \u00e4ndert es wenig.)<\/p>\n\n\n\n<p>Der\nf\u00fcr Schwachdenker gelegentlich vom Volksmund anempfohlene Ausdruck\n\u201cdumme Kuh \/ dummer Ochse\u201d bedarf einer Revision. Die\nJournalistin J.Burchil reflektiert, es sei &#8222;nicht fair&#8220;,\nK\u00fche als dumm zu bezeichnen. Denn &#8222;K\u00fche kennen ihre Grenzen.&#8220;\n\n<\/p>\n\n\n\n<p>\nOffensichtlich\nsind Rinder dem Menschen an Einsicht und Erfahrung voraus. Man kann\nsich des Eindrucks nicht erwehren: Der Mensch als angema\u00dfter\nHerrscher \u00fcber Klima und Natur kennt seine Grenzen nicht. \n<\/p>\n\n\n\n<hr class=\"wp-block-separator\"\/>\n\n\n\n<p><em>Erg\u00e4nzungen der Redaktion:<\/em><\/p>\n\n\n\n<p>Letztlich bilden Gras und Grasfresser eine Art Symbiosegemeinschaft. Die Hinterlassenschaft der Grasfresser f\u00f6rdern das Wachstum, 800 kg Rind auf ein paar Quadratzentimetern Huffl\u00e4che lockert den Boden. Letztlich geht der Schuss nach hinten los und f\u00fchrt nicht zu weniger CO2, sondern eher zu mehr. Aber wer lernt schon aus der Vergangenheit? <\/p>\n\n\n\n<p><a href=\"https:\/\/de.wikipedia.org\/wiki\/Schweinemord\">https:\/\/de.wikipedia.org\/wiki\/Schweinemord<\/a><\/p>\n\n\n\n<p>Zu der Sache mit den religi\u00f6sen Opferriten gab es hier auch schon mal einen Beitrag, auf den verwiesen sei:<\/p>\n\n\n\n<figure class=\"wp-block-embed-wordpress wp-block-embed is-type-wp-embed is-provider-gemeinheiten-amp-beobachtungen\"><div class=\"wp-block-embed__wrapper\">\n<blockquote class=\"wp-embedded-content\" data-secret=\"jQ9vD4Q9ng\"><a href=\"https:\/\/gilbertbrands.de\/blog\/2018\/05\/04\/religion-und-menschenopfer\/\">Religion und Menschenopfer<\/a><\/blockquote><iframe loading=\"lazy\" class=\"wp-embedded-content\" sandbox=\"allow-scripts\" security=\"restricted\" style=\"position: absolute; visibility: hidden;\" title=\"&#8222;Religion und Menschenopfer&#8220; &#8212; Gemeinheiten &amp; Beobachtungen\" src=\"https:\/\/gilbertbrands.de\/blog\/2018\/05\/04\/religion-und-menschenopfer\/embed\/#?secret=9T59UhZuqj#?secret=jQ9vD4Q9ng\" data-secret=\"jQ9vD4Q9ng\" width=\"600\" height=\"338\" frameborder=\"0\" marginwidth=\"0\" marginheight=\"0\" scrolling=\"no\"><\/iframe>\n<\/div><\/figure>\n","protected":false},"excerpt":{"rendered":"<p>Wie ideologisches Blindg\u00e4ngertum zu aberwitzigen Schlussfolgerungen f\u00fchrt &#8211; am Beispiel von Irlands Rinderpolitik&nbsp;&nbsp; von Josef Hueber (Beratung: Udo Pollmer) Download Artikel als PDF<\/p>\n","protected":false},"author":1,"featured_media":0,"comment_status":"closed","ping_status":"closed","sticky":false,"template":"","format":"standard","meta":{"footnotes":""},"categories":[1],"tags":[],"class_list":["post-9511","post","type-post","status-publish","format-standard","hentry","category-allgemein"],"post_mailing_queue_ids":[],"_links":{"self":[{"href":"https:\/\/gilbertbrands.de\/blog\/wp-json\/wp\/v2\/posts\/9511","targetHints":{"allow":["GET"]}}],"collection":[{"href":"https:\/\/gilbertbrands.de\/blog\/wp-json\/wp\/v2\/posts"}],"about":[{"href":"https:\/\/gilbertbrands.de\/blog\/wp-json\/wp\/v2\/types\/post"}],"author":[{"embeddable":true,"href":"https:\/\/gilbertbrands.de\/blog\/wp-json\/wp\/v2\/users\/1"}],"replies":[{"embeddable":true,"href":"https:\/\/gilbertbrands.de\/blog\/wp-json\/wp\/v2\/comments?post=9511"}],"version-history":[{"count":1,"href":"https:\/\/gilbertbrands.de\/blog\/wp-json\/wp\/v2\/posts\/9511\/revisions"}],"predecessor-version":[{"id":9512,"href":"https:\/\/gilbertbrands.de\/blog\/wp-json\/wp\/v2\/posts\/9511\/revisions\/9512"}],"wp:attachment":[{"href":"https:\/\/gilbertbrands.de\/blog\/wp-json\/wp\/v2\/media?parent=9511"}],"wp:term":[{"taxonomy":"category","embeddable":true,"href":"https:\/\/gilbertbrands.de\/blog\/wp-json\/wp\/v2\/categories?post=9511"},{"taxonomy":"post_tag","embeddable":true,"href":"https:\/\/gilbertbrands.de\/blog\/wp-json\/wp\/v2\/tags?post=9511"}],"curies":[{"name":"wp","href":"https:\/\/api.w.org\/{rel}","templated":true}]}}