{"id":9488,"date":"2023-09-03T18:38:00","date_gmt":"2023-09-03T16:38:00","guid":{"rendered":"https:\/\/gilbertbrands.de\/blog\/?p=9488"},"modified":"2023-08-26T18:56:48","modified_gmt":"2023-08-26T16:56:48","slug":"der-fall-lauterbach","status":"publish","type":"post","link":"https:\/\/gilbertbrands.de\/blog\/2023\/09\/03\/der-fall-lauterbach\/","title":{"rendered":"Der Fall Lauterbach"},"content":{"rendered":"\n<p>Unbeschwert aufwachsende und gut gebildete Kinder und Jugendliche sind der Garant f\u00fcr den Fortbestand einer Gesellschaft &#8211; und nicht etwa wenig gebildete Fl\u00fcchtlinge, die vor allen Dingen deshalb zu Fl\u00fcchtlingen geworden sind, weil der &#8222;Wertewesten&#8220;, allen voran die USA, ihre Heimat mit Krieg und Auspl\u00fcnderung \u00fcberziehen.<\/p>\n\n\n\n<!--more-->\n\n\n\n<p>Gut gebildete Kinder sind bei dem heutigen Schulniveau &#8211; wenn mal ausnahmsweise keine ideologischen Gebete aufgesagt werden m\u00fcssen, gibt der im jeweiligen Fach schlechteste Sch\u00fcler das Tempo vor &#8211; ohnehin nicht mehr zu erwarten, es sei denn, es handelt sich um die 1-2%, die sich aus Eigeninteresse in ein Gebiet einarbeiten, aber gleichzeitig daf\u00fcr sorgen m\u00fcssen, dass das keiner mit bekommt, da sie sonst von den Lehrern zum Mobbing freigegeben werden.<\/p>\n\n\n\n<p>Unbeschwertes Aufwachsen war zumindest bis zu den Corona-Unterdr\u00fcckungen mit Masken, Abstand und allem M\u00f6glichen noch halbwegs m\u00f6glich. Was wirklich im Corona-Land lief und wie insbesondere die Regierung, allen voran Karl Lauterbach, die Jugend zu F\u00e4llen f\u00fcr die Psychiatrie machte, kommt nur langsam heraus:<\/p>\n\n\n\n<figure class=\"wp-block-image size-large\"><img loading=\"lazy\" decoding=\"async\" width=\"1024\" height=\"315\" src=\"https:\/\/gilbertbrands.de\/blog\/wp-content\/uploads\/2023\/08\/grafik-12-1024x315.png\" alt=\"\" class=\"wp-image-9489\" srcset=\"https:\/\/gilbertbrands.de\/blog\/wp-content\/uploads\/2023\/08\/grafik-12-1024x315.png 1024w, https:\/\/gilbertbrands.de\/blog\/wp-content\/uploads\/2023\/08\/grafik-12-300x92.png 300w, https:\/\/gilbertbrands.de\/blog\/wp-content\/uploads\/2023\/08\/grafik-12-768x236.png 768w, https:\/\/gilbertbrands.de\/blog\/wp-content\/uploads\/2023\/08\/grafik-12.png 1114w\" sizes=\"auto, (max-width: 1024px) 100vw, 1024px\" \/><figcaption><a href=\"https:\/\/rtde.site\/inland\/178953-furchtappel-neue-protokolle-expertenrats-belegen\/\" target=\"_blank\" rel=\"noreferrer noopener\" aria-label=\" (\u00f6ffnet in neuem Tab)\">https:\/\/rtde.site\/inland\/178953-furchtappel-neue-protokolle-expertenrats-belegen\/<\/a><\/figcaption><\/figure>\n\n\n\n<p>Warum auch immer, Karl Lauterbach hat Jugendliche, die im Corona-Geschehen keinerlei medizinische Rolle spielten, durch Angstkampagnen zu Impfungen getrieben. In manchen Klassen sind ungeimpfte Sch\u00fcler die Ausnahme. Gesundheitliche Sch\u00e4den sind auch in dieser Gruppe an der Tagesordnung und eine nicht gerade kleine Zahl bereits tot oder wird es wegen Herzsch\u00e4digungen in den n\u00e4chsten 10 Jahren sein. <\/p>\n\n\n\n<p>Vors\u00e4tzliche billigende Inkaufnahme der psychischen und physischen Vernichtung einer ganzen Generation durch einen amtierenden Minister &#8211; wann hat es das schon mal gegeben?\u00b9\u207e<\/p>\n\n\n\n<hr class=\"wp-block-separator\"\/>\n\n\n\n<p class=\"has-small-font-size\">\u00b9\u207e Wer die Antwort wei\u00df, behalte sie besser f\u00fcr sich, denn so glimpflich wie <a rel=\"noreferrer noopener\" aria-label=\"f\u00fcr diesen Zeitgenossen, einen ausgewachsenen Russen-Hasser und -Hetzer (\u00f6ffnet in neuem Tab)\" href=\"https:\/\/rtde.site\/meinung\/178918-schlimmer-als-kz-waechter-kiesewetter-verharmlost-holocaust\/\" target=\"_blank\">f\u00fcr diesen Zeitgenossen, einen ausgewachsenen Russen-Hasser und -Hetzer<\/a> und damit mit der richtigen Haltung ausgestattet, die vor Strafe sch\u00fctzt, geht das sicher nicht aus.<\/p>\n","protected":false},"excerpt":{"rendered":"<p>Unbeschwert aufwachsende und gut gebildete Kinder und Jugendliche sind der Garant f\u00fcr den Fortbestand einer Gesellschaft &#8211; und nicht etwa wenig gebildete Fl\u00fcchtlinge, die vor allen Dingen deshalb zu Fl\u00fcchtlingen geworden sind, weil der &#8222;Wertewesten&#8220;, allen voran die USA, ihre Heimat mit Krieg und Auspl\u00fcnderung \u00fcberziehen. Download Artikel als PDF<\/p>\n","protected":false},"author":1,"featured_media":0,"comment_status":"closed","ping_status":"closed","sticky":false,"template":"","format":"standard","meta":{"footnotes":""},"categories":[1],"tags":[],"class_list":["post-9488","post","type-post","status-publish","format-standard","hentry","category-allgemein"],"post_mailing_queue_ids":[],"_links":{"self":[{"href":"https:\/\/gilbertbrands.de\/blog\/wp-json\/wp\/v2\/posts\/9488","targetHints":{"allow":["GET"]}}],"collection":[{"href":"https:\/\/gilbertbrands.de\/blog\/wp-json\/wp\/v2\/posts"}],"about":[{"href":"https:\/\/gilbertbrands.de\/blog\/wp-json\/wp\/v2\/types\/post"}],"author":[{"embeddable":true,"href":"https:\/\/gilbertbrands.de\/blog\/wp-json\/wp\/v2\/users\/1"}],"replies":[{"embeddable":true,"href":"https:\/\/gilbertbrands.de\/blog\/wp-json\/wp\/v2\/comments?post=9488"}],"version-history":[{"count":1,"href":"https:\/\/gilbertbrands.de\/blog\/wp-json\/wp\/v2\/posts\/9488\/revisions"}],"predecessor-version":[{"id":9490,"href":"https:\/\/gilbertbrands.de\/blog\/wp-json\/wp\/v2\/posts\/9488\/revisions\/9490"}],"wp:attachment":[{"href":"https:\/\/gilbertbrands.de\/blog\/wp-json\/wp\/v2\/media?parent=9488"}],"wp:term":[{"taxonomy":"category","embeddable":true,"href":"https:\/\/gilbertbrands.de\/blog\/wp-json\/wp\/v2\/categories?post=9488"},{"taxonomy":"post_tag","embeddable":true,"href":"https:\/\/gilbertbrands.de\/blog\/wp-json\/wp\/v2\/tags?post=9488"}],"curies":[{"name":"wp","href":"https:\/\/api.w.org\/{rel}","templated":true}]}}