{"id":9355,"date":"2023-07-27T06:34:00","date_gmt":"2023-07-27T04:34:00","guid":{"rendered":"https:\/\/gilbertbrands.de\/blog\/?p=9355"},"modified":"2023-07-25T09:09:32","modified_gmt":"2023-07-25T07:09:32","slug":"es-gibt-leute-die-sind-laecherlich-und","status":"publish","type":"post","link":"https:\/\/gilbertbrands.de\/blog\/2023\/07\/27\/es-gibt-leute-die-sind-laecherlich-und\/","title":{"rendered":"Es gibt Leute, die sind l\u00e4cherlich, und"},"content":{"rendered":"\n<p>es gibt Friedrich Merz, seines Zeichens Chef der CDU. Man fragt sich allerdings langsam, ob in der CDU inzwischen Zust\u00e4nde herrschen wie weiland in der NPD oder Merz eine Figur aus dem BDSM-Bereich ist.<\/p>\n\n\n\n<!--more-->\n\n\n\n<p>Von einem Parteichef erwartet man &#8211; also ich &#8211; eigentlich, dass er die Richtung der Partei vorgibt, sie pragmatisch auf die Ziele hinf\u00fchrt und den einen oder anderen parteiinternen Abweichler wieder auf Linie bringt. Wobei das nicht absolutistisch verstanden sein will, denn schlie\u00dflich wird der Vorsitzende ja gew\u00e4hlt, nachdem er den Parteimitgliedern klar gemacht hat, wohin die Reise gehen k\u00f6nnte, und sie ihn w\u00e4hlen, damit das umgesetzt wird. Wie man das macht, hat Merkel ja zur Gen\u00fcge gezeigt, auch wenn sie nicht gerade ein gutes Beispiel daf\u00fcr ist (eher im Gegenteil), da sie es verstanden hat, aus dem Auftrag einen Absolutismus zu generieren. <\/p>\n\n\n\n<p>In der Beziehung ist Merz wohl so etwas wie ein Antiparteichef: wenn er etwas sagt, darf ihm jedes beliebige Pippi-M\u00e4nnchen oder -Weibchen aus der untersten Parteischublade beliebig \u00fcber den Mund fahren, was dann stante penis dazu f\u00fchrt, dass Merz sehr bestimmt behauptet, das nie gesagt zu haben, sondern schon immer etwas anderes. Sein astringentes Verhalten ist inzwischen so stringent, dass TE gleich 3 Artikel an einem Tag nebeneinander dazu ver\u00f6ffentlicht.<\/p>\n\n\n\n<figure class=\"wp-block-embed-wordpress wp-block-embed is-type-wp-embed is-provider-tichys-einblick\"><div class=\"wp-block-embed__wrapper\">\n<blockquote class=\"wp-embedded-content\" data-secret=\"UhgixLBEJs\"><a href=\"https:\/\/www.tichyseinblick.de\/meinungen\/entlarvung-friedrich-merz\/\">Die Entlarvung des Friedrich Merz: Von der Erweckungsfigur zum Totengr\u00e4ber<\/a><\/blockquote><iframe loading=\"lazy\" class=\"wp-embedded-content\" sandbox=\"allow-scripts\" security=\"restricted\" style=\"position: absolute; visibility: hidden;\" title=\"&#8222;Die Entlarvung des Friedrich Merz: Von der Erweckungsfigur zum Totengr\u00e4ber&#8220; &#8212; Tichys Einblick\" src=\"https:\/\/www.tichyseinblick.de\/meinungen\/entlarvung-friedrich-merz\/embed\/#?secret=rodmk9jCbu#?secret=UhgixLBEJs\" data-secret=\"UhgixLBEJs\" width=\"600\" height=\"338\" frameborder=\"0\" marginwidth=\"0\" marginheight=\"0\" scrolling=\"no\"><\/iframe>\n<\/div><\/figure>\n\n\n\n<figure class=\"wp-block-embed-wordpress wp-block-embed is-type-wp-embed is-provider-tichys-einblick\"><div class=\"wp-block-embed__wrapper\">\n<blockquote class=\"wp-embedded-content\" data-secret=\"NoHYeLQnrd\"><a href=\"https:\/\/www.tichyseinblick.de\/daili-es-sentials\/merz-brandmauer-cdu-afd\/\">Merz will Brandmauer zur AfD abtragen \u2013 oder vielleicht doch nicht<\/a><\/blockquote><iframe loading=\"lazy\" class=\"wp-embedded-content\" sandbox=\"allow-scripts\" security=\"restricted\" style=\"position: absolute; visibility: hidden;\" title=\"&#8222;Merz will Brandmauer zur AfD abtragen \u2013 oder vielleicht doch nicht&#8220; &#8212; Tichys Einblick\" src=\"https:\/\/www.tichyseinblick.de\/daili-es-sentials\/merz-brandmauer-cdu-afd\/embed\/#?secret=wxMyMhOohm#?secret=NoHYeLQnrd\" data-secret=\"NoHYeLQnrd\" width=\"600\" height=\"338\" frameborder=\"0\" marginwidth=\"0\" marginheight=\"0\" scrolling=\"no\"><\/iframe>\n<\/div><\/figure>\n\n\n\n<figure class=\"wp-block-embed-wordpress wp-block-embed is-type-wp-embed is-provider-tichys-einblick\"><div class=\"wp-block-embed__wrapper\">\n<blockquote class=\"wp-embedded-content\" data-secret=\"DwMZtHsUve\"><a href=\"https:\/\/www.tichyseinblick.de\/daili-es-sentials\/friedrich-merz-der-watschenaugust-mit-dem-afd-problem\/\">Friedrich Merz &#8211; der Watschenaugust mit dem AfD-Problem<\/a><\/blockquote><iframe loading=\"lazy\" class=\"wp-embedded-content\" sandbox=\"allow-scripts\" security=\"restricted\" style=\"position: absolute; visibility: hidden;\" title=\"&#8222;Friedrich Merz &#8211; der Watschenaugust mit dem AfD-Problem&#8220; &#8212; Tichys Einblick\" src=\"https:\/\/www.tichyseinblick.de\/daili-es-sentials\/friedrich-merz-der-watschenaugust-mit-dem-afd-problem\/embed\/#?secret=rQrVYYl0D0#?secret=DwMZtHsUve\" data-secret=\"DwMZtHsUve\" width=\"600\" height=\"338\" frameborder=\"0\" marginwidth=\"0\" marginheight=\"0\" scrolling=\"no\"><\/iframe>\n<\/div><\/figure>\n\n\n\n<p>Da stellen sich zwangsweise die beiden Eingangsfragen: bei den Versuchen, die NPD zu verbieten, stellte sich jeweils heraus, dass die NPD derart vom Verfassungsschutz verseucht war, dass das Verbot letztlich auf ein Verbot des Verfassungsschutzes hinausgelaufen w\u00e4re. <strong>Ist die CDU inzwischen derart von der AfD durchseucht, dass sie den CDU-Parteichef stellt? <\/strong>Zumindest w\u00fcrde das die Wahlhilfe f\u00fcr die AfD erkl\u00e4ren, die bei jeder \u00c4u\u00dferung von Merz 2%-Punkte zulegt.<\/p>\n\n\n\n<p>Oder macht Merz das nur, um seinen Masochismus zu befriedigen? Nach dem Motto: <em>&#8222;Qu\u00e4l mich!&#8220; &#8211; &#8222;NEIN!&#8220; &#8211; &#8222;Danke!&#8220;<\/em> . In dem Sinne w\u00e4re das keine absichtliche Wahlhilfe f\u00fcr die AfD, sondern selbige nur eine Nebenwirkung der Selbstbefriedigung, weshalb auch die Bezeichnung &#8222;stante penis&#8220; an Stelle von &#8222;stante pede&#8220; nicht ganz unangebracht ist. <\/p>\n\n\n\n<p>Angeblich hat ja mal <a rel=\"noreferrer noopener\" aria-label=\"eine Frau den Papst (\u00f6ffnet in neuem Tab)\" href=\"https:\/\/www.welt.de\/kultur\/history\/article13614017\/Ein-Stuhl-fuer-die-Maennlichkeit-des-Papstes.html\" target=\"_blank\">eine Frau den Papst<\/a> gegeben, so eine historische Art des heutigen LBG&#8230;-Geschehens, worauf (ebenfalls angeblich) jeder neue Papst sein Gel\u00e4ut nach der Wahl in einem besonderen Stuhl begutachten lassen musste, damit das nicht noch mal passiert. Mein Vorschlag w\u00e4re, das Herr Merz seinen n\u00e4chsten Widerruf auf einem Stuhl mit eingebautem Feuchtemessger\u00e4t verk\u00fcndet. Dann k\u00e4me man der L\u00f6sung der Frage, ob professionelles BDSM-Verhalten am Werk ist, vielleicht etwas n\u00e4her.<\/p>\n","protected":false},"excerpt":{"rendered":"<p>es gibt Friedrich Merz, seines Zeichens Chef der CDU. Man fragt sich allerdings langsam, ob in der CDU inzwischen Zust\u00e4nde herrschen wie weiland in der NPD oder Merz eine Figur aus dem BDSM-Bereich ist. Download Artikel als PDF<\/p>\n","protected":false},"author":1,"featured_media":0,"comment_status":"closed","ping_status":"closed","sticky":false,"template":"","format":"standard","meta":{"footnotes":""},"categories":[1],"tags":[],"class_list":["post-9355","post","type-post","status-publish","format-standard","hentry","category-allgemein"],"post_mailing_queue_ids":[],"_links":{"self":[{"href":"https:\/\/gilbertbrands.de\/blog\/wp-json\/wp\/v2\/posts\/9355","targetHints":{"allow":["GET"]}}],"collection":[{"href":"https:\/\/gilbertbrands.de\/blog\/wp-json\/wp\/v2\/posts"}],"about":[{"href":"https:\/\/gilbertbrands.de\/blog\/wp-json\/wp\/v2\/types\/post"}],"author":[{"embeddable":true,"href":"https:\/\/gilbertbrands.de\/blog\/wp-json\/wp\/v2\/users\/1"}],"replies":[{"embeddable":true,"href":"https:\/\/gilbertbrands.de\/blog\/wp-json\/wp\/v2\/comments?post=9355"}],"version-history":[{"count":1,"href":"https:\/\/gilbertbrands.de\/blog\/wp-json\/wp\/v2\/posts\/9355\/revisions"}],"predecessor-version":[{"id":9356,"href":"https:\/\/gilbertbrands.de\/blog\/wp-json\/wp\/v2\/posts\/9355\/revisions\/9356"}],"wp:attachment":[{"href":"https:\/\/gilbertbrands.de\/blog\/wp-json\/wp\/v2\/media?parent=9355"}],"wp:term":[{"taxonomy":"category","embeddable":true,"href":"https:\/\/gilbertbrands.de\/blog\/wp-json\/wp\/v2\/categories?post=9355"},{"taxonomy":"post_tag","embeddable":true,"href":"https:\/\/gilbertbrands.de\/blog\/wp-json\/wp\/v2\/tags?post=9355"}],"curies":[{"name":"wp","href":"https:\/\/api.w.org\/{rel}","templated":true}]}}