{"id":9325,"date":"2023-07-21T06:45:00","date_gmt":"2023-07-21T04:45:00","guid":{"rendered":"https:\/\/gilbertbrands.de\/blog\/?p=9325"},"modified":"2023-07-20T20:11:29","modified_gmt":"2023-07-20T18:11:29","slug":"druiden-in-athen","status":"publish","type":"post","link":"https:\/\/gilbertbrands.de\/blog\/2023\/07\/21\/druiden-in-athen\/","title":{"rendered":"Druiden in Athen!"},"content":{"rendered":"\n<p>Im Asterix-Band &#8222;Die Trabantenstadt&#8220; versuchen die R\u00f6mer, die Gallier zivilisatorisch zu \u00fcberw\u00e4ltigen. Dazu musste zun\u00e4chst der Wald um das Dorf gerodet werden. Des Nachts warfen die Gallier von ihren Druiden verzaubertrankte Eicheln in die Rodungsfl\u00e4chen, die dann bis morgens wieder komplett ausgewachsen waren, so dass die R\u00f6mer immer wieder von vorne anfangen mussten. Das spielt sich anscheinend auch in Athen ab.<\/p>\n\n\n\n<!--more-->\n\n\n\n<p>Wie uns ARD und ZDF glaubhaft versichern, ist es in Griechenland und speziell in Athen so hei\u00df, dass die W\u00e4lder abbrennen. Und zwar vollst\u00e4ndig. Wegen der Hitze. Weshalb man in D Hitzschutzr\u00e4ume ben\u00f6tigt. Im Archiv kann man aber Berichte finden, nach denen in Athen schon seit 20 und mehr Jahren die W\u00e4lder abbrennen. Wegen der Hitze. Und zwar vollst\u00e4ndig. Was keinen andere Schluss zul\u00e4sst als dass sich die gallischen Druiden in Athen eingenistet haben und dort durch verzaubertrankte Baumsamen daf\u00fcr sorgen, dass im n\u00e4chsten Jahr wieder genug Wald zum Abbrennen zur Verf\u00fcgung steht. Zum vollst\u00e4ndigen Abbrennen. Wegen der Hitze. Die so stark ist, dass dadurch Feuer entstehen. Durch die der Wald vollst\u00e4ndig abbrennt. Wegen der Hitze. &#8230;<\/p>\n\n\n\n<p>Das ist nat\u00fcrlich in mehrfacher Hinsicht Quark. Holz, auch wenn es gut getrocknet ist, entflammt erst ab ca. 230\u00b0C. Selbst gr\u00fcne Oberd\u00f6del werden vermutlich zugeben, dass es dazu nicht reicht. F\u00fcr die nat\u00fcrliche Entz\u00fcndung von Holz gibt es nur wenige Ursachen: Blitzschlag, Meteoriteneinschl\u00e4ge, Vulkanausbr\u00fcche, wobei die letzten beiden schon recht exotisch sind. Manche W\u00e4lder m\u00fcssen zur Verj\u00fcngung regelm\u00e4\u00dfig abbrennen, wobei der Begriff &#8222;Wald&#8220; schon aussagt, dass zwischen den Br\u00e4nden erhebliche Zeiten liegen, denn ein Wald muss sich ja erst einmal bilden. Die Zeitr\u00e4ume, in denen die Erde solche &#8222;Verj\u00fcngungszylen&#8220; misst, betragen denn auch viele Jahrzehnte wenn nicht gar Jahrhunderte. Fazit: mit der Hitze hat das Brennen der W\u00e4lder um Athen nicht zu tun. Rein gar nichts. Nada. N\u00fcscht.<\/p>\n\n\n\n<p>Trotzdem brennen die W\u00e4lder um Athen im Jahresma\u00dfstab. Sind da Druiden am Werk? N\u00f6, auch nicht. Zun\u00e4chst einmal sind die Ursachen f\u00fcr solche Br\u00e4nde Unachtsamkeit (Grill, Zigaretten) oder Brandstiftung. Und die Br\u00e4nde bleiben auch relativ begrenzt, sonst w\u00e4re nach ein paar Jahren nichts mehr da zu brennen. Es muss auch nicht mehr brennen, als notwendig. Notwendig ist eigentlich nur, dass das Waldst\u00fcck abfackelt, das der Eigent\u00fcmer in Bauland umwandeln will. Mit Wald geht das nicht, mit kein Wald (weil abgefackelt) schon wesentlich einfacher.<\/p>\n\n\n\n<p>Und da haben wir die Ursache: die meisten Br\u00e4nde werden durch Brandstiftung ausgel\u00f6st, weil der Eigent\u00fcmer interessantere Nutzungsvorstellungen hat. Und immer nur so viel, wie er an abgefackeltem Wald braucht. Im n\u00e4chsten Jahr soll es ja wieder brennen. Und Druiden w\u00e4ren da nur hinderlich. Und ARD und ZDF ohnehin.<\/p>\n","protected":false},"excerpt":{"rendered":"<p>Im Asterix-Band &#8222;Die Trabantenstadt&#8220; versuchen die R\u00f6mer, die Gallier zivilisatorisch zu \u00fcberw\u00e4ltigen. Dazu musste zun\u00e4chst der Wald um das Dorf gerodet werden. Des Nachts warfen die Gallier von ihren Druiden verzaubertrankte Eicheln in die Rodungsfl\u00e4chen, die dann bis morgens wieder komplett ausgewachsen waren, so dass die R\u00f6mer immer wieder von vorne anfangen mussten. Das spielt &hellip; <a href=\"https:\/\/gilbertbrands.de\/blog\/2023\/07\/21\/druiden-in-athen\/\" class=\"more-link\"><span class=\"screen-reader-text\">Druiden in Athen!<\/span> weiterlesen <span class=\"meta-nav\">&rarr;<\/span><\/a><\/p>\n","protected":false},"author":1,"featured_media":0,"comment_status":"closed","ping_status":"closed","sticky":false,"template":"","format":"standard","meta":{"footnotes":""},"categories":[1],"tags":[],"class_list":["post-9325","post","type-post","status-publish","format-standard","hentry","category-allgemein"],"post_mailing_queue_ids":[],"_links":{"self":[{"href":"https:\/\/gilbertbrands.de\/blog\/wp-json\/wp\/v2\/posts\/9325","targetHints":{"allow":["GET"]}}],"collection":[{"href":"https:\/\/gilbertbrands.de\/blog\/wp-json\/wp\/v2\/posts"}],"about":[{"href":"https:\/\/gilbertbrands.de\/blog\/wp-json\/wp\/v2\/types\/post"}],"author":[{"embeddable":true,"href":"https:\/\/gilbertbrands.de\/blog\/wp-json\/wp\/v2\/users\/1"}],"replies":[{"embeddable":true,"href":"https:\/\/gilbertbrands.de\/blog\/wp-json\/wp\/v2\/comments?post=9325"}],"version-history":[{"count":1,"href":"https:\/\/gilbertbrands.de\/blog\/wp-json\/wp\/v2\/posts\/9325\/revisions"}],"predecessor-version":[{"id":9326,"href":"https:\/\/gilbertbrands.de\/blog\/wp-json\/wp\/v2\/posts\/9325\/revisions\/9326"}],"wp:attachment":[{"href":"https:\/\/gilbertbrands.de\/blog\/wp-json\/wp\/v2\/media?parent=9325"}],"wp:term":[{"taxonomy":"category","embeddable":true,"href":"https:\/\/gilbertbrands.de\/blog\/wp-json\/wp\/v2\/categories?post=9325"},{"taxonomy":"post_tag","embeddable":true,"href":"https:\/\/gilbertbrands.de\/blog\/wp-json\/wp\/v2\/tags?post=9325"}],"curies":[{"name":"wp","href":"https:\/\/api.w.org\/{rel}","templated":true}]}}