{"id":9307,"date":"2023-07-19T06:25:00","date_gmt":"2023-07-19T04:25:00","guid":{"rendered":"https:\/\/gilbertbrands.de\/blog\/?p=9307"},"modified":"2023-07-18T06:41:05","modified_gmt":"2023-07-18T04:41:05","slug":"das-klima-wird-nun-per-gesetz-angepasst","status":"publish","type":"post","link":"https:\/\/gilbertbrands.de\/blog\/2023\/07\/19\/das-klima-wird-nun-per-gesetz-angepasst\/","title":{"rendered":"Das Klima wird nun per Gesetz angepasst"},"content":{"rendered":"\n<figure class=\"wp-block-image size-large\"><img loading=\"lazy\" decoding=\"async\" width=\"858\" height=\"431\" src=\"https:\/\/gilbertbrands.de\/blog\/wp-content\/uploads\/2023\/07\/grafik-40.png\" alt=\"\" class=\"wp-image-9308\" srcset=\"https:\/\/gilbertbrands.de\/blog\/wp-content\/uploads\/2023\/07\/grafik-40.png 858w, https:\/\/gilbertbrands.de\/blog\/wp-content\/uploads\/2023\/07\/grafik-40-300x151.png 300w, https:\/\/gilbertbrands.de\/blog\/wp-content\/uploads\/2023\/07\/grafik-40-768x386.png 768w\" sizes=\"auto, (max-width: 858px) 100vw, 858px\" \/><figcaption><a href=\"https:\/\/www.bmuv.de\/gesetz\/referentenentwurf-eines-bundes-klimaanpassungsgesetzes\" target=\"_blank\" rel=\"noreferrer noopener\" aria-label=\" (\u00f6ffnet in neuem Tab)\">https:\/\/www.bmuv.de\/gesetz\/referentenentwurf-eines-bundes-klimaanpassungsgesetzes<\/a><\/figcaption><\/figure>\n\n\n\n<!--more-->\n\n\n\n<p><strong>Die \u00dcberschrift ist kein Witz!<\/strong><\/p>\n\n\n\n<p>Zwar geht es vordergr\u00fcndig um Anpassungen an den Klimawandel. Klar muss sich an den anpassen, aber ein Klimawandel verl\u00e4uft in Zeitr\u00e4umen, die es erlauben, sich in aller Ruhe mit den einzelnen Ph\u00e4nomenen auseinander zu setzen und selbst dabei zwischendurch ganze Legislaturperioden ins Land gehen, ohne das man sich \u00fcberhaupt Gedanken machen m\u00fcsste.<\/p>\n\n\n\n<p>Hier wird nun alles vereint und auf die n\u00e4chsten 80 Jahre hingeplant. Und um auch nur halbwegs einen Grund daf\u00fcr zu haben, dass sich Leute mit diesem ausgemachten Schwachsinn besch\u00e4ftigen, die etwa so viel Gehalt bekommen wie 15-20 Rentner (bekommen! nicht verdienen!), <strong>musste man im Vorfeld das Klima bzw. dessen Trend massiv anpassen<\/strong>, leicht herauszulesen  aus den verschiedenen verlinkten PDFs auf der Seite und den Unterseiten. Mit den \u00fcblichen frei erfundenen Daten und M\u00e4rchen. Insofern handelt es sich tats\u00e4chlich um ein Klimaanpassungsgesetz.<\/p>\n\n\n\n<p>Man sollte sich \u00fcber diese Regierung mal intensiver in einem asozialen Netzwerk unterhalten.<\/p>\n\n\n\n<hr class=\"wp-block-separator\"\/>\n\n\n\n<p>Nebenbei gefragt: wer ist in dem Saftladen eigentlich f\u00fcr was zust\u00e4ndig?<\/p>\n\n\n\n<figure class=\"wp-block-image size-large\"><img loading=\"lazy\" decoding=\"async\" width=\"430\" height=\"166\" src=\"https:\/\/gilbertbrands.de\/blog\/wp-content\/uploads\/2023\/07\/grafik-41.png\" alt=\"\" class=\"wp-image-9309\" srcset=\"https:\/\/gilbertbrands.de\/blog\/wp-content\/uploads\/2023\/07\/grafik-41.png 430w, https:\/\/gilbertbrands.de\/blog\/wp-content\/uploads\/2023\/07\/grafik-41-300x116.png 300w\" sizes=\"auto, (max-width: 430px) 100vw, 430px\" \/><\/figure>\n\n\n\n<figure class=\"wp-block-image size-large\"><img loading=\"lazy\" decoding=\"async\" width=\"223\" height=\"119\" src=\"https:\/\/gilbertbrands.de\/blog\/wp-content\/uploads\/2023\/07\/grafik-42.png\" alt=\"\" class=\"wp-image-9310\"\/><\/figure>\n","protected":false},"excerpt":{"rendered":"<p>Download Artikel als PDF<\/p>\n","protected":false},"author":1,"featured_media":0,"comment_status":"closed","ping_status":"closed","sticky":false,"template":"","format":"standard","meta":{"footnotes":""},"categories":[1],"tags":[],"class_list":["post-9307","post","type-post","status-publish","format-standard","hentry","category-allgemein"],"post_mailing_queue_ids":[],"_links":{"self":[{"href":"https:\/\/gilbertbrands.de\/blog\/wp-json\/wp\/v2\/posts\/9307","targetHints":{"allow":["GET"]}}],"collection":[{"href":"https:\/\/gilbertbrands.de\/blog\/wp-json\/wp\/v2\/posts"}],"about":[{"href":"https:\/\/gilbertbrands.de\/blog\/wp-json\/wp\/v2\/types\/post"}],"author":[{"embeddable":true,"href":"https:\/\/gilbertbrands.de\/blog\/wp-json\/wp\/v2\/users\/1"}],"replies":[{"embeddable":true,"href":"https:\/\/gilbertbrands.de\/blog\/wp-json\/wp\/v2\/comments?post=9307"}],"version-history":[{"count":1,"href":"https:\/\/gilbertbrands.de\/blog\/wp-json\/wp\/v2\/posts\/9307\/revisions"}],"predecessor-version":[{"id":9311,"href":"https:\/\/gilbertbrands.de\/blog\/wp-json\/wp\/v2\/posts\/9307\/revisions\/9311"}],"wp:attachment":[{"href":"https:\/\/gilbertbrands.de\/blog\/wp-json\/wp\/v2\/media?parent=9307"}],"wp:term":[{"taxonomy":"category","embeddable":true,"href":"https:\/\/gilbertbrands.de\/blog\/wp-json\/wp\/v2\/categories?post=9307"},{"taxonomy":"post_tag","embeddable":true,"href":"https:\/\/gilbertbrands.de\/blog\/wp-json\/wp\/v2\/tags?post=9307"}],"curies":[{"name":"wp","href":"https:\/\/api.w.org\/{rel}","templated":true}]}}