{"id":9263,"date":"2023-07-14T14:58:00","date_gmt":"2023-07-14T12:58:00","guid":{"rendered":"https:\/\/gilbertbrands.de\/blog\/?p=9263"},"modified":"2023-07-13T07:39:34","modified_gmt":"2023-07-13T05:39:34","slug":"treffen-der-anonymen-narzissten","status":"publish","type":"post","link":"https:\/\/gilbertbrands.de\/blog\/2023\/07\/14\/treffen-der-anonymen-narzissten\/","title":{"rendered":"Treffen der anonymen Narzissten"},"content":{"rendered":"\n<p>&#8222;Hallo, liebe Gruppe. Heute haben wir einen neuen Teilnehmer in unserer Runde. Stell&#8216; dich doch bitte kurz vor.&#8220;<\/p>\n\n\n\n<!--more-->\n\n\n\n<p>&#8222;Ja, hallo, ich bin der Karl und ich bin Narzisst und bin der Gr\u00f6\u00dfte &#8230;.&#8220;<\/p>\n\n\n\n<p>&#8222;<strong>So ein Unfug! Ich, Robert, bin der Gr\u00f6\u00dfte!<\/strong> Nicht wahr, Annalena?&#8220;<\/p>\n\n\n\n<p>&#8222;Ach, du kleiner Robbi, wir hatten doch schon l\u00e4ngst gekl\u00e4rt, das ich die Gr\u00f6\u00dfte bin. Schreib lieber wieder Rinderb\u00fccher, nicht wahr, Olaf?&#8220;<\/p>\n\n\n\n<p>&#8222;<strong>Ich bin der Chef, also bin ich der Gr\u00f6\u00dfte! Punkt!<\/strong>&#8222;<\/p>\n\n\n\n<p>&#8222;So ein Bl\u00f6dsinn! Der Verfassungsschutz, der nur auch mich, die Nancy h\u00f6rt, hat mir wiederholt best\u00e4tigt, dass ich die Gr\u00f6\u00dfte bin und du nur ein Gnom!&#8220;<\/p>\n\n\n\n<p>&#8222;&#8230;. ich! &#8230;. Christian &#8230;. du Zwerg &#8230;. dass ich nicht lache &#8230;. mir, Ursula &#8230; die Panzer bin ich, Boris &#8230;. &#8222;<\/p>\n\n\n\n<h4 class=\"wp-block-heading\">&#8222;Schluss! &#8230;<\/h4>\n\n\n\n<p>&#8230; leider muss ich an dieser Stelle unseren Gruppenabend beenden. Ich hoffe, euch beim n\u00e4chsten Mal &#8230;&#8220;<\/p>\n\n\n\n<p>&#8222;<strong>Was mischt der sich ein?<\/strong> &#8230; Blo\u00df weil er Moderator ist, hat der doch hier nichts zu sagen &#8230; <strong>ich bin trotzdem der Gr\u00f6\u00dfte!<\/strong> &#8230; mach deinen Zwergenaufstand woanders, hier unterhalten sich erwachsene Leute &#8230; hier ist nur einer erwachsen, und das bin ich &#8230; hallo Karl, und wie geht deine Hose auf? &#8230;&#8220;<\/p>\n","protected":false},"excerpt":{"rendered":"<p>&#8222;Hallo, liebe Gruppe. Heute haben wir einen neuen Teilnehmer in unserer Runde. Stell&#8216; dich doch bitte kurz vor.&#8220; Download Artikel als PDF<\/p>\n","protected":false},"author":1,"featured_media":0,"comment_status":"closed","ping_status":"closed","sticky":false,"template":"","format":"standard","meta":{"footnotes":""},"categories":[1],"tags":[],"class_list":["post-9263","post","type-post","status-publish","format-standard","hentry","category-allgemein"],"post_mailing_queue_ids":[],"_links":{"self":[{"href":"https:\/\/gilbertbrands.de\/blog\/wp-json\/wp\/v2\/posts\/9263","targetHints":{"allow":["GET"]}}],"collection":[{"href":"https:\/\/gilbertbrands.de\/blog\/wp-json\/wp\/v2\/posts"}],"about":[{"href":"https:\/\/gilbertbrands.de\/blog\/wp-json\/wp\/v2\/types\/post"}],"author":[{"embeddable":true,"href":"https:\/\/gilbertbrands.de\/blog\/wp-json\/wp\/v2\/users\/1"}],"replies":[{"embeddable":true,"href":"https:\/\/gilbertbrands.de\/blog\/wp-json\/wp\/v2\/comments?post=9263"}],"version-history":[{"count":1,"href":"https:\/\/gilbertbrands.de\/blog\/wp-json\/wp\/v2\/posts\/9263\/revisions"}],"predecessor-version":[{"id":9264,"href":"https:\/\/gilbertbrands.de\/blog\/wp-json\/wp\/v2\/posts\/9263\/revisions\/9264"}],"wp:attachment":[{"href":"https:\/\/gilbertbrands.de\/blog\/wp-json\/wp\/v2\/media?parent=9263"}],"wp:term":[{"taxonomy":"category","embeddable":true,"href":"https:\/\/gilbertbrands.de\/blog\/wp-json\/wp\/v2\/categories?post=9263"},{"taxonomy":"post_tag","embeddable":true,"href":"https:\/\/gilbertbrands.de\/blog\/wp-json\/wp\/v2\/tags?post=9263"}],"curies":[{"name":"wp","href":"https:\/\/api.w.org\/{rel}","templated":true}]}}