{"id":9151,"date":"2023-06-28T07:09:00","date_gmt":"2023-06-28T05:09:00","guid":{"rendered":"https:\/\/gilbertbrands.de\/blog\/?p=9151"},"modified":"2023-06-27T18:59:42","modified_gmt":"2023-06-27T16:59:42","slug":"bestechende-logik","status":"publish","type":"post","link":"https:\/\/gilbertbrands.de\/blog\/2023\/06\/28\/bestechende-logik\/","title":{"rendered":"Bestechende Logik"},"content":{"rendered":"\n<p>Bei Twitter findet man immer wieder Beispiele h\u00f6herer intellektueller und kulturell wertvoller Leistungen. Kanntet ihr beispielsweise den Zusammenhang zwischen Covid-Impfung und Rechtsextremismus?<\/p>\n\n\n\n<!--more-->\n\n\n\n<figure class=\"wp-block-image size-large\"><img loading=\"lazy\" decoding=\"async\" width=\"488\" height=\"313\" src=\"https:\/\/gilbertbrands.de\/blog\/wp-content\/uploads\/2023\/06\/grafik-15.png\" alt=\"\" class=\"wp-image-9152\" srcset=\"https:\/\/gilbertbrands.de\/blog\/wp-content\/uploads\/2023\/06\/grafik-15.png 488w, https:\/\/gilbertbrands.de\/blog\/wp-content\/uploads\/2023\/06\/grafik-15-300x192.png 300w\" sizes=\"auto, (max-width: 488px) 100vw, 488px\" \/><figcaption><br><a href=\"https:\/\/twitter.com\/theresa_vollmer\/status\/1673058120212398081\" target=\"_blank\" rel=\"noreferrer noopener\" aria-label=\" (\u00f6ffnet in neuem Tab)\">https:\/\/twitter.com\/theresa_vollmer\/status\/1673058120212398081<\/a><\/figcaption><\/figure>\n\n\n\n<p>Die muss es ja wissen. Ist nach eigenen Angaben immerhin Oberregierungsr\u00e4tin und CDU-Mitglied in NRW (genauer in D\u00fcsseldoof). <\/p>\n\n\n\n<p>Ob das ein Fake ist, wei\u00df ich nicht. Das Profil wurde inzwischen ge\u00e4ndert und nach einer Oberratsbeamtin sieht das Foto nicht aus. Leider kann man aber heute nicht mehr ausschlie\u00dfen, dass selbst dieser Schwachsinn ernst gemeint ist.<\/p>\n\n\n\n<hr class=\"wp-block-separator\"\/>\n\n\n\n<p>Echt ist aber das hier:<\/p>\n\n\n\n<figure class=\"wp-block-image size-large\"><img loading=\"lazy\" decoding=\"async\" width=\"491\" height=\"485\" src=\"https:\/\/gilbertbrands.de\/blog\/wp-content\/uploads\/2023\/06\/grafik-16.png\" alt=\"\" class=\"wp-image-9158\" srcset=\"https:\/\/gilbertbrands.de\/blog\/wp-content\/uploads\/2023\/06\/grafik-16.png 491w, https:\/\/gilbertbrands.de\/blog\/wp-content\/uploads\/2023\/06\/grafik-16-300x296.png 300w, https:\/\/gilbertbrands.de\/blog\/wp-content\/uploads\/2023\/06\/grafik-16-50x50.png 50w\" sizes=\"auto, (max-width: 491px) 100vw, 491px\" \/><\/figure>\n\n\n\n<p>Da muss man sich allerdings fragen, wie bl\u00f6d man sein darf, um in Th\u00fcringen Innenstaatssekret\u00f6se (oder was f\u00fcr ein Geschlecht die Dame auch immer ab und zu w\u00e4scht) zu werden. <\/p>\n\n\n\n<h1 class=\"has-text-align-center wp-block-heading\">Herr Sesselmann ist bereits gew\u00e4hlt !!<\/h1>\n\n\n\n<p>Passt das noch irgendwie in Ihren SPD-Sch\u00e4del? Vermutlich nicht. <\/p>\n\n\n\n<p>Wie so ein Test aussehen soll, kann man sich vorstellen, wenn man die letzte Zeile liest. Das Sch\u00f6ne an der Sache ist ja, dass so ein Landesverfassungsschutz ein Geheimdienst ist. Der muss nicht begr\u00fcnden, weshalb er den politischen Gegner seines Parteifreundes als irgendwas einsch\u00e4tzt. Gl\u00fccklicherweise ist meine Ansicht zum Verfassungsschutz ebenfalls geheim.<\/p>\n\n\n\n<p>Was dringend Not t\u00e4te, w\u00e4ren allerdings Tests bei einer Menge an Ministern und Politikern aus dem Gr\u00fcn-Rot-Gelb-Schwarz-Roten Spektrum. Wohin das f\u00fchrt, sieht man hier:<\/p>\n\n\n\n<figure class=\"wp-block-video\"><video controls src=\"https:\/\/gilbertbrands.de\/blog\/wp-content\/uploads\/2023\/06\/video_2023-06-27_18-49-33.mp4\"><\/video><\/figure>\n\n\n\n<p>Klabauterbach hat sich beim Greifen seines Hitzschutzplans am mittleren IQ der Blase orientiert, und der liegt offenbar knapp \u00fcber 9. Wenn er wenigstens den BMI von Ricarda Lang verwendet h\u00e4tte. Dann w\u00fcrde der Plan erst greifen, wenn die Bude brennt (> 50?).<\/p>\n\n\n\n<p>Die normale IQ-Verteilung sieht so aus:<\/p>\n\n\n\n<figure class=\"wp-block-image size-large\"><img loading=\"lazy\" decoding=\"async\" width=\"1024\" height=\"461\" src=\"https:\/\/gilbertbrands.de\/blog\/wp-content\/uploads\/2023\/06\/grafik-17-1024x461.png\" alt=\"\" class=\"wp-image-9161\" srcset=\"https:\/\/gilbertbrands.de\/blog\/wp-content\/uploads\/2023\/06\/grafik-17-1024x461.png 1024w, https:\/\/gilbertbrands.de\/blog\/wp-content\/uploads\/2023\/06\/grafik-17-300x135.png 300w, https:\/\/gilbertbrands.de\/blog\/wp-content\/uploads\/2023\/06\/grafik-17-768x346.png 768w, https:\/\/gilbertbrands.de\/blog\/wp-content\/uploads\/2023\/06\/grafik-17.png 1046w\" sizes=\"auto, (max-width: 1024px) 100vw, 1024px\" \/><figcaption><a href=\"https:\/\/www.iq-tabelle.de\/iq-skala\/\" target=\"_blank\" rel=\"noreferrer noopener\" aria-label=\" (\u00f6ffnet in neuem Tab)\">https:\/\/www.iq-tabelle.de\/iq-skala\/<\/a><\/figcaption><\/figure>\n\n\n\n<p>wobei man sich aber die Frage stellen kann, welchen IQ die IQ-Tester haben, wenn solche Bemerkungen unter der Tabelle stehen:<\/p>\n\n\n\n<blockquote class=\"wp-block-quote is-layout-flow wp-block-quote-is-layout-flow\"><p>Viele ber\u00fchmte Pers\u00f6nlichkeiten aus der Geschichte k\u00f6nnen einen IQ \u00fcber 130 vorweisen und gelten damit laut der IQ-Skala  als hochbegabt. Dazu geh\u00f6rt auch der ber\u00fchmte Erfinder Leonardo da  Vinci mit einem Intelligenzquotienten von 154. Noch ein St\u00fcck weiter  oben in der IQ-Tabelle steht sein Landsmann Galilei Galileo, der einen  Intelligenzquotient von 159 hatte. Aber auch aus Deutschland stammen  einige <a href=\"http:\/\/www.iq-tabelle.de\/iq-werte\/\">ber\u00fchmte Personen<\/a> mit einem IQ \u00fcber 130, und gelten nach der Einordnung der IQ-Skala  somit als hochbegabt. So soll etwa der deutsche Mathematiker Gottfried  Wilhelm von Leibniz sogar einen IQ von 178 gehabt haben. An der Spitze  der IQ-Tabelle thront mit dem Dichter Johann Wolfgang vonGoethe ebenfalls ein Deutscher. Johann Wolfgang von Goethe kann mit Stolz einen beeindruckenden Intelligentquotienten von 183 vorweisen.<\/p><\/blockquote>\n\n\n\n<p>Wie sie das wohl getestet haben an Leuten, die bereits vor Jahrhunderten vor\u00fcberbehend das Atmen eingestellt haben &#8230;.  ?????<\/p>\n","protected":false},"excerpt":{"rendered":"<p>Bei Twitter findet man immer wieder Beispiele h\u00f6herer intellektueller und kulturell wertvoller Leistungen. Kanntet ihr beispielsweise den Zusammenhang zwischen Covid-Impfung und Rechtsextremismus? Download Artikel als PDF<\/p>\n","protected":false},"author":1,"featured_media":0,"comment_status":"closed","ping_status":"closed","sticky":false,"template":"","format":"standard","meta":{"footnotes":""},"categories":[1],"tags":[],"class_list":["post-9151","post","type-post","status-publish","format-standard","hentry","category-allgemein"],"post_mailing_queue_ids":[],"_links":{"self":[{"href":"https:\/\/gilbertbrands.de\/blog\/wp-json\/wp\/v2\/posts\/9151","targetHints":{"allow":["GET"]}}],"collection":[{"href":"https:\/\/gilbertbrands.de\/blog\/wp-json\/wp\/v2\/posts"}],"about":[{"href":"https:\/\/gilbertbrands.de\/blog\/wp-json\/wp\/v2\/types\/post"}],"author":[{"embeddable":true,"href":"https:\/\/gilbertbrands.de\/blog\/wp-json\/wp\/v2\/users\/1"}],"replies":[{"embeddable":true,"href":"https:\/\/gilbertbrands.de\/blog\/wp-json\/wp\/v2\/comments?post=9151"}],"version-history":[{"count":3,"href":"https:\/\/gilbertbrands.de\/blog\/wp-json\/wp\/v2\/posts\/9151\/revisions"}],"predecessor-version":[{"id":9162,"href":"https:\/\/gilbertbrands.de\/blog\/wp-json\/wp\/v2\/posts\/9151\/revisions\/9162"}],"wp:attachment":[{"href":"https:\/\/gilbertbrands.de\/blog\/wp-json\/wp\/v2\/media?parent=9151"}],"wp:term":[{"taxonomy":"category","embeddable":true,"href":"https:\/\/gilbertbrands.de\/blog\/wp-json\/wp\/v2\/categories?post=9151"},{"taxonomy":"post_tag","embeddable":true,"href":"https:\/\/gilbertbrands.de\/blog\/wp-json\/wp\/v2\/tags?post=9151"}],"curies":[{"name":"wp","href":"https:\/\/api.w.org\/{rel}","templated":true}]}}