{"id":9076,"date":"2023-06-05T08:15:00","date_gmt":"2023-06-05T06:15:00","guid":{"rendered":"https:\/\/gilbertbrands.de\/blog\/?p=9076"},"modified":"2023-05-29T08:47:38","modified_gmt":"2023-05-29T06:47:38","slug":"die-ard-als-anstifter-zum-terrorismus","status":"publish","type":"post","link":"https:\/\/gilbertbrands.de\/blog\/2023\/06\/05\/die-ard-als-anstifter-zum-terrorismus\/","title":{"rendered":"Die ARD als Anstifter zum Terrorismus"},"content":{"rendered":"\n<p>Am 24.5.23 wurden mehrere Wohnungen der durchgeknallten Klimaterroristen der letzten Generation wegen des Verdachts der Bildung eine kriminellen Vereinigung durchsucht &#8211; wobei sich der normale B\u00fcrger bereits fragt, wieso da noch &#8222;Verdacht&#8220; steht, denn es handelt sich um Kriminelle, die von internationalen Organisationen f\u00fcr die Durchf\u00fchrung von Straftaten gebucht und bezahlt werden.<\/p>\n\n\n\n<!--more-->\n\n\n\n<p>Die Reaktion in der gr\u00fcn-roten Propaganda-Welt war vorhersehbar: die in &#8222;Mimimimi&#8220;-Interviews weinerlich auftretenden Terroristen wurden als Opfer dargestellt. Einen dieser verharmlosenden und zur weiterer Gewalt auffordernden Beitrage brachte mal wieder die ARD in Gestalt ihrer Moderatorin Aline Aboud in einem Interview mit der Berliner Justizsenatorin und Doppel-Quoten-Frau Felor Bardenberg.<\/p>\n\n\n\n<p>Ihre eigenartige Einstellung dokumentiert Aboud bereits durch S\u00e4tze wie diesen:<\/p>\n\n\n\n<blockquote class=\"wp-block-quote is-layout-flow wp-block-quote-is-layout-flow\"><p>Wenn Menschen zu sp\u00e4t zu ihren Terminen kommen, das mag ja l\u00e4stig sein, aber ist das denn ein Grund daf\u00fcr, Razzien in sieben Bundesl\u00e4ndern zu machen und zu pr\u00fcfen, ob sie eine kriminelle Vereinigung sind?<\/p><\/blockquote>\n\n\n\n<p>Zu sp\u00e4t kommen, weil man den Wecker nicht geh\u00f6rt hat, ist eine Sache, aber zig Tausende von B\u00fcrgern, die durch massive n\u00f6tigende Gewalt davon abgehalten werden, ihrer Arbeit nachzugehen, und das auch noch t\u00e4glich &#8211; das ist nicht l\u00e4stig, das ist Terrorismus, der obendrein noch von der Politik und Polizei unterst\u00fctzt wird. Die korrekte Frage w\u00e4re gewesen: &#8222;Warum nur Razzien bei der letzten Generation? Warum nicht auch Razzien bei gr\u00fcnen und roten Politikern und der Polizei?&#8220;<\/p>\n\n\n\n<p>Genauso entlarvend die Antwort mit Bezug auf die Behinderung von Rettungsdiensten durch die Justizsenatorin:<\/p>\n\n\n\n<blockquote class=\"wp-block-quote is-layout-flow wp-block-quote-is-layout-flow\"><p>Wir k\u00f6nnen alle froh sein, dass dabei nichts passiert ist. Ehrlich gesagt m\u00f6chte ich mir nicht ausmalen und auch nicht die Verantwortung daf\u00fcr tragen, dass Krankenwagen nicht p\u00fcnktlich zum Krankenhaus kommen und dadurch Menschenleben gef\u00e4hrdet werden.<\/p><\/blockquote>\n\n\n\n<p>Was hat die Frau verschlafen? Die Tote in Berlin und den Toten in Wien, mutma\u00dflich verursacht durch die Behinderung? Und passiert ist erst etwas, wenn es Tote gibt? Vorher ist alles nur harmlos? Wie Panne sind solche Leute eigentlich, dass sie so einen hirnlosen Bl\u00f6dsinn von sich geben?<\/p>\n\n\n\n<p>Worauf sich die ARD-Moderatorin stante pede in die n\u00e4chste L\u00fcge verrennnt:<\/p>\n\n\n\n<blockquote class=\"wp-block-quote is-layout-flow wp-block-quote-is-layout-flow\"><p>Aber die Protestbewegung will das ja nicht. Sie versucht ja zu verhindern, dass das passiert<\/p><\/blockquote>\n\n\n\n<p>Und genau aus diesem Grund haben die Verantwortlichen ja auch vor laufender Kamera ausposaunt, dass sie Menschenleben einen Scheiss interessieren und sie das eben in Kauf nehmen m\u00fcssten. Aboud l\u00fcgt, dass sich die Balken biegen und verharmlost selbst die Inkaufnahme von Todesopfern durch durchgeknallte Terroristen. Gleich darauf die n\u00e4chste Kelle:<\/p>\n\n\n\n<blockquote class=\"wp-block-quote is-layout-flow wp-block-quote-is-layout-flow\"><p>Aber sie werden ja teils zu Haft- und Geldstrafen verurteilt. Damit \u00fcbernehmen sie ja Verantwortung oder nicht.<\/p><\/blockquote>\n\n\n\n<p>Warum eigentlich nur &#8222;teils&#8220;? Was ist das f\u00fcr eine Justiz, die Straftaten gro\u00dfenteils nicht ahndet? Die sogar die Allgemeinheit f\u00fcr die Sch\u00e4den aufkommen l\u00e4sst, die die Terroristen verursachen, wie kaputten Stra\u00dfenbelag usw.? Die sogar nicht einschreitet, wenn die Terroristen nicht zu Vorladungen erscheinen, w\u00e4hrend jeder Falschparker von der Polizei mit Gewalt vorgef\u00fchrt wird?<\/p>\n\n\n\n<p>Und was, Frau Aboud, hat es mit Verantwortung zu tun, wenn man f\u00fcr Straftaten bestraft wird? Straftaten, die vors\u00e4tzlich begangen werden? Solche \u00c4u\u00dferungen sind verharmlosende Volksverhetzung!<\/p>\n\n\n\n<p>Final dann noch die indirekte Aufforderung, zum Vollterrorismus \u00fcberzugehen:<\/p>\n\n\n\n<blockquote class=\"wp-block-quote is-layout-flow wp-block-quote-is-layout-flow\"><p>Soll die Organisation aufgel\u00f6st werden, sollen die alle eingesperrt werden, sollen sie in den Untergrund gehen? Wie soll das jetzt weitergehen?<\/p><\/blockquote>\n\n\n\n<p>Die ARD fordert so mittelbar auf, den ohnehin schon unertr\u00e4glichen Terrorismus auf die Stufe einer RAF zu heben. Untergrund &#8211; das bedeutet heimliche und verdeckte Sabotage und Zerst\u00f6rungsaktionen, z.B.<\/p>\n\n\n\n<ul class=\"wp-block-list\"><li>Anstechen von Autoreifen<\/li><li>Durchschneiden von Bremsleitungen<\/li><li>\u00d6lverseuchung von Stra\u00dfen<\/li><li>Brand- und andere Anschl\u00e4ge auf Infrastruktur<\/li><li>&#8230;<\/li><\/ul>\n\n\n\n<p>&#8230; alles Sachen, die die Terroristen auch schon machen, wenn auch bislang erst im kleinen Stil. Ja, man sollte die Organisationen aufl\u00f6sen und alle einsperren, die ARD und Aboud eingeschlossen.<\/p>\n\n\n\n<hr class=\"wp-block-separator\"\/>\n\n\n\n<p>Bezug: <\/p>\n\n\n\n<p><a href=\"https:\/\/reitschuster.de\/post\/tagesthemen-moderatorin-blamiert-berlins-justiz-senatorin\/\">https:\/\/reitschuster.de\/post\/tagesthemen-moderatorin-blamiert-berlins-justiz-senatorin\/<\/a><\/p>\n","protected":false},"excerpt":{"rendered":"<p>Am 24.5.23 wurden mehrere Wohnungen der durchgeknallten Klimaterroristen der letzten Generation wegen des Verdachts der Bildung eine kriminellen Vereinigung durchsucht &#8211; wobei sich der normale B\u00fcrger bereits fragt, wieso da noch &#8222;Verdacht&#8220; steht, denn es handelt sich um Kriminelle, die von internationalen Organisationen f\u00fcr die Durchf\u00fchrung von Straftaten gebucht und bezahlt werden. Download Artikel als &hellip; <a href=\"https:\/\/gilbertbrands.de\/blog\/2023\/06\/05\/die-ard-als-anstifter-zum-terrorismus\/\" class=\"more-link\"><span class=\"screen-reader-text\">Die ARD als Anstifter zum Terrorismus<\/span> weiterlesen <span class=\"meta-nav\">&rarr;<\/span><\/a><\/p>\n","protected":false},"author":1,"featured_media":0,"comment_status":"closed","ping_status":"closed","sticky":false,"template":"","format":"standard","meta":{"footnotes":""},"categories":[1],"tags":[],"class_list":["post-9076","post","type-post","status-publish","format-standard","hentry","category-allgemein"],"post_mailing_queue_ids":[],"_links":{"self":[{"href":"https:\/\/gilbertbrands.de\/blog\/wp-json\/wp\/v2\/posts\/9076","targetHints":{"allow":["GET"]}}],"collection":[{"href":"https:\/\/gilbertbrands.de\/blog\/wp-json\/wp\/v2\/posts"}],"about":[{"href":"https:\/\/gilbertbrands.de\/blog\/wp-json\/wp\/v2\/types\/post"}],"author":[{"embeddable":true,"href":"https:\/\/gilbertbrands.de\/blog\/wp-json\/wp\/v2\/users\/1"}],"replies":[{"embeddable":true,"href":"https:\/\/gilbertbrands.de\/blog\/wp-json\/wp\/v2\/comments?post=9076"}],"version-history":[{"count":1,"href":"https:\/\/gilbertbrands.de\/blog\/wp-json\/wp\/v2\/posts\/9076\/revisions"}],"predecessor-version":[{"id":9077,"href":"https:\/\/gilbertbrands.de\/blog\/wp-json\/wp\/v2\/posts\/9076\/revisions\/9077"}],"wp:attachment":[{"href":"https:\/\/gilbertbrands.de\/blog\/wp-json\/wp\/v2\/media?parent=9076"}],"wp:term":[{"taxonomy":"category","embeddable":true,"href":"https:\/\/gilbertbrands.de\/blog\/wp-json\/wp\/v2\/categories?post=9076"},{"taxonomy":"post_tag","embeddable":true,"href":"https:\/\/gilbertbrands.de\/blog\/wp-json\/wp\/v2\/tags?post=9076"}],"curies":[{"name":"wp","href":"https:\/\/api.w.org\/{rel}","templated":true}]}}