{"id":9066,"date":"2023-06-03T08:48:00","date_gmt":"2023-06-03T06:48:00","guid":{"rendered":"https:\/\/gilbertbrands.de\/blog\/?p=9066"},"modified":"2023-05-27T08:56:03","modified_gmt":"2023-05-27T06:56:03","slug":"pro-kriminalitaet","status":"publish","type":"post","link":"https:\/\/gilbertbrands.de\/blog\/2023\/06\/03\/pro-kriminalitaet\/","title":{"rendered":"Pro Kriminalit\u00e4t"},"content":{"rendered":"\n<figure class=\"wp-block-image size-large\"><img loading=\"lazy\" decoding=\"async\" width=\"1024\" height=\"261\" src=\"https:\/\/gilbertbrands.de\/blog\/wp-content\/uploads\/2023\/05\/grafik-26-1024x261.png\" alt=\"\" class=\"wp-image-9067\" srcset=\"https:\/\/gilbertbrands.de\/blog\/wp-content\/uploads\/2023\/05\/grafik-26-1024x261.png 1024w, https:\/\/gilbertbrands.de\/blog\/wp-content\/uploads\/2023\/05\/grafik-26-300x77.png 300w, https:\/\/gilbertbrands.de\/blog\/wp-content\/uploads\/2023\/05\/grafik-26-768x196.png 768w, https:\/\/gilbertbrands.de\/blog\/wp-content\/uploads\/2023\/05\/grafik-26.png 1132w\" sizes=\"auto, (max-width: 1024px) 100vw, 1024px\" \/><figcaption><a href=\"https:\/\/rtde.site\/international\/171064-uno-nach-razzia-in-deutschland-klimaaktivisten-muessen-geschuetzt-werden\/\" target=\"_blank\" rel=\"noreferrer noopener\" aria-label=\" (\u00f6ffnet in neuem Tab)\">https:\/\/rtde.site\/international\/171064-uno-nach-razzia-in-deutschland-klimaaktivisten-muessen-geschuetzt-werden\/<\/a><\/figcaption><\/figure>\n\n\n\n<!--more-->\n\n\n\n<p>Wenn die vollgefressenen UNO-Bonzen, die ganz andere Interessen haben, sich zu Wort melden, kommt folgendes heraus:<\/p>\n\n\n\n<blockquote class=\"wp-block-quote is-layout-flow wp-block-quote-is-layout-flow\"><p><em>Klimaaktivisten \u2013 angef\u00fchrt von der moralischen Stimme junger  Menschen \u2013 haben ihre Ziele auch in den dunkelsten Tagen weiterverfolgt.  Sie m\u00fcssen gesch\u00fctzt werden, und wir brauchen sie jetzt mehr denn je.<\/em><\/p><\/blockquote>\n\n\n\n<p>Mal abgesehen, dass das Wort Klimaaktivist eine bestimmte Art gef\u00e4hrlicher realit\u00e4tsferner Geisteskrankheit beschreibt, tun solche Aktionen wie die Razzia Not und sind dringend n\u00f6tig. Aus einem einfachen Grund:<\/p>\n\n\n\n<p>Bislang gab es nur Tote auf Seiten der Zivilbev\u00f6lkerung, verursacht von den von der Staatsmacht geh\u00e4tschelten Geistesgest\u00f6rten, die sich damit l\u00e4ngst zum Mitt\u00e4ter gemacht hat und den Tod Unbeteiligter billigend in Kauf nimmt. Die Geschichte spricht allerdings daf\u00fcr, dass irgendwann das Pendel zur\u00fcck schl\u00e4gt und es auf der anderen Seite auch Tote geben wird.<\/p>\n\n\n\n<p>Schon alleine um das zu verhindern, muss der Unfug schnellstm\u00f6glich abgestellt werden.<\/p>\n","protected":false},"excerpt":{"rendered":"<p>Download Artikel als PDF<\/p>\n","protected":false},"author":1,"featured_media":0,"comment_status":"closed","ping_status":"closed","sticky":false,"template":"","format":"standard","meta":{"footnotes":""},"categories":[1],"tags":[],"class_list":["post-9066","post","type-post","status-publish","format-standard","hentry","category-allgemein"],"post_mailing_queue_ids":[],"_links":{"self":[{"href":"https:\/\/gilbertbrands.de\/blog\/wp-json\/wp\/v2\/posts\/9066","targetHints":{"allow":["GET"]}}],"collection":[{"href":"https:\/\/gilbertbrands.de\/blog\/wp-json\/wp\/v2\/posts"}],"about":[{"href":"https:\/\/gilbertbrands.de\/blog\/wp-json\/wp\/v2\/types\/post"}],"author":[{"embeddable":true,"href":"https:\/\/gilbertbrands.de\/blog\/wp-json\/wp\/v2\/users\/1"}],"replies":[{"embeddable":true,"href":"https:\/\/gilbertbrands.de\/blog\/wp-json\/wp\/v2\/comments?post=9066"}],"version-history":[{"count":1,"href":"https:\/\/gilbertbrands.de\/blog\/wp-json\/wp\/v2\/posts\/9066\/revisions"}],"predecessor-version":[{"id":9068,"href":"https:\/\/gilbertbrands.de\/blog\/wp-json\/wp\/v2\/posts\/9066\/revisions\/9068"}],"wp:attachment":[{"href":"https:\/\/gilbertbrands.de\/blog\/wp-json\/wp\/v2\/media?parent=9066"}],"wp:term":[{"taxonomy":"category","embeddable":true,"href":"https:\/\/gilbertbrands.de\/blog\/wp-json\/wp\/v2\/categories?post=9066"},{"taxonomy":"post_tag","embeddable":true,"href":"https:\/\/gilbertbrands.de\/blog\/wp-json\/wp\/v2\/tags?post=9066"}],"curies":[{"name":"wp","href":"https:\/\/api.w.org\/{rel}","templated":true}]}}