{"id":9056,"date":"2023-06-02T09:02:00","date_gmt":"2023-06-02T07:02:00","guid":{"rendered":"https:\/\/gilbertbrands.de\/blog\/?p=9056"},"modified":"2023-05-30T08:01:19","modified_gmt":"2023-05-30T06:01:19","slug":"moegen-sie-katzen","status":"publish","type":"post","link":"https:\/\/gilbertbrands.de\/blog\/2023\/06\/02\/moegen-sie-katzen\/","title":{"rendered":"M\u00f6gen Sie Katzen?"},"content":{"rendered":"\n<p>Katzen haben ja bekanntlich zwei Probleme:<\/p>\n\n\n\n<ol class=\"wp-block-list\"><li>Sie haben nach wir vor nicht rausbekommen, wie K\u00fchl\u00f6schrankt\u00fcren ge\u00f6ffnet werden.<\/li><li>Sie haben das gleiche Problem mit Katzenfutter-Konservendosen.<\/li><\/ol>\n\n\n\n<!--more-->\n\n\n\n<p>Aus diesem Grund halten sich Katzen eine Menschen, der diese T\u00e4tigkeiten nach Aufforderung f\u00fcr sie erledigt und sich dabei auch noch gut f\u00fchlt.<\/p>\n\n\n\n<p>Wir Menschen im totalit\u00e4ren Deutschland werden in K\u00fcrze vor dem gleichen Problem stehen wie die Katzen: wie kommen wir an unsere Nahrung. Und derzeit ist die L\u00f6sung anscheinend die gleiche: man h\u00e4lt sich Gr\u00fcnen-Politiker, die das Problem f\u00fcr einen l\u00f6sen. Wobei ich allerdings den Eindruck habe, dass die Katzen relativ besser dran sind als die Menschen:<\/p>\n\n\n\n<figure class=\"wp-block-image size-large\"><img loading=\"lazy\" decoding=\"async\" width=\"1024\" height=\"209\" src=\"https:\/\/gilbertbrands.de\/blog\/wp-content\/uploads\/2023\/05\/grafik-23-1024x209.png\" alt=\"\" class=\"wp-image-9057\" srcset=\"https:\/\/gilbertbrands.de\/blog\/wp-content\/uploads\/2023\/05\/grafik-23-1024x209.png 1024w, https:\/\/gilbertbrands.de\/blog\/wp-content\/uploads\/2023\/05\/grafik-23-300x61.png 300w, https:\/\/gilbertbrands.de\/blog\/wp-content\/uploads\/2023\/05\/grafik-23-768x157.png 768w, https:\/\/gilbertbrands.de\/blog\/wp-content\/uploads\/2023\/05\/grafik-23.png 1110w\" sizes=\"auto, (max-width: 1024px) 100vw, 1024px\" \/><figcaption><a href=\"https:\/\/rtde.site\/meinung\/170974-alles-fuers-klima-fleischlos-in\/\" target=\"_blank\" rel=\"noreferrer noopener\" aria-label=\" (\u00f6ffnet in neuem Tab)\">https:\/\/rtde.site\/meinung\/170974-alles-fuers-klima-fleischlos-in\/<\/a><\/figcaption><\/figure>\n\n\n\n<p>Wieder einmal wird alles dem Klima-Wahn &#8211; der gr\u00f6\u00dften L\u00fcge der Menschheit bislang &#8211; untergeordnet und nat\u00fcrlich in der WIR-Form verpackt, als ob irgendeine Art von WIR mit diese Mischpoke bestehen k\u00f6nnte, weder von deren noch von der anderen Seite aus:<\/p>\n\n\n\n<blockquote class=\"wp-block-quote is-layout-flow wp-block-quote-is-layout-flow\"><p><em>Die Transformation des gesamten Ern\u00e4hrungssystems hin zu einer  pflanzenbetonten Ern\u00e4hrungsweise ist die wichtigste Stellschraube im  Ern\u00e4hrungsbereich, um unsere nationalen und internationalen  Klima-Biodiversit\u00e4t, s- und Nachhaltigkeitsziele zu erreichen. <\/em><\/p><\/blockquote>\n\n\n\n<p>Was eine &#8222;pflanzenbetonte Ern\u00e4hrungsweise&#8220; bedeutet, wird auch n\u00e4her spezifiziert:<\/p>\n\n\n\n<blockquote class=\"wp-block-quote is-layout-flow wp-block-quote-is-layout-flow\"><p><em>Vertretern der Lebensmittelbranche sind bereits konkrete Ma\u00dfnahmen,  mit denen die neuen Ern\u00e4hrungsziele erreicht werden sollen, bekannt. &#8218;  So soll der empfohlene Tagesbedarf Gefl\u00fcgel k\u00fcnftig bei weniger als ein  Gramm liegen \u2013 und das, obwohl die DGE wei\u00dfes Fleisch bisher zu Recht  empfiehlt&#8216;, \u00e4u\u00dferte sich Wiebke von Seggern, Leiterin Nachhaltigkeit  beim Zentralverband der Deutschen Gefl\u00fcgelwirtschaft (ZDG) gegen\u00fcber der  Lebensmittelzeitung (LZ). Eckhard Heuser vom Milchindustrie-Verband  spricht gegen\u00fcber der LZ von &#8218;angedachten 10 Gramm Fleisch pro Tag&#8216;. Und  kommentiert: &#8218;Das entspr\u00e4che einer Currywurst im Monat!&#8216;<\/em><\/p><\/blockquote>\n\n\n\n<p>Der Schluss, den der Kommentator in seinem Artikel zieht, ist lesenswert:<\/p>\n\n\n\n<blockquote class=\"wp-block-quote is-layout-flow wp-block-quote-is-layout-flow\"><p>Wir sind an einem Punkt, an dem der Klimawandel f\u00fcr nahezu jede Tat als Begr\u00fcndung herangezogen werden kann. Corona war ein tempor\u00e4res Ereignis, der Ukraine-Krieg l\u00e4sst sich dank der Kriegstreiber noch eine Weile hinziehen, ist aber ebenfalls ein vor\u00fcbergehendes Ereignis. Aber das Klima, ja, das Klima, das ist ein Dauerbrenner, auf dessen Grundlage alles M\u00f6gliche beschlossen werden kann.<\/p><p>Bei all dem, auch bei der &#8222;Ern\u00e4hrungsberatung&#8220; der Bundesregierung, geht es nicht um die Verbesserung des Lebens, das wird klar, wenn man sich anschaut, wie tief wir bereits jetzt im Graben des wirtschaftlichen und sozialen Untergangs stecken. Armut, das Wohnungsdesaster, privatisierte Renten, ein auf Rendite getrimmtes Gesundheitssystem (das krank macht), ein strunzdummes Bildungssystem, das Sch\u00fcler und Lehrer gleicherma\u00dfen in den Wahnsinn treibt, eine faktische Kriegswirtschaft, die die Finanzen des Landes dominiert, eine stiefelleckende H\u00f6rigkeit gegen\u00fcber den Vereinigten Staaten, Korruption, Filz, Bestechung, Lobbyismus, marode Br\u00fccken, schmutzige Klos und ein Wirtschaftsminister, der die Bev\u00f6lkerung dazu zwingt, diese Klos zu putzen, nachdem er sie verunreinigt hat \u2013 all das steht f\u00fcr einen kollektiven Abstieg Deutschlands.<\/p><\/blockquote>\n\n\n\n<p>Ich finde, die Gr\u00fcnen sollten sich gut \u00fcberlegen, ob sie tats\u00e4chlich so weitermachen wollen. Bei einer Curry-Wurst pro Monat wird das zwangsweise in Jagdszenen auf Gr\u00fcne enden, um an die notwendigen Fleischrationen zu kommen. Zum Gl\u00fcck alles schon verfilmt:<\/p>\n\n\n\n<figure class=\"wp-block-embed-youtube wp-block-embed is-type-video is-provider-youtube wp-embed-aspect-16-9 wp-has-aspect-ratio\"><div class=\"wp-block-embed__wrapper\">\n<iframe loading=\"lazy\" title=\"Most Brutal Walking Dead Deaths\" width=\"604\" height=\"340\" src=\"https:\/\/www.youtube.com\/embed\/WhDuI4SDX8I?feature=oembed\" frameborder=\"0\" allow=\"accelerometer; autoplay; clipboard-write; encrypted-media; gyroscope; picture-in-picture; web-share\" referrerpolicy=\"strict-origin-when-cross-origin\" allowfullscreen><\/iframe>\n<\/div><\/figure>\n\n\n\n<hr class=\"wp-block-separator\"\/>\n\n\n\n<p>P.S. ein Klinikchef hat die Situation der mit der gr\u00fcnen Mischpoke samt Agora engstens verbandelten &#8222;Deutschen Gesellschaft f\u00fcr Ern\u00e4hrung&#8220; analysiert. Deren Empfehlung laufen auf ca. 3,5 kg Fleisch \/ (Person * Jahr) hinaus. 1914 lag der j\u00e4hrliche pro-Kopf-Verbrauch bei ca. 52 kg, zu Beginn der 2020er Jahre \u00fcbrigens auch und damit unter dem EU-Durchschnitt. 1919 nach dem 1. WK war er in den Hungerjahren auf etwa die H\u00e4lfte geschrumpft. Die Vorschl\u00e4ge seien daher &#8222;eine <strong>ins extrem getriebene Kriegsbewirtschaftung<\/strong>&#8220; und man k\u00f6nne &#8222;jungen und alten Menschen gleich empfehlen, abzuleben&#8220;. <\/p>\n\n\n\n<p>Man wundert sich t\u00e4glich auf&#8217;s neue, zu welchem Irrsinn sich die Gr\u00fcnen noch versteigen k\u00f6nnen. Die Entgr\u00fcnifizierung des Landes wird eine Aufgabe mit historischem Vorbild.<\/p>\n","protected":false},"excerpt":{"rendered":"<p>Katzen haben ja bekanntlich zwei Probleme: Sie haben nach wir vor nicht rausbekommen, wie K\u00fchl\u00f6schrankt\u00fcren ge\u00f6ffnet werden. Sie haben das gleiche Problem mit Katzenfutter-Konservendosen. Download Artikel als PDF<\/p>\n","protected":false},"author":1,"featured_media":0,"comment_status":"closed","ping_status":"closed","sticky":false,"template":"","format":"standard","meta":{"footnotes":""},"categories":[1],"tags":[],"class_list":["post-9056","post","type-post","status-publish","format-standard","hentry","category-allgemein"],"post_mailing_queue_ids":[],"_links":{"self":[{"href":"https:\/\/gilbertbrands.de\/blog\/wp-json\/wp\/v2\/posts\/9056","targetHints":{"allow":["GET"]}}],"collection":[{"href":"https:\/\/gilbertbrands.de\/blog\/wp-json\/wp\/v2\/posts"}],"about":[{"href":"https:\/\/gilbertbrands.de\/blog\/wp-json\/wp\/v2\/types\/post"}],"author":[{"embeddable":true,"href":"https:\/\/gilbertbrands.de\/blog\/wp-json\/wp\/v2\/users\/1"}],"replies":[{"embeddable":true,"href":"https:\/\/gilbertbrands.de\/blog\/wp-json\/wp\/v2\/comments?post=9056"}],"version-history":[{"count":2,"href":"https:\/\/gilbertbrands.de\/blog\/wp-json\/wp\/v2\/posts\/9056\/revisions"}],"predecessor-version":[{"id":9089,"href":"https:\/\/gilbertbrands.de\/blog\/wp-json\/wp\/v2\/posts\/9056\/revisions\/9089"}],"wp:attachment":[{"href":"https:\/\/gilbertbrands.de\/blog\/wp-json\/wp\/v2\/media?parent=9056"}],"wp:term":[{"taxonomy":"category","embeddable":true,"href":"https:\/\/gilbertbrands.de\/blog\/wp-json\/wp\/v2\/categories?post=9056"},{"taxonomy":"post_tag","embeddable":true,"href":"https:\/\/gilbertbrands.de\/blog\/wp-json\/wp\/v2\/tags?post=9056"}],"curies":[{"name":"wp","href":"https:\/\/api.w.org\/{rel}","templated":true}]}}