{"id":9043,"date":"2023-05-30T08:46:00","date_gmt":"2023-05-30T06:46:00","guid":{"rendered":"https:\/\/gilbertbrands.de\/blog\/?p=9043"},"modified":"2023-05-29T20:01:08","modified_gmt":"2023-05-29T18:01:08","slug":"bakhdi-und-die-journaille","status":"publish","type":"post","link":"https:\/\/gilbertbrands.de\/blog\/2023\/05\/30\/bakhdi-und-die-journaille\/","title":{"rendered":"Bakhdi und die Journaille"},"content":{"rendered":"\n<p>Die Causa d\u00fcrfte dem Publikum bekannt sein: der emeritierte Prof. Sucharit Bakhdi trat von vornherein und mit gut fundierten Argumenten gegen den mRNA-Impfwahn auf. Dummerweise hat(te) er in jedem Detail v\u00f6llig recht, was nat\u00fcrlich nicht im Sinne der politischen Impflobby ist, die ihren Gewinn aus dem vors\u00e4tzlichen Giftmordanschlag nat\u00fcrlich einfahren will.<\/p>\n\n\n\n<!--more-->\n\n\n\n<p>Ein zu Beginn besonders rigides Impfregime bestand in Israel, wo man anders als hier, wo man doch lange z\u00f6gerte, selbst Kinder zu der Spritze n\u00f6tigte. \u00b9\u207e Bakhdi kritisierte das u.a. mit den Worten \u00b2\u207e (im Original zitiert ohne Korrekturen)<\/p>\n\n\n\n<blockquote class=\"wp-block-quote is-layout-flow wp-block-quote-is-layout-flow\"><p>\u201eDie  gr\u00f6\u00dften Geister waren die Juden, es tut mir leid, dass ich das sagen  muss\u201c, sagt Bhakdi dann. Nun zwinge ausgerechnet \u201edas Volk, das aus  diesem Land gefl\u00fcchtet ist, das das Erzb\u00f6se war\u201c, seine B\u00fcrger zur  Impfung.<\/p><p>&#8230;<\/p><p> \u201eVor 80 Jahren waren es die Juden, die verteufelt wurden, heute sind es die Ungeimpften\u201c<\/p><cite><a href=\"https:\/\/taz.de\/Prozess-gegen-Coronaleugner-Bhakdi\/!5933365\/\">https:\/\/taz.de\/Prozess-gegen-Coronaleugner-Bhakdi\/!5933365\/<\/a><\/cite><\/blockquote>\n\n\n\n<p>Nun muss man zur Ehrenrettung der Israelis sagen, dass &#8211; anders als die staatlichen L\u00fcgeninstitute und L\u00fcgenmedien hier &#8211; dort durchaus Daten gesammelt und ver\u00f6ffentlicht wurden, so dass das Staatsverbrechen sichtbar wurde &#8211; leider allerdings wie hier bislang ohne Folgen f\u00fcr die ma\u00dfgeblichen Verbrecher.<\/p>\n\n\n\n<p>Zur\u00fcck zu Bakhdi, der &#8222;Querdenker-Ikone&#8220;, wie die meisten Medien heute noch titeln und dabei \u00fcbersehen, dass &#8222;Querdenker&#8220; inzwischen als Auszeichnung betrachtet werden kann, selbst wenn eine Reihe Leute Argumente auftischt, die man nicht w\u00f6rtlich nehmen sollte. Aber sie denken wenigstens selbst. Querdenker &#8211; Schwurbler &#8211; die Attribute h\u00e4ngen ihm, wie man bei einer Suche im Internet schnell feststellen kann, immer noch an, vorgebracht von Journaille-Fritzen, die nicht in der Lage sind, au\u00dfer durch Beschimpfung auf Argumente zu reagieren.<\/p>\n\n\n\n<p>Die verbale Diffamierung brachte nicht den gew\u00fcnschten Erfolg, weshalb man versuchte, ihm eine Strafanzeige wegen Volksverhetzung anzuh\u00e4ngen, weil er den Begriff &#8222;Jude&#8220; im Zusammenhang mit Israel, der sich als j\u00fcdischer Staat und Heimstatt aller Juden definiert, verwendet hat. Die zust\u00e4ndige Staatsanwaltschaft winkte ab: zu wenig Substanz. Aber so leicht gibt eine rachs\u00fcchtige Politik nicht auf: eine Oberstasianw\u00e4ltin von der politischen Generalstaatsanwaltschaft \u00fcbernahm (ungefragt) und strengte einen Strafbefehl \u00fcber 16.000 \u20ac an, der vor Gericht endete, das sich wiederum der ersten Staatsanwaltschaft anschloss und Bakhdi frei sprach (zumindest vorl\u00e4ufig; wer wei\u00df, auf was f\u00fcr Ideen die StaSiAnwaltschaft noch kommt). So weit, so gut.<\/p>\n\n\n\n<p>Die neutralste Berichterstattung kommt (erstaunlicherweise) vom NDR<\/p>\n\n\n\n<figure class=\"wp-block-image size-large\"><img loading=\"lazy\" decoding=\"async\" width=\"906\" height=\"335\" src=\"https:\/\/gilbertbrands.de\/blog\/wp-content\/uploads\/2023\/05\/grafik-19.png\" alt=\"\" class=\"wp-image-9044\" srcset=\"https:\/\/gilbertbrands.de\/blog\/wp-content\/uploads\/2023\/05\/grafik-19.png 906w, https:\/\/gilbertbrands.de\/blog\/wp-content\/uploads\/2023\/05\/grafik-19-300x111.png 300w, https:\/\/gilbertbrands.de\/blog\/wp-content\/uploads\/2023\/05\/grafik-19-768x284.png 768w\" sizes=\"auto, (max-width: 906px) 100vw, 906px\" \/><figcaption><a href=\"https:\/\/www.ndr.de\/nachrichten\/schleswig-holstein\/Freispruch-fuer-Corona-Kritiker-und-umstrittenen-Arzt-Bhakdi,prozess8150.html\" target=\"_blank\" rel=\"noreferrer noopener\" aria-label=\" (\u00f6ffnet in neuem Tab)\">https:\/\/www.ndr.de\/nachrichten\/schleswig-holstein\/Freispruch-fuer-Corona-Kritiker-und-umstrittenen-Arzt-Bhakdi,prozess8150.html<\/a><\/figcaption><\/figure>\n\n\n\n<p>Warum er umstritten ist, wei\u00df wohl nur der NDR. Die jeder positiven Regung f\u00fcr Regierungskritiker unverd\u00e4chtige wikipedia wei\u00df<\/p>\n\n\n\n<blockquote class=\"wp-block-quote is-layout-flow wp-block-quote-is-layout-flow\"><p>Im Februar 1971  <a href=\"https:\/\/de.wikipedia.org\/wiki\/Promotion_(Doktor)\">promovierte<\/a> er zum <a href=\"https:\/\/de.wikipedia.org\/wiki\/Doktor_der_Medizin\">Doktor der Medizin<\/a>. Von 1972 bis 1976 studierte er als Stipendiat der <a href=\"https:\/\/de.wikipedia.org\/wiki\/Max-Planck-Gesellschaft\">Max-Planck-Gesellschaft<\/a>, sp\u00e4ter der <a href=\"https:\/\/de.wikipedia.org\/wiki\/Alexander-von-Humboldt-Stiftung\">Alexander-von-Humboldt-Stiftung<\/a> am <a href=\"https:\/\/de.wikipedia.org\/wiki\/Max-Planck-Institut_f%C3%BCr_Immunbiologie_und_Epigenetik\">Max-Planck-Institut f\u00fcr Immunbiologie und Epigenetik<\/a> in <a href=\"https:\/\/de.wikipedia.org\/wiki\/Freiburg_im_Breisgau\">Freiburg im Breisgau<\/a>. Nach einem einj\u00e4hrigen Studium an der <a href=\"https:\/\/de.wikipedia.org\/wiki\/Universit%C3%A4t_Kopenhagen\">Universit\u00e4t Kopenhagen<\/a> arbeitete er von 1977 bis 1990 am <a href=\"https:\/\/de.wikipedia.org\/wiki\/Institut_f%C3%BCr_Medizinische_Mikrobiologie_Gie%C3%9Fen\">Institut f\u00fcr Medizinische Mikrobiologie Gie\u00dfen<\/a>. Im Juli 1979 <a href=\"https:\/\/de.wikipedia.org\/wiki\/Habilitation\">habilitierte<\/a> er sich. 1982 wurde er zum <a href=\"https:\/\/de.wikipedia.org\/wiki\/C2-Professor\">C2-Professor<\/a> und 1987 zum <a href=\"https:\/\/de.wikipedia.org\/wiki\/C3-Professor\">C3-Professor<\/a> f\u00fcr Medizinische Mikrobiologie ernannt und 1990 an die Universit\u00e4t Mainz berufen. Dort leitete er ab Mai 1990 als <a href=\"https:\/\/de.wikipedia.org\/wiki\/C4-Professor\">C4-Professor<\/a>  das Institut f\u00fcr Medizinische Mikrobiologie und Hygiene. Von 1999 bis  2003 geh\u00f6rte er zum Senat der Universit\u00e4t Mainz. Seit Anfang 2000 war er  Sprecher des Sonderforschungsbereichs \u201eInvasion und <a href=\"https:\/\/de.wikipedia.org\/wiki\/Erregerpersistenz\">Persistenz<\/a> bei Infektionen\u201c f\u00fcr die <a href=\"https:\/\/de.wikipedia.org\/wiki\/Deutsche_Forschungsgemeinschaft\">Deutsche Forschungsgemeinschaft<\/a>.  F\u00fcr diese war er von 1995 bis 2003 auch als Fachgutachter f\u00fcr  medizinische Mikrobiologie und Immunologie t\u00e4tig, ebenso f\u00fcr die <a href=\"https:\/\/de.wikipedia.org\/wiki\/National_Science_Foundation\">National Science Foundation<\/a> (NSF) der <a href=\"https:\/\/de.wikipedia.org\/wiki\/Vereinigte_Staaten\">USA<\/a> sowie die entsprechenden Gesellschaften in <a href=\"https:\/\/de.wikipedia.org\/wiki\/Kanada\">Kanada<\/a> und <a href=\"https:\/\/de.wikipedia.org\/wiki\/Israel\">Israel<\/a>.<sup><a href=\"https:\/\/de.wikipedia.org\/wiki\/Sucharit_Bhakdi#cite_note-2\">[2]<\/a><\/sup> 1997 gr\u00fcndete er das <em>Thai Network for Biomedical Research<\/em> in Thailand.<sup><a href=\"https:\/\/de.wikipedia.org\/wiki\/Sucharit_Bhakdi#cite_note-IDW2002-3\">[3]<\/a><\/sup> Damals besa\u00df er die thail\u00e4ndische Staatsb\u00fcrgerschaft.<sup><a href=\"https:\/\/de.wikipedia.org\/wiki\/Sucharit_Bhakdi#cite_note-4\">[4]<\/a><\/sup><\/p><cite><a href=\"https:\/\/de.wikipedia.org\/wiki\/Sucharit_Bhakdi\" target=\"_blank\" rel=\"noreferrer noopener\" aria-label=\" (\u00f6ffnet in neuem Tab)\">https:\/\/de.wikipedia.org\/wiki\/Sucharit_Bhakdi<\/a><\/cite><\/blockquote>\n\n\n\n<p>Umstritten war da wohl gar nichts, zudem stimmt auch der &#8222;Arzt&#8220; nicht, denn Bakhdi war zwar Mediziner, hat aber nicht als Arzt Patienten betreut (oder allenfalls im Rahmen seiner T\u00e4tigkeit als Mikrobiologe unterst\u00fctzt).<\/p>\n\n\n\n<p>Schon deutlich mehr Emp\u00f6rung und Schnappatmung bei der TAZ<\/p>\n\n\n\n<figure class=\"wp-block-image size-large\"><img loading=\"lazy\" decoding=\"async\" width=\"772\" height=\"269\" src=\"https:\/\/gilbertbrands.de\/blog\/wp-content\/uploads\/2023\/05\/grafik-20.png\" alt=\"\" class=\"wp-image-9045\" srcset=\"https:\/\/gilbertbrands.de\/blog\/wp-content\/uploads\/2023\/05\/grafik-20.png 772w, https:\/\/gilbertbrands.de\/blog\/wp-content\/uploads\/2023\/05\/grafik-20-300x105.png 300w, https:\/\/gilbertbrands.de\/blog\/wp-content\/uploads\/2023\/05\/grafik-20-768x268.png 768w\" sizes=\"auto, (max-width: 772px) 100vw, 772px\" \/><figcaption><a href=\"https:\/\/taz.de\/Prozess-gegen-Coronaleugner-Bhakdi\/!5933365\/\" target=\"_blank\" rel=\"noreferrer noopener\" aria-label=\" (\u00f6ffnet in neuem Tab)\">https:\/\/taz.de\/Prozess-gegen-Coronaleugner-Bhakdi\/!5933365\/<\/a><\/figcaption><\/figure>\n\n\n\n<p>Corona-Leugner, Querdenker, Schwurbler &#8211; irgendwie hat es die Redaktion nicht hinbekommen, Nazi und andere Beschimpfungen unterzubringen. Wie sie dazu kommt, ausgerechnet einen Mirkobiologen als &#8222;Coronaleugner&#8220; zu bezeichnen, sollte vielleicht mal erkl\u00e4rt werden. Genauso gut k\u00f6nnte man die Redaktierenden als &#8222;Dudenleugner&#8220; bezeichnen &#8230; \u00e4h, Entschuldigung, das stimmt ja sogar: sie leugnen die Deutsche Sprache, wie sie der Duden definiert.<\/p>\n\n\n\n<p>Nicht fehlen in der Kritikerliste darf nat\u00fcrlich der Zentralrat der Juden in Deutschland:<\/p>\n\n\n\n<figure class=\"wp-block-image size-large\"><img loading=\"lazy\" decoding=\"async\" width=\"793\" height=\"340\" src=\"https:\/\/gilbertbrands.de\/blog\/wp-content\/uploads\/2023\/05\/grafik-21.png\" alt=\"\" class=\"wp-image-9046\" srcset=\"https:\/\/gilbertbrands.de\/blog\/wp-content\/uploads\/2023\/05\/grafik-21.png 793w, https:\/\/gilbertbrands.de\/blog\/wp-content\/uploads\/2023\/05\/grafik-21-300x129.png 300w, https:\/\/gilbertbrands.de\/blog\/wp-content\/uploads\/2023\/05\/grafik-21-768x329.png 768w\" sizes=\"auto, (max-width: 793px) 100vw, 793px\" \/><figcaption><a href=\"https:\/\/www.np-coburg.de\/inhalt.prozesse-zentralrat-der-juden-kritisiert-freispruch-fuer-bhakdi.40c25f4b-b74d-42a3-8209-d03d92558129.html\" target=\"_blank\" rel=\"noreferrer noopener\" aria-label=\" (\u00f6ffnet in neuem Tab)\">https:\/\/www.np-coburg.de\/inhalt.prozesse-zentralrat-der-juden-kritisiert-freispruch-fuer-bhakdi.40c25f4b-b74d-42a3-8209-d03d92558129.html<\/a><\/figcaption><\/figure>\n\n\n\n<p>Nun, der ZdJ hat offenbar keine Probleme mit dem Antisemitismus, wie ihn die gr\u00fcne Spitze vertritt. Da bedurfte es schon j\u00fcdischer Jugendorganisationen, um eine scheinheilige Claudia Roth auszubuhen, was dann den ZdJ veranlasste, nicht v\u00f6llig gegen seine eigenen Mitglieder zu entgleisen und die FAZ zu langwierigen Erkl\u00e4rungsversuchen dieses Eklats reizte.<\/p>\n\n\n\n<blockquote class=\"wp-block-quote is-layout-flow wp-block-quote-is-layout-flow\"><p>Bei einem Musikwettbewerb in Frankfurt wurde Kulturstaatsministerin Claudia Roth f\u00fcnf Minuten lang ausgebuht. Der Veranstalter, der Zentralrat der Juden in Deutschland, \u00e4u\u00dfert Verst\u00e4ndnis f\u00fcr die St\u00f6rer. Wie ist das zu verstehen? <\/p><cite><a href=\"https:\/\/www.faz.net\/aktuell\/feuilleton\/debatten\/claudia-roth-wird-ausgebuht-zentralrat-der-juden-aeussert-verstaendnis-18910990.html\" target=\"_blank\" rel=\"noreferrer noopener\" aria-label=\" (\u00f6ffnet in neuem Tab)\">https:\/\/www.faz.net\/aktuell\/feuilleton\/debatten\/claudia-roth-wird-ausgebuht-zentralrat-der-juden-aeussert-verstaendnis-18910990.html<\/a><\/cite><\/blockquote>\n\n\n\n<p>Chaim Noll hat auf Achgut da schon passendere Erkl\u00e4rungen, erh\u00e4lt der ZdJ doch mehrere Millionen \u20ac offizielle Zuwendungen pro Jahr, von denen &#8222;sich die Funktion\u00e4re ihren Teil wohl zu sichern wissen&#8220;. <\/p>\n\n\n\n<p>Nebenbei: Bakhdi hat zusammen mit seiner Frau ein Sachbuch zu dem Thema geschrieben (&#8222;Corona-Fehlalarm&#8220;). Nat\u00fcrlich ein Schwurbler- und Leugner-Buch, das das zust\u00e4ndige hessische Ministerium bewog, zu pr\u00fcfen, ob man Bakhdi deshalb den Titel &#8222;Professor&#8220; aberkennen sollte. W\u00e4re er verurteilt worden, w\u00fcrde das wohl umgehend geschehen. Wenn man wei\u00df, dass NKWD-Chefin Faeser in Hessen Regierungschefin werden will, muss man nach den Ursachen f\u00fcr solche Verfolgungen nicht lange suchen.<\/p>\n\n\n\n<hr class=\"wp-block-separator\"\/>\n\n\n\n<p>P.S. Fast schon erwartbar hat die Generalstasianwaltschaft ihre Ohrfeige nicht weggesteckt, sondern nachgelegt und Rechtsmittel eingelegt. Die Farce geht weiter. Dazu Stefan Homburg:<\/p>\n\n\n\n<blockquote class=\"wp-block-quote is-layout-flow wp-block-quote-is-layout-flow\"><p>\u00abDas war absehbar, da es bei politischen Prozessen darum geht, den Ruf der Lockdownkritiker so lange wie m\u00f6glich zu sch\u00e4digen. Nach ihrer Rehabilitation k\u00f6nnte man ja selbst ins Fadenkreuz geraten.\u00bb<\/p><\/blockquote>\n\n\n\n<hr class=\"wp-block-separator\"\/>\n\n\n\n<p>PPS: mal ernsthaft und als Empfehlung an eine post-gr\u00fcn-bekloppte Politik: wenn StaSiAnwaltschaften sich derart offensichtlich in den Arsch der Politik schieben, sollte man die Gesetze so \u00e4ndern, dass die StaSiAnw\u00e4lte die Kosten zu \u00fcbernehmen haben und nicht die Staatskassen. Und wenn die Stasianw\u00e4ltin sich nicht als Anw\u00e4ltin=Frau geoutet h\u00e4tte, k\u00f6nnte man wohl das Geschlecht nicht sicher feststellen, so weit, wie sie im Anus steckt.\u00b3\u207e<\/p>\n\n\n\n<hr class=\"wp-block-separator\"\/>\n\n\n\n<p class=\"has-small-font-size\">\u00b9\u207e Hier hat man die Spritze erst &#8222;empfohlen&#8220;, nachdem in Israel und anderen L\u00e4ndern datenm\u00e4\u00dfig best\u00e4tigt war, dass sie tats\u00e4chlich sch\u00e4dlich ist. Deutsche Effizienz: schlie\u00dflich will man ein Gift ja nicht an Leute verschwenden, bei denen es nicht wirkt<\/p>\n\n\n\n<p class=\"has-small-font-size\">\u00b2\u207e Mea culpa: auch ich habe das Originalvideo, genau wie die politische Staatsanw\u00e4ltin, nicht gesehen, sondern zitiere nur aus Quellen<\/p>\n\n\n\n<p class=\"has-small-font-size\">\u00b3\u207e Ehrlich gesagt kann ich allm\u00e4hlich nicht mehr anders als so b\u00f6sartig zu reagieren, dass es an die Grenze kratzt.<\/p>\n","protected":false},"excerpt":{"rendered":"<p>Die Causa d\u00fcrfte dem Publikum bekannt sein: der emeritierte Prof. Sucharit Bakhdi trat von vornherein und mit gut fundierten Argumenten gegen den mRNA-Impfwahn auf. Dummerweise hat(te) er in jedem Detail v\u00f6llig recht, was nat\u00fcrlich nicht im Sinne der politischen Impflobby ist, die ihren Gewinn aus dem vors\u00e4tzlichen Giftmordanschlag nat\u00fcrlich einfahren will. Download Artikel als PDF<\/p>\n","protected":false},"author":1,"featured_media":0,"comment_status":"closed","ping_status":"closed","sticky":false,"template":"","format":"standard","meta":{"footnotes":""},"categories":[1],"tags":[],"class_list":["post-9043","post","type-post","status-publish","format-standard","hentry","category-allgemein"],"post_mailing_queue_ids":[],"_links":{"self":[{"href":"https:\/\/gilbertbrands.de\/blog\/wp-json\/wp\/v2\/posts\/9043","targetHints":{"allow":["GET"]}}],"collection":[{"href":"https:\/\/gilbertbrands.de\/blog\/wp-json\/wp\/v2\/posts"}],"about":[{"href":"https:\/\/gilbertbrands.de\/blog\/wp-json\/wp\/v2\/types\/post"}],"author":[{"embeddable":true,"href":"https:\/\/gilbertbrands.de\/blog\/wp-json\/wp\/v2\/users\/1"}],"replies":[{"embeddable":true,"href":"https:\/\/gilbertbrands.de\/blog\/wp-json\/wp\/v2\/comments?post=9043"}],"version-history":[{"count":3,"href":"https:\/\/gilbertbrands.de\/blog\/wp-json\/wp\/v2\/posts\/9043\/revisions"}],"predecessor-version":[{"id":9085,"href":"https:\/\/gilbertbrands.de\/blog\/wp-json\/wp\/v2\/posts\/9043\/revisions\/9085"}],"wp:attachment":[{"href":"https:\/\/gilbertbrands.de\/blog\/wp-json\/wp\/v2\/media?parent=9043"}],"wp:term":[{"taxonomy":"category","embeddable":true,"href":"https:\/\/gilbertbrands.de\/blog\/wp-json\/wp\/v2\/categories?post=9043"},{"taxonomy":"post_tag","embeddable":true,"href":"https:\/\/gilbertbrands.de\/blog\/wp-json\/wp\/v2\/tags?post=9043"}],"curies":[{"name":"wp","href":"https:\/\/api.w.org\/{rel}","templated":true}]}}