{"id":8952,"date":"2023-05-02T08:00:00","date_gmt":"2023-05-02T06:00:00","guid":{"rendered":"https:\/\/gilbertbrands.de\/blog\/?p=8952"},"modified":"2023-05-02T08:28:07","modified_gmt":"2023-05-02T06:28:07","slug":"begriffsbestimmungen","status":"publish","type":"post","link":"https:\/\/gilbertbrands.de\/blog\/2023\/05\/02\/begriffsbestimmungen\/","title":{"rendered":"Begriffsbestimmungen"},"content":{"rendered":"\n<p>Eine Demokratie zeichnet sich durch eine lebendige pluralistische Meinungsvielfalt aus. Wenn man wissen m\u00f6chte, was das genau bedeutet, sollte man allerdings nicht zu Lexika greifen, die vor dem Jahr 0 n.Z. (Jahr Null neuer Zeitrechnung) (angeblich) entstanden sind, da die das v\u00f6llig falsch erkl\u00e4ren. Deshalb hier die aktuellen Bedeutungen.<\/p>\n\n\n\n<!--more-->\n\n\n\n<p><strong>Jahr 0 n.Z.<\/strong> beginnt mit dem 1.1.2020 n.Chr., wobei wichtig ist, zu begreifen, dass 2020 n.Chr. ein religi\u00f6ser Irrglaube ist, der auf der fiktiven Figur Jesus von Nazareth beruht. Jesus hat es genauso wenig gegeben wie <a rel=\"noreferrer noopener\" aria-label=\"Bielefeld (\u00f6ffnet in neuem Tab)\" href=\"https:\/\/de.wikipedia.org\/wiki\/Bielefeld-Verschw%C3%B6rung\" target=\"_blank\">Bielefeld<\/a>. Vor dem Jahr 0 n.Z. hat n\u00e4mlich gar nichts existiert und die Welt ist spontan beim R\u00fclpsen des Gro\u00dfen Arkelschlumpf als Schleimklumen entstanden. S\u00e4mtliche Kenntnisse, die wir heute haben, sind im Jahr 0 n.Z. Annalena Baerbock vom allwissenden Kobolden auf einem H\u00fcgel im Saarland in Gestalt von X bebilderten Steintafeln mit erkl\u00e4renden Sprechblasen \u00fcbergeben worden, wobei die Zahl X nicht genau bekannt ist (sie ist gr\u00f6\u00dfer als 1, weshalb die \u00dcbersicht verloren gegangen ist) und der Inhalt der Sprechblasen, abgesehen von &#8222;Schnarch&#8220;, &#8222;Umpff&#8220;, &#8222;Puff&#8220;, &#8222;Peng&#8220; und ein paar anderen Formulierungen nach wie vor Gegenstand intensiver Untersuchungen sind (bei &#8222;Peng&#8220; sind nach wie vor die verschiedenen Genderformen nicht ermittelt und bei &#8222;Schnarch&#8220; wird vermutet, dass auch eine Trans-Schnarch-Form existiert).<\/p>\n\n\n\n<p><strong>Pluralistische Meinungsvielfalt<\/strong> bezeichnet die Vielfalt einer Meinung, n\u00e4mlich die derjenigen im Besitz der richtigen Meinung aka der Gr\u00fcnen. Alles andere sind keine Meinungen, sondern rechte Verschw\u00f6rungstheorien. Deshalb ist die eine richtige Meinung auch pluralistisch.<\/p>\n\n\n\n<p>Mit der <strong>Demokratie<\/strong> ist es ein wenig komplizierter. Demokratisch ist es, wenn ein vorher festgelegtes Ergebnis in freier, geheimer und nur dem eigenen Gewissen verpflichteter Abstimmung mit allen Stimmen der Berechtigten mit JA best\u00e4tigt wird. <\/p>\n\n\n\n<p>Nicht Berechtigte I. Klasse sind diejenigen, die in Besitz einer Verschw\u00f6rungstheorie und nicht der korrekten pluralistischen Meinung mit NEIN stimmen und damit dokumentieren, dass sie totalit\u00e4re Extremisten sind. Eigentlich d\u00fcrften sie gar nicht abstimmen, aber das wirkt eben sehr demokratisch, wenn man sie trotzdem l\u00e4sst.<\/p>\n\n\n\n<p>Nicht Berechtigte II. Klasse sind nicht Berechtigte der Klasse I, die fallweise trotzdem mit mit JA-Stimmen. Die JA-Stimme ist hierbei keine Zustimmung zu dem festgelegten Ergebnis und beruht nicht auf der korrekten pluralistischen Einheitsmeinung, sondern ist eine vors\u00e4tzliche Gef\u00e4hrdung der Demokratie, also zutiefst undemokratisches Verhalten. Bei Vertretern der korrekten pluralistischen Meinungsvielfaltsmeinung ist zwischen Berechtigten und nicht Berechtigten der II. Klasse zu unterscheiden. Die Stimmen der letzteren sind automatisch ung\u00fcltig.<\/p>\n\n\n\n<p>Da das zu etwas Verwirrung f\u00fchrt, wird derzeit dar\u00fcber nachgedacht, dass nicht Berechtigte nach Teilnahme an einer freien, geheimen und nur dem eigenen Gewissen verpflichteten Abstimmung per eidesstattlicher Erkl\u00e4rung versichern m\u00fcssen, nicht f\u00fcr die Meinungsvielfaltsmeinung gestimmt zu haben.<\/p>\n\n\n\n<hr class=\"wp-block-separator\"\/>\n\n\n\n<p>\u00c4hnlich differenziert muss man den Begriff &#8222;Hass&#8220; betrachtet. Sprechen Berechtigte davon, dass Nichtberechtigte widerliche Faschisten sind, die mindestens eingesperrt und psychopathisch behandelt werden sollten, ist das kein Hass, sondern eine gesunde Einstellung im Bem\u00fchen, das extrem falsche Verhalten zu korrigieren. Sprechen Nichtberechtigte davon, dass die korrekte pluralistische Meinungsvielfaltsmeinung nicht stimmt, ist das eindeutig Hass, der selbst durch Charakterzuweisungen wie &#8222;Vollidiot&#8220; zu verdienten Parteigenossen der Berechtigten nicht mehr verschlimmert werden kann. <\/p>\n\n\n\n<p>Hass ist inzwischen justiziabel, wobei einige Juristen immer noch darauf bestehen, das Wort &#8222;Vollidiot&#8220; im Zusamenhang mit einem bekannten Gr\u00fcnen oder Sexualdemokraten zu vernehmen. An Letzterem wird gearbeitet, indem bei mutma\u00dflichem Hass spontan Ortsbegehungen durch ausgesuchte Elefanten vorgenommen werden (Hausdurchsuchungen mit Zerst\u00f6rung des Mobiliars). Dabei werden auf Computern oder in B\u00fccherschr\u00e4nken immer wieder Formulierungen gefunden, die f\u00fcr die Erzeugung von Hassrede geeignet sind (z.B. Pippi Langstrumpf im Original oder Werke von Karl May). In Irland gen\u00fcgt dies bereits dazu, rechtskr\u00e4ftig wegen m\u00f6glicher Hassrede verurteilt zu werden (kein Scherz):<\/p>\n\n\n\n<blockquote class=\"wp-block-quote is-layout-flow wp-block-quote-is-layout-flow\"><p><em>&#8222;Deren neue &#8218;Hate Speech Bill&#8216; kriminalisiert nun \nerstmals nicht die VER\u00d6FFENTLICHUNG, sondern allein den BESITZ von \n&#8218;HASSREDE&#8216;-tauglichem Material.<\/em><br><em>Zudem verlagert es die \nBeweislast auf den Angeklagten, der Gerichte k\u00fcnftig davon \u00fcberzeugen \nmuss, nicht die Intention gehabt zu haben, irgendein auf seinem Computer\n befindliches Material&nbsp;\u2012 zum Beispiel Texte wie diesen&nbsp;\u2012 f\u00fcr die \n&#8218;Verbreitung von Hass&#8216; zu verwenden.&#8220;<\/em><\/p><cite><a href=\"https:\/\/rtde.site\/europa\/168983-martin-sonneborn-eu-sollte-sich\/\" target=\"_blank\" rel=\"noreferrer noopener\" aria-label=\" (\u00f6ffnet in neuem Tab)\">https:\/\/rtde.site\/europa\/168983-martin-sonneborn-eu-sollte-sich\/<\/a><\/cite><\/blockquote>\n","protected":false},"excerpt":{"rendered":"<p>Eine Demokratie zeichnet sich durch eine lebendige pluralistische Meinungsvielfalt aus. Wenn man wissen m\u00f6chte, was das genau bedeutet, sollte man allerdings nicht zu Lexika greifen, die vor dem Jahr 0 n.Z. (Jahr Null neuer Zeitrechnung) (angeblich) entstanden sind, da die das v\u00f6llig falsch erkl\u00e4ren. Deshalb hier die aktuellen Bedeutungen. Download Artikel als PDF<\/p>\n","protected":false},"author":1,"featured_media":0,"comment_status":"closed","ping_status":"closed","sticky":false,"template":"","format":"standard","meta":{"footnotes":""},"categories":[1],"tags":[],"class_list":["post-8952","post","type-post","status-publish","format-standard","hentry","category-allgemein"],"post_mailing_queue_ids":[],"_links":{"self":[{"href":"https:\/\/gilbertbrands.de\/blog\/wp-json\/wp\/v2\/posts\/8952","targetHints":{"allow":["GET"]}}],"collection":[{"href":"https:\/\/gilbertbrands.de\/blog\/wp-json\/wp\/v2\/posts"}],"about":[{"href":"https:\/\/gilbertbrands.de\/blog\/wp-json\/wp\/v2\/types\/post"}],"author":[{"embeddable":true,"href":"https:\/\/gilbertbrands.de\/blog\/wp-json\/wp\/v2\/users\/1"}],"replies":[{"embeddable":true,"href":"https:\/\/gilbertbrands.de\/blog\/wp-json\/wp\/v2\/comments?post=8952"}],"version-history":[{"count":3,"href":"https:\/\/gilbertbrands.de\/blog\/wp-json\/wp\/v2\/posts\/8952\/revisions"}],"predecessor-version":[{"id":8956,"href":"https:\/\/gilbertbrands.de\/blog\/wp-json\/wp\/v2\/posts\/8952\/revisions\/8956"}],"wp:attachment":[{"href":"https:\/\/gilbertbrands.de\/blog\/wp-json\/wp\/v2\/media?parent=8952"}],"wp:term":[{"taxonomy":"category","embeddable":true,"href":"https:\/\/gilbertbrands.de\/blog\/wp-json\/wp\/v2\/categories?post=8952"},{"taxonomy":"post_tag","embeddable":true,"href":"https:\/\/gilbertbrands.de\/blog\/wp-json\/wp\/v2\/tags?post=8952"}],"curies":[{"name":"wp","href":"https:\/\/api.w.org\/{rel}","templated":true}]}}