{"id":8923,"date":"2023-04-24T06:00:00","date_gmt":"2023-04-24T04:00:00","guid":{"rendered":"https:\/\/gilbertbrands.de\/blog\/?p=8923"},"modified":"2023-04-23T08:23:59","modified_gmt":"2023-04-23T06:23:59","slug":"haette-irgendjemand-damit-gerechnet","status":"publish","type":"post","link":"https:\/\/gilbertbrands.de\/blog\/2023\/04\/24\/haette-irgendjemand-damit-gerechnet\/","title":{"rendered":"H\u00e4tte irgendjemand damit gerechnet,"},"content":{"rendered":"\n<p>dass innerhalb von nur 3 Jahren ein zumindest ansatzweise demokratisches und rechtsstaatliches Land komplett in eine Willk\u00fcrdiktatur abst\u00fcrzt?<\/p>\n\n\n\n<!--more-->\n\n\n\n<p>Ansatzweise, weil Merkel vieles schon seit 2008 komplett demontiert hat. Nur ist das Meiste davon bislang nicht beim B\u00fcrger angekommen. Jetzt allerdings schon. H\u00e4tte irgendjemand damit gerechnet,<\/p>\n\n\n\n<ul class=\"wp-block-list\"><li>dass h\u00f6chste Gerichte eingestehen, dass die mRNA-Spritzen lebensgef\u00e4hrlich sind, man sich aber trotzdem damit behandeln lassen muss oder alternativ in den Knast wandert?<\/li><li>dass Texte, die man in sozialen Netzwerken postet, dazu f\u00fchren, dass der Staat gewaltsam in die Wohnung eindringt, diese demoliert und man auf Nimmerwiedersehen in so genannter U-Haft verschwindet, ohne Anklage, ohne irgendwelche Rechte?<\/li><li>dass st\u00e4ndig von Informationsfreiheit gefaselt wird, aber politisch missliebige Informationsquellen hemmungslos zensiert und ihrer wirtschaftlichen Basis beraubt werden?<\/li><li>dass Gesch\u00e4ftsinhaber das Betreten ihrer Gesch\u00e4fte von der Offenlegung intimster medizinischer Daten durch ihre Kunden abh\u00e4ngig machen und ein Datenschutz nicht existiert, ja sogar vom Staat negiert wird?<\/li><li>dass anonyme Denunziation von Beh\u00f6rden gefordert, gef\u00f6rdert und unterst\u00fctzt wird?<\/li><li>dass man aus seiner Wohnung geworfen werden kann, weil der Staat meint, andere Leute dort einquartieren zu m\u00fcssen?<\/li><li>dass man in seiner letzten Lebenszeit wegen einer angeblich gef\u00e4hrlichen Krankheit in Isolationshaft genommen wird und langsam in sozialer Isolation verrotten darf?<\/li><li>dass durch Politiker dieses Landes eine Verschw\u00f6rung zur Ausl\u00f6sung eines Krieges angezettelt wird und diese Politiker das sogar ganz offen in den Medien zugeben?<\/li><li>dass einem vorschrieben wird, was man zu essen hat und was nicht?<\/li><li>dass man ungestraft &#8222;tot allen Russen, vernichtet Russland!&#8220; br\u00fcllen darf und als<strong> Friedensfaschist<\/strong> bezeichnet wird (die Bezeichnung ist kein Witz, sondern stammt \u00d6RR-nahen Kreisen), wenn man sich f\u00fcr Frieden einsetzt?<\/li><li>dass man Haftstrafen riskiert, wenn man auf biologische Tatsachen hinweist?<\/li><li>dass man ebenfalls Haftstrafen riskiert, wenn man internationale Vorg\u00e4nge anders analysiert als von der Regierung vorgegeben wird und man dazu sogar Fakten vorbringen kann?<\/li><li>dass man wegen harmloser Bemerkungen gnadenlos von der Justiz verfolgt und drakonisch bestraft wird, w\u00e4hrend Sexualstraft\u00e4ter und andere Gewaltverbrecher teilweise nicht belangt werden, weil die Gesinnungsjustiz alle Ressourcen frisst?<\/li><li>dass Richter von der Exekutive entlassen und gemobbt werden, wenn sie Urteile nach den Buchstaben des Gesetzes und nicht nach dem Willen der Politiker f\u00e4llen?<\/li><li>dass man neuerdings bei politischen Beschuldigungen nachweisen muss, dass man unschuldig ist und die Unschuldsvermutung grunds\u00e4tzlich bei politischen Themen nicht mehr gilt?<\/li><li>dass man bei einer politischen Beschuldigung sofort aus dem Staatsdienst entlassen wird, bevor man die M\u00f6glichkeit erh\u00e4lt, seine Unschuld zu beweisen?<\/li><li>dass der Verweis auf sachliche Zusammenh\u00e4nge von Beamten zu deren &#8222;Beobachtung&#8220; durch den Verfassungsschutz f\u00fchren, wenn die Ausf\u00fchrungen den wilden Fantasien des Chefs widersprechen?<\/li><li>dass die Polizei hemmungslos und ungestraft auf Leute einpr\u00fcgeln darf (und das auch macht), die ihre Grundrechte wahrnehmen wollen?<\/li><li>dass Polizei und Justiz Terroristen besch\u00fctzen, die andere Leute permanent n\u00f6tigen, Sachen besch\u00e4digen und Landfriedensbruch begehen?<\/li><li>dass wirtschaftliche Zusammenh\u00e4nge und selbst physikalische Gesetze geleugnet werden und man einen Strafbefehl riskiert, wenn man dem widerspricht?<\/li><li>dass Wohnen, Heizen und Reisen in K\u00fcrze verboten wird, weil es der Politik gerade so gef\u00e4llt?<\/li><li>dass alles und jedes einer v\u00f6llig irrwitzigen und geisteskranken Klimaideologie untergeordnet wird, die selbst Kinder zum Feindbild stilisiert (und Kinderlosigkeit als Alibi anf\u00fchrt, bis zu 18x im Leben nach New York fliegen zu k\u00f6nnen)?<\/li><li>dass Bildung verp\u00f6nt ist und Leistung bestraft wird, Faulenzen auf Kosten der Allgemeinheit jedoch belohnt?<\/li><li>dass von Gleichheit und Gleichberechtigung geredet wird, w\u00e4hrend ein hemmungsloser Rassismus immer groteskere soziale Kategorien zwischen wei\u00dfen M\u00e4nnern am unteren Ende und farbigen Frauen mit merkw\u00fcrdigen Sexualbed\u00fcrfnissen am oberen Ende kreiert, wobei letztere beliebig \u00fcber alle Stufen unter ihnen herziehen d\u00fcrfen?<\/li><li>dass man sich mehr oder weniger wundern muss, dass noch keine Kritiker in Hauseing\u00e4nge gezerrt, per Genickschuss hingerichtet und in einer Grube im Wald verscharrt werden (oder man sich fragt, ob man das nur noch nicht mitbekommen hat)?<\/li><li>dass alle Mainstream-Politiker ohne Ausnahme dies alles befeuern?<\/li><li>dass alle Mainstream-Journalisten ohne Ausnahme dies alles durch Propaganda voran treiben?<\/li><li>dass die B\u00fcrokratie ohne Ausnahme alles mitmacht, auch wenn es den Gesetzen widerspricht?<\/li><li>dass gro\u00dfe Teile der Justiz, besonders der h\u00f6heren Instanzen, Urteile nach dem Leitsatz &#8222;F\u00fchrer befiehl, wir folgen dir und schei\u00dfen auf Gesetze&#8220; f\u00e4llen?<\/li><li>dass alle Verb\u00e4nde alles mitmachen und vorantreiben?<\/li><li>dass \u00c4rzte ihre Patienten nicht nach medizinischem Wissen behandeln, sondern Befehle befolgen, auch wenn dies zum Tod ihrer Patienten f\u00fchrt?<\/li><li>dass \u00c4rzte Behandlungen verweigern, wenn sich die Patienten zuvor nicht einer experimentellen mRNA-Gentherapie unterziehen?<\/li><li>dass \u00c4rzte Angeh\u00f6rigen den Zugang selbst zu sterbenden Patienten verweigern?<\/li><li>dass \u00c4rzte, die ihre Patienten gem\u00e4\u00df dem medizinischen Wissen vor 2020 und nicht nach den Wahnvorstellungen von Politikern behandeln, drakonisch bestraft werden und ihnen die Behandlung von Patienten untersagt wird?<\/li><li>dass Gesundheitsbeh\u00f6rden vors\u00e4tzlich und systematisch ihren Aufgaben nicht nachkommen, um Lobbyinteressen und politische Fehler zu decken?<\/li><li>dass nach den Pl\u00e4nen zur Kommunikations\u00fcberwachung, zum Klimabl\u00f6dsinn oder zum willk\u00fcrlichen Ausrufen einer Pandemie, die innerhalb des n\u00e4chsten Jahres umgesetzt werden sollen, selbst die Tierschutzgesetze mehr Rechte f\u00fcr Haustiere definieren, als Menschen dann noch zugestanden werden soll?<\/li><li>dass gr\u00f6\u00dfenwahnsinnige Reiche von der Ausrottung von Milliarden von Menschen, die sie als &#8222;unn\u00fctze Fresser&#8220; bezeichnen, fantasieren d\u00fcrfen und von den Politikern daf\u00fcr sogar noch hofiert werden?<\/li><\/ul>\n\n\n\n<p>H\u00e4tte irgendjemand damit gerechnet, dass das alles m\u00f6glich ist, ohne dass es gr\u00f6\u00dfere Proteste oder Kritik gibt, von irgendeiner Art von Gegenwehr ganz zu schweigen? Dass 98% der B\u00fcrger einfach alles mitmachen? H\u00e4tte irgendjemand damit gerechnet, dass eine solche Dokumentation m\u00f6glich ist und trotzdem immer noch erfolgreich alles geleugnet wird?<\/p>\n\n\n\n<figure class=\"wp-block-embed-wordpress wp-block-embed is-type-wp-embed is-provider-bitchute\"><div class=\"wp-block-embed__wrapper\">\n<iframe loading=\"lazy\" class=\"wp-embedded-content\" sandbox=\"allow-scripts\" security=\"restricted\" title=\"763 Promis nach Covid-Impfung tot! Wie viele dann erst in der Bev\u00f6lkerung?! | www.kla.tv\/25809\" width=\"459\" height=\"344\" src=\"https:\/\/www.bitchute.com\/embed\/qIkxNZtN6p6s\/?feature=oembed#?secret=v8teFz3Wol\" data-secret=\"v8teFz3Wol\" frameborder=\"0\"><\/iframe>\n<\/div><\/figure>\n\n\n\n<p>Genau betrachtet d\u00fcrften inzwischen vermutlich 10% der Bev\u00f6lkerung erfolgreich Asyl nach Art. 16a GG im eigenen Land wegen politischer Verfolgung (dummerweise auch im eigenen Land) beantragen k\u00f6nnen.<\/p>\n","protected":false},"excerpt":{"rendered":"<p>dass innerhalb von nur 3 Jahren ein zumindest ansatzweise demokratisches und rechtsstaatliches Land komplett in eine Willk\u00fcrdiktatur abst\u00fcrzt? Download Artikel als PDF<\/p>\n","protected":false},"author":1,"featured_media":0,"comment_status":"closed","ping_status":"closed","sticky":false,"template":"","format":"standard","meta":{"footnotes":""},"categories":[1],"tags":[],"class_list":["post-8923","post","type-post","status-publish","format-standard","hentry","category-allgemein"],"post_mailing_queue_ids":[],"_links":{"self":[{"href":"https:\/\/gilbertbrands.de\/blog\/wp-json\/wp\/v2\/posts\/8923","targetHints":{"allow":["GET"]}}],"collection":[{"href":"https:\/\/gilbertbrands.de\/blog\/wp-json\/wp\/v2\/posts"}],"about":[{"href":"https:\/\/gilbertbrands.de\/blog\/wp-json\/wp\/v2\/types\/post"}],"author":[{"embeddable":true,"href":"https:\/\/gilbertbrands.de\/blog\/wp-json\/wp\/v2\/users\/1"}],"replies":[{"embeddable":true,"href":"https:\/\/gilbertbrands.de\/blog\/wp-json\/wp\/v2\/comments?post=8923"}],"version-history":[{"count":3,"href":"https:\/\/gilbertbrands.de\/blog\/wp-json\/wp\/v2\/posts\/8923\/revisions"}],"predecessor-version":[{"id":8927,"href":"https:\/\/gilbertbrands.de\/blog\/wp-json\/wp\/v2\/posts\/8923\/revisions\/8927"}],"wp:attachment":[{"href":"https:\/\/gilbertbrands.de\/blog\/wp-json\/wp\/v2\/media?parent=8923"}],"wp:term":[{"taxonomy":"category","embeddable":true,"href":"https:\/\/gilbertbrands.de\/blog\/wp-json\/wp\/v2\/categories?post=8923"},{"taxonomy":"post_tag","embeddable":true,"href":"https:\/\/gilbertbrands.de\/blog\/wp-json\/wp\/v2\/tags?post=8923"}],"curies":[{"name":"wp","href":"https:\/\/api.w.org\/{rel}","templated":true}]}}