{"id":850,"date":"2017-02-11T06:38:45","date_gmt":"2017-02-11T05:38:45","guid":{"rendered":"http:\/\/gilbertbrands.de\/blog\/?p=850"},"modified":"2017-02-11T06:38:45","modified_gmt":"2017-02-11T05:38:45","slug":"koelner-karnevalisten-zeigen-flagge","status":"publish","type":"post","link":"https:\/\/gilbertbrands.de\/blog\/2017\/02\/11\/koelner-karnevalisten-zeigen-flagge\/","title":{"rendered":"K\u00f6lner Karnevalisten zeigen Flagge"},"content":{"rendered":"<p>Der &#8222;Aufmarsch&#8220; der AfD ist den K\u00f6lner Karnevalisten ein Dorn im Auge. &#8222;<em>Wo k\u00e4men wir denn hin, wenn hier jeder eine eigene Meinung vertreten w\u00fcrde<\/em>?&#8220; , so ein Sprecher der Initiative &#8222;<em>Haut sie in die Pfanne<\/em>!&#8220;. Fesch kost\u00fcmiert haben sie auch die ersten handfesten Aktionen gestartet, wie unser fotografischer Korrespondent belegen konnte:<\/p>\n<p><a href=\"http:\/\/gilbertbrands.de\/blog\/wp-content\/uploads\/2017\/02\/boykott_gestern.jpg\"><img loading=\"lazy\" decoding=\"async\" class=\"alignnone size-medium wp-image-851\" src=\"http:\/\/gilbertbrands.de\/blog\/wp-content\/uploads\/2017\/02\/boykott_gestern-300x216.jpg\" alt=\"\" width=\"300\" height=\"216\" srcset=\"https:\/\/gilbertbrands.de\/blog\/wp-content\/uploads\/2017\/02\/boykott_gestern-300x216.jpg 300w, https:\/\/gilbertbrands.de\/blog\/wp-content\/uploads\/2017\/02\/boykott_gestern.jpg 625w\" sizes=\"auto, (max-width: 300px) 100vw, 300px\" \/><\/a><\/p>\n<p>Stellenweise scheint es bei der Ausgabe der Plakate allerdings zu Pannen gekommen zu sein.<\/p>\n<div class=\"pdf24Plugin-cp\"> \t<form name=\"pdf24Form0\" method=\"post\" target=\"pdf24PopWin\" action=\"https:\/\/doc2pdf.pdf24.org\/wordpress.php\"><input type=\"hidden\" name=\"blogCharset\" value=\"Cw1x07UAAA==\" \/><input type=\"hidden\" name=\"blogPosts\" value=\"MwQA\" \/><input type=\"hidden\" name=\"blogUrl\" value=\"yygpKSi20tdPz8xJSi0qSSpKzEsp1ktJ1U\/KyU8HAA==\" \/><input type=\"hidden\" name=\"blogName\" value=\"c0\/NTc3My0jNLEnNU1BLzC2wVnBKzU9KTM4oKc1LT80DAA==\" \/><input type=\"hidden\" name=\"blogValueEncoding\" value=\"gzdeflate base64\" \/><input type=\"hidden\" name=\"postId_0\" value=\"szA1AAA=\" \/><input type=\"hidden\" name=\"postTitle_0\" value=\"8z68LScvtUjBO7EoL7UsMSezuCQ1T6EqNTMdSLnlJKanpwIA\" \/><input type=\"hidden\" name=\"postLink_0\" value=\"DcVBDoAgDATAF+ECFxN\/U0KthAZMaTz4ep3LXO73OgBpWti8GI26tsooOgU5ph0xIyX0yTrYQicb\/JC25TzCy03+TiURxgc=\" \/><input type=\"hidden\" name=\"postAuthor_0\" value=\"c8\/MSUotKgEA\" \/><input type=\"hidden\" name=\"postDateTime_0\" value=\"MzIwNNc1MNI1NFQwMLMyMLIyMQUA\" \/><input type=\"hidden\" name=\"postContent_0\" value=\"rVPBatwwEL33K6YulBZ2116XpCHxuiyE0hIKgRx6LFp7LCsrS0aS10m+p9\/QU277Y33SNtAPyMWeGY3eezN+rsb6mh29f3dRluXVduoG4XzTp7y4ohZn2+6alA+IDd0c\/2iD2o1whg9Co44qK0PX1hlSA20nyasXvIqH+qel\/fH3gLZZuQhiqFdmQfMpAtg9RxqAMB6S8fqBZDKSDuyC40gxH59dy1UOwC8v4hbkbeK+Gx03Pbsk97tRQYmgDvy\/im9iCuQVE9pbvG47YcwJ7+0\/vBV9ZYxOe+vD8XmAskC92IE83hMTjuJNdmnmXpi24xRu90FZg0AiFy5wwHTonIyHns4GK53olE8Sb6xz7EdrsIlAO9aMicFpTODLKh\/rN9VYV4J6x90m60MYL\/NcKr2DnJ0DqV+1nO+0lfk8LhuLaybk06itaH1eFuvPeVHmO\/u4tyH8iorYmdX9KLO6UoOk2KeM3GRaPD1m2FhjT7nwj6bJqNHCe2RaSWMwFYZ\/4uXArZoGAqMahOTlxdk6I++aV1O4\/FQUD+X6PCklocMmy7DENvSbDEcZ9bBGjyp6ErPncCL3r8xOiOcFvRZ0gjwvz+YsbTKudgp2QR8G8bBMA15GxvHhI62L4gDmlGWU11Uu6hdH3AXWms3MyuOTwEkK7mEPA6nTTzp5Ca+m+FaLvQiwLG64+HE9PU10Gw0fPbq3Q\/wbUfJAWSWGvw==\" \/><\/form> \t<div class=\"pdf24Plugin-cp-link\"> \t\t<a href=\"#\" onclick=\"var pdf24Win = window.open('about:blank', 'pdf24PopWin', 'resizable=yes,scrollbars=yes,width=600,height=250,left='+(screen.width\/2-300)+',top='+(screen.height\/3-125)+''); pdf24Win.focus(); document.pdf24Form0.submit(); if(typeof pdf24OnCreatePDF === 'function'){void(pdf24OnCreatePDF(this,pdf24Win));} return false;\">Download Artikel als PDF<\/a> \t<\/div> <\/div>","protected":false},"excerpt":{"rendered":"<p>Der &#8222;Aufmarsch&#8220; der AfD ist den K\u00f6lner Karnevalisten ein Dorn im Auge. &#8222;Wo k\u00e4men wir denn hin, wenn hier jeder eine eigene Meinung vertreten w\u00fcrde?&#8220; , so ein Sprecher der Initiative &#8222;Haut sie in die Pfanne!&#8220;. Fesch kost\u00fcmiert haben sie auch die ersten handfesten Aktionen gestartet, wie unser fotografischer Korrespondent belegen konnte: Stellenweise scheint es &hellip; <a href=\"https:\/\/gilbertbrands.de\/blog\/2017\/02\/11\/koelner-karnevalisten-zeigen-flagge\/\" class=\"more-link\"><span class=\"screen-reader-text\">K\u00f6lner Karnevalisten zeigen Flagge<\/span> weiterlesen <span class=\"meta-nav\">&rarr;<\/span><\/a><\/p>\n","protected":false},"author":1,"featured_media":0,"comment_status":"open","ping_status":"open","sticky":false,"template":"","format":"standard","meta":{"footnotes":""},"categories":[12],"tags":[],"class_list":["post-850","post","type-post","status-publish","format-standard","hentry","category-gesellschaft"],"post_mailing_queue_ids":[],"_links":{"self":[{"href":"https:\/\/gilbertbrands.de\/blog\/wp-json\/wp\/v2\/posts\/850","targetHints":{"allow":["GET"]}}],"collection":[{"href":"https:\/\/gilbertbrands.de\/blog\/wp-json\/wp\/v2\/posts"}],"about":[{"href":"https:\/\/gilbertbrands.de\/blog\/wp-json\/wp\/v2\/types\/post"}],"author":[{"embeddable":true,"href":"https:\/\/gilbertbrands.de\/blog\/wp-json\/wp\/v2\/users\/1"}],"replies":[{"embeddable":true,"href":"https:\/\/gilbertbrands.de\/blog\/wp-json\/wp\/v2\/comments?post=850"}],"version-history":[{"count":1,"href":"https:\/\/gilbertbrands.de\/blog\/wp-json\/wp\/v2\/posts\/850\/revisions"}],"predecessor-version":[{"id":852,"href":"https:\/\/gilbertbrands.de\/blog\/wp-json\/wp\/v2\/posts\/850\/revisions\/852"}],"wp:attachment":[{"href":"https:\/\/gilbertbrands.de\/blog\/wp-json\/wp\/v2\/media?parent=850"}],"wp:term":[{"taxonomy":"category","embeddable":true,"href":"https:\/\/gilbertbrands.de\/blog\/wp-json\/wp\/v2\/categories?post=850"},{"taxonomy":"post_tag","embeddable":true,"href":"https:\/\/gilbertbrands.de\/blog\/wp-json\/wp\/v2\/tags?post=850"}],"curies":[{"name":"wp","href":"https:\/\/api.w.org\/{rel}","templated":true}]}}