{"id":8442,"date":"2023-01-24T06:00:00","date_gmt":"2023-01-24T05:00:00","guid":{"rendered":"https:\/\/gilbertbrands.de\/blog\/?p=8442"},"modified":"2023-01-24T09:12:38","modified_gmt":"2023-01-24T08:12:38","slug":"der-club","status":"publish","type":"post","link":"https:\/\/gilbertbrands.de\/blog\/2023\/01\/24\/der-club\/","title":{"rendered":"Die Rolle Polens"},"content":{"rendered":"\n<p>Polen nimmt im Ukraine-Geschehen eine gewisse Sonderrolle ein. Die polnische Regierung und die polnische Presse \u00fcbernimmt unter anderem derzeit die Rolle, die man aufgrund des Konfliktes eigentlich bei der Russischen F\u00f6rderation und den Wei\u00dfrussen vermuten sollte: Haupthetzer gegen Deutschland. Entsch\u00e4digungen, Waffen, &#8230; Polen ist ein sch\u00f6nes Land, aber derzeit ist es vermutlich kaum eine gute Idee, dort Urlaub machen zu wollen, wenn man nicht in irgendwelchen anti-deutschen Pogromen enden will. So wie die polnische Regierung verbal aufr\u00fcstet, d\u00fcrfte das durchaus bald m\u00f6glich sein. <\/p>\n\n\n\n<!--more-->\n\n\n\n<p>Was bezweckt Polen damit? Jedem dort muss klar sein, dass alleine die Reparationsforderungen das Ende der EU darstellen, da D dann als Zahlmeister komplett ausf\u00e4llt. Also sind die Ziele ganz andere. <\/p>\n\n\n\n<p>Das erste Ziel w\u00e4re das Zur\u00fcckholen Galiziens zu Gro\u00df-Polen, das bis zur 1. Polnischen Teilung 1772 bestand:<\/p>\n\n\n\n<figure class=\"wp-block-image\"><img decoding=\"async\" src=\"https:\/\/upload.wikimedia.org\/wikipedia\/commons\/thumb\/1\/19\/Partitions_of_Poland_german.png\/980px-Partitions_of_Poland_german.png\" alt=\"https:\/\/upload.wikimedia.org\/wikipedia\/commons\/thumb\/1\/19\/Partitions_of_Poland_german.png\/980px-Partitions_of_Poland_german.png\"\/><\/figure>\n\n\n\n<p>Nach heutigen Gegebenheiten s\u00e4he das so aus (Polen ist ja insgesamt nach Westen verleg worden):<\/p>\n\n\n\n<figure class=\"wp-block-image size-large\"><img loading=\"lazy\" decoding=\"async\" width=\"521\" height=\"255\" src=\"https:\/\/gilbertbrands.de\/blog\/wp-content\/uploads\/2023\/01\/grafik-35.png\" alt=\"\" class=\"wp-image-8448\" srcset=\"https:\/\/gilbertbrands.de\/blog\/wp-content\/uploads\/2023\/01\/grafik-35.png 521w, https:\/\/gilbertbrands.de\/blog\/wp-content\/uploads\/2023\/01\/grafik-35-300x147.png 300w\" sizes=\"auto, (max-width: 521px) 100vw, 521px\" \/><\/figure>\n\n\n\n<p>&#8222;Nach 250 Jahren zur\u00fcckholen?&#8220; mag der eine oder andere fragen. Nun, wenn man auf Israel schaut, k\u00f6nnen solche Anspr\u00fcche auch schon mal 2000 Jahre \u00fcberdauern. Polen ist damit noch nicht einmal Marktf\u00fchrer.<\/p>\n\n\n\n<p>Auch den Polen d\u00fcrfte l\u00e4ngst klar sein, dass im Osten der Ukraine der Blumentopf derzeit nicht an Selenski geht. Bevor dort alles zusammen bricht, bietet es sich an, Ostgalizien als polnisches Gebiet zu betrachten und sich ein St\u00fcck vom Kuchen zu sichern. <\/p>\n\n\n\n<p>Die moderneren Waffensysteme, die Polen liefert oder liefern will (darunter auch deutsche Panzer und Patriot-Rakentenabwehrsysteme), bleiben inzwischen nach der Lieferung, wenn man den Berichten glauben darf, unter polnischer Kontrolle (die wissen damit umzugehen, also werden sie dann auch funktionst\u00fcchtig bleiben) und vor allen Dingen im ukrainischen Westen. Geht die Sache im Osten milit\u00e4risch weiter abw\u00e4rts, hat Polen die Westukraine so weit besetzt, dass es sich das Gebiet erst einmal einverleiben kann. Da dort viele Polen leben und selbst Selensky Reklame f\u00fcr eine gemeinsame Sache mit Polen macht, d\u00fcrfte es wenig Probleme seitens der Bev\u00f6lkerung geben. \u00c4hnlich wie beim 38. Breitengrad in Korea k\u00f6nnte eine L\u00e4ngengradsteilung an einer der beiden Nord-S\u00fcd-Oblastgrenzen zwischen Lemberg und Kiew in Frage kommen. Die Ukraine w\u00e4re dann bis auf den zentralen Rest zerschlagen<\/p>\n\n\n\n<figure class=\"wp-block-image size-large\"><img loading=\"lazy\" decoding=\"async\" width=\"979\" height=\"736\" src=\"https:\/\/gilbertbrands.de\/blog\/wp-content\/uploads\/2023\/01\/grafik-34.png\" alt=\"\" class=\"wp-image-8443\" srcset=\"https:\/\/gilbertbrands.de\/blog\/wp-content\/uploads\/2023\/01\/grafik-34.png 979w, https:\/\/gilbertbrands.de\/blog\/wp-content\/uploads\/2023\/01\/grafik-34-300x226.png 300w, https:\/\/gilbertbrands.de\/blog\/wp-content\/uploads\/2023\/01\/grafik-34-768x577.png 768w\" sizes=\"auto, (max-width: 979px) 100vw, 979px\" \/><\/figure>\n\n\n\n<p>Diese Option wird nicht nur seit geraumer Zeit von den Russen ins Spiel gebracht, sondern selbst in US-Think-Tanks diskutiert. Es ist nicht im Interesse der USA, dass Russland die Ukraine ganz schluckt oder die Ukraine komplett neutralisiert wird und ein polnisches NATO-Standbein w\u00e4re schon sehr hilfreich, wenn sonst nichts funktioniert.<\/p>\n\n\n\n<p>Und da kommt dann noch die 1 Billion \u20ac an Reparationsforderungen an Deutschland ins Spiel sowie die offene Forderung nach \u00dcbergabe restlicher noch funktionierender deutscher Waffen. Der Westeuropa ruinierende US-Raubzug (siehe Beitrag \u00fcber die EU) w\u00e4re damit f\u00fcr Polen abgefedert, Deutschland gr\u00fcndlicher zerschlagen als nach den Weltkriegen und Polen wohl f\u00fcr einige Zeit der bedeutendste Staat in Westeuropa und US-Speerspitze gegen die Russen. <\/p>\n","protected":false},"excerpt":{"rendered":"<p>Polen nimmt im Ukraine-Geschehen eine gewisse Sonderrolle ein. Die polnische Regierung und die polnische Presse \u00fcbernimmt unter anderem derzeit die Rolle, die man aufgrund des Konfliktes eigentlich bei der Russischen F\u00f6rderation und den Wei\u00dfrussen vermuten sollte: Haupthetzer gegen Deutschland. Entsch\u00e4digungen, Waffen, &#8230; Polen ist ein sch\u00f6nes Land, aber derzeit ist es vermutlich kaum eine gute &hellip; <a href=\"https:\/\/gilbertbrands.de\/blog\/2023\/01\/24\/der-club\/\" class=\"more-link\"><span class=\"screen-reader-text\">Die Rolle Polens<\/span> weiterlesen <span class=\"meta-nav\">&rarr;<\/span><\/a><\/p>\n","protected":false},"author":1,"featured_media":0,"comment_status":"closed","ping_status":"closed","sticky":false,"template":"","format":"standard","meta":{"footnotes":""},"categories":[1],"tags":[],"class_list":["post-8442","post","type-post","status-publish","format-standard","hentry","category-allgemein"],"post_mailing_queue_ids":[],"_links":{"self":[{"href":"https:\/\/gilbertbrands.de\/blog\/wp-json\/wp\/v2\/posts\/8442","targetHints":{"allow":["GET"]}}],"collection":[{"href":"https:\/\/gilbertbrands.de\/blog\/wp-json\/wp\/v2\/posts"}],"about":[{"href":"https:\/\/gilbertbrands.de\/blog\/wp-json\/wp\/v2\/types\/post"}],"author":[{"embeddable":true,"href":"https:\/\/gilbertbrands.de\/blog\/wp-json\/wp\/v2\/users\/1"}],"replies":[{"embeddable":true,"href":"https:\/\/gilbertbrands.de\/blog\/wp-json\/wp\/v2\/comments?post=8442"}],"version-history":[{"count":13,"href":"https:\/\/gilbertbrands.de\/blog\/wp-json\/wp\/v2\/posts\/8442\/revisions"}],"predecessor-version":[{"id":8482,"href":"https:\/\/gilbertbrands.de\/blog\/wp-json\/wp\/v2\/posts\/8442\/revisions\/8482"}],"wp:attachment":[{"href":"https:\/\/gilbertbrands.de\/blog\/wp-json\/wp\/v2\/media?parent=8442"}],"wp:term":[{"taxonomy":"category","embeddable":true,"href":"https:\/\/gilbertbrands.de\/blog\/wp-json\/wp\/v2\/categories?post=8442"},{"taxonomy":"post_tag","embeddable":true,"href":"https:\/\/gilbertbrands.de\/blog\/wp-json\/wp\/v2\/tags?post=8442"}],"curies":[{"name":"wp","href":"https:\/\/api.w.org\/{rel}","templated":true}]}}