{"id":8348,"date":"2022-12-26T12:10:00","date_gmt":"2022-12-26T11:10:00","guid":{"rendered":"https:\/\/gilbertbrands.de\/blog\/?p=8348"},"modified":"2022-12-26T08:48:59","modified_gmt":"2022-12-26T07:48:59","slug":"die-weihnachtsbotschaften-der-kirchen","status":"publish","type":"post","link":"https:\/\/gilbertbrands.de\/blog\/2022\/12\/26\/die-weihnachtsbotschaften-der-kirchen\/","title":{"rendered":"Die Weihnachtsbotschaft(en) der Kirchen"},"content":{"rendered":"\n<p>Auf <a href=\"http:\/\/www.bayerwaldradio.com\/\" target=\"_blank\" rel=\"noreferrer noopener\" aria-label=\" (\u00f6ffnet in neuem Tab)\">Bayerwaldradio<\/a> wurden in der Adventszeit Geschichten zum Besinnen und Nachdenken gesendet. Eine ging so:<\/p>\n\n\n\n<!--more-->\n\n\n\n<p><em>&#8222;Jesus sendet regelm\u00e4\u00dfig einen Engel aus, um auf der Erde nachzuschauen, ob sein Werk gut gedeihe. Und der berichtet regelm\u00e4\u00dfig, dass die Menschen in die Kirchen gehen, Gott loben und gut zueinander sind. Und so war Jesus zufrieden, dass sein Werk bei den Menschen gut gedeihe. &#8212; Vielleicht h\u00e4tte Jesus seine Gesandten nicht immer an seinem Geburtstag auf die Erde schicken sollen, wenn er wissen m\u00f6chte, was wirklich los ist.&#8220;<\/em><\/p>\n\n\n\n<p>In diesem Jahr kann er aber auch auf dem herk\u00f6mmlichen Weg &#8211; nachschauen nur zu Weihnachten &#8211; sehen, was wirklich Sache ist. Und er braucht noch nicht einmal in die Welt zu schauen &#8211; auf das schauen, was sein Bodenpersonal samt den Pressestellen f\u00fcr die himmlische Botschaft hier anrichten, gen\u00fcgt.<\/p>\n\n\n\n<p>So waren die katholischen Bisch\u00f6fe im Ukraine-Konflikt von vornherein f\u00fcr die Lieferung von Waffen an eine Kriegspartei. Lediglich der <a rel=\"noreferrer noopener\" aria-label=\" (\u00f6ffnet in neuem Tab)\" href=\"https:\/\/bistumlimburg.de\/beitrag\/nein-zu-waffenlieferungen\/\" target=\"_blank\">Limburger Bischof widersprach<\/a> noch im April. Zu Weihnachten ist aber auch er <a rel=\"noreferrer noopener\" aria-label=\"bekehrt worden und fordert die Lieferung (\u00f6ffnet in neuem Tab)\" href=\"https:\/\/www.zeit.de\/news\/2022-12\/25\/bischof-wiesemann-waffeneinsatz-kann-gerechtfertigt-sein?utm_referrer=https%3A%2F%2Fwww.google.com%2F\" target=\"_blank\">bekehrt worden und fordert die Lieferung<\/a> &#8222;aller ben\u00f6tigten G\u00fcter&#8220;, wohl wissend, dass sich sein Geschwafel von Friedensinitiativen damit selbst erledigt. Ob er wohl im Beichtstuhl Absolution erteilen w\u00fcrden, wenn die Uneinsichtigkeit des Beichtlings derart leicht durchschaubar ist?<\/p>\n\n\n\n<p>\u00dcberhaupt, um noch bei den Katholen zu bleiben, macht sich inzwischen mitschuldig, wer nicht aus der Kirche austritt. So ist es ja inzwischen mehr oder weniger justiziabel, darauf hinzuweisen, dass es biologisch nur zwei Geschlechter gibt (auch wenn die bei manchen Tierarten und fast allen Pflanzen auf einem Individuum vorkommen k\u00f6nnen). Jeder Erwachsene soll sein Geschlecht selbst bestimmen k\u00f6nnen. Das geht aber der Kirche nicht weit genug:<\/p>\n\n\n\n<blockquote class=\"wp-block-quote is-layout-flow wp-block-quote-is-layout-flow\"><p>\u201eWir sind \u00fcberzeugt, dass Kinder und Jugendliche unabh\u00e4ngig ihres Alters f\u00fcr sich selbst einstehen und ihre Identit\u00e4t erkennen und vertreten k\u00f6nnen und dass Altersgrenzen willk\u00fcrlich gesetzt sind.\u201c<\/p><cite><a href=\"https:\/\/reitschuster.de\/post\/der-moderne-turmbau-zu-babel\/\" target=\"_blank\" rel=\"noreferrer noopener\" aria-label=\" (\u00f6ffnet in neuem Tab)\">https:\/\/reitschuster.de\/post\/der-moderne-turmbau-zu-babel\/<\/a><\/cite><\/blockquote>\n\n\n\n<p>Sieht eine korrekte Anrede in einem Brief demn\u00e4chst so aus: (?)<\/p>\n\n\n\n<blockquote class=\"wp-block-quote is-layout-flow wp-block-quote-is-layout-flow\"><p>Sehr geehrt XX- oder XY-chromosomend Meier, <\/p><p>&#8230;.<\/p><\/blockquote>\n\n\n\n<p>Wer sich jetzt ruhig zur\u00fcck legt und &#8222;naja, die Katholen&#8220; brummelt, sollte nun vernehmen, dass auch die Konkurrenz nicht schl\u00e4ft. Nicht nur wer Mitglied in der katholischen Kirche bleibt, unterst\u00fctzt aktiv das T\u00f6ten von Menschen, auch die Mitglieder der EKD kommen in diesen Genuss, denn die EKD ist der Ansicht, dass &#8222;<a rel=\"noreferrer noopener\" aria-label=\"die Lieferung von Waffen die richtige Entscheidung (\u00f6ffnet in neuem Tab)\" href=\"https:\/\/rtde.site\/inland\/158146-weihnachtsbotschaft-ekd-ratsvorsitzenden-kurschus-waffen\/\" target=\"_blank\">die Lieferung von Waffen die richtige Entscheidung<\/a>&#8220; ist. Und damit jeder Gl\u00e4ubige das erf\u00e4hrt, wird diese Botschaft als Weihnachtsbotschaft verbreitet.<\/p>\n\n\n\n<p>Christliche Kirchen &#8211; unchristliche Botschaften. Das gilt f\u00fcr alle, auch f\u00fcr die Separatisten des 6. Jahrhunderts. Der wohl in jeder woken Kategorie v\u00f6llig unverd\u00e4chtige Deutschlandfunk kommt zu dem Schluss: &#8222;<a rel=\"noreferrer noopener\" aria-label=\"Bisch\u00f6fe reden wie Kriegsherren. (\u00f6ffnet in neuem Tab)\" href=\"https:\/\/www.deutschlandfunkkultur.de\/kirche-ukraine-krieg-bascha-mika-100.html\" target=\"_blank\">Bisch\u00f6fe reden wie Kriegsherren.<\/a>&#8220; Obwohl &#8211; verwunderlich ist das nicht, war ihre traditionelle Rolle w\u00e4hrend des gesamten Mittelalters doch die der Heerf\u00fchrer.<\/p>\n\n\n\n<p>Zum Abschluss noch eine kleine Weihnachtsgeschichte:<\/p>\n\n\n\n<hr class=\"wp-block-separator\"\/>\n\n\n\n<p>Die heilige Familie kommt nach Nazareth und sucht Unterkunft. Josef spricht nun bereits bei der 12. Herberge vor. &#8222;<em>Tut mir leid<\/em>&#8220; sagt der Wirt, &#8222;<em>aber wir sind voll ausgebucht. Kein Bett mehr frei.<\/em>&#8220; &#8211; &#8222;<em>Aber meine Frau ist schwanger<\/em>&#8220; versucht es Josef noch einmal. Der Wirt reagiert etwas genervt &#8222;<em>Da kann ich doch nichts f\u00fcr<\/em>&#8220; antwortet er, worauf nun Josef explodiert &#8222;<strong><em>Ja glaubst du vielleicht, ich ?!<\/em><\/strong>&#8222;<\/p>\n\n\n\n<p>In diesem Sinne: frohe Weihnachten und liebet eure Katzen und Hunde.<\/p>\n","protected":false},"excerpt":{"rendered":"<p>Auf Bayerwaldradio wurden in der Adventszeit Geschichten zum Besinnen und Nachdenken gesendet. Eine ging so: Download Artikel als PDF<\/p>\n","protected":false},"author":1,"featured_media":0,"comment_status":"closed","ping_status":"closed","sticky":false,"template":"","format":"standard","meta":{"footnotes":""},"categories":[1],"tags":[],"class_list":["post-8348","post","type-post","status-publish","format-standard","hentry","category-allgemein"],"post_mailing_queue_ids":[],"_links":{"self":[{"href":"https:\/\/gilbertbrands.de\/blog\/wp-json\/wp\/v2\/posts\/8348","targetHints":{"allow":["GET"]}}],"collection":[{"href":"https:\/\/gilbertbrands.de\/blog\/wp-json\/wp\/v2\/posts"}],"about":[{"href":"https:\/\/gilbertbrands.de\/blog\/wp-json\/wp\/v2\/types\/post"}],"author":[{"embeddable":true,"href":"https:\/\/gilbertbrands.de\/blog\/wp-json\/wp\/v2\/users\/1"}],"replies":[{"embeddable":true,"href":"https:\/\/gilbertbrands.de\/blog\/wp-json\/wp\/v2\/comments?post=8348"}],"version-history":[{"count":1,"href":"https:\/\/gilbertbrands.de\/blog\/wp-json\/wp\/v2\/posts\/8348\/revisions"}],"predecessor-version":[{"id":8349,"href":"https:\/\/gilbertbrands.de\/blog\/wp-json\/wp\/v2\/posts\/8348\/revisions\/8349"}],"wp:attachment":[{"href":"https:\/\/gilbertbrands.de\/blog\/wp-json\/wp\/v2\/media?parent=8348"}],"wp:term":[{"taxonomy":"category","embeddable":true,"href":"https:\/\/gilbertbrands.de\/blog\/wp-json\/wp\/v2\/categories?post=8348"},{"taxonomy":"post_tag","embeddable":true,"href":"https:\/\/gilbertbrands.de\/blog\/wp-json\/wp\/v2\/tags?post=8348"}],"curies":[{"name":"wp","href":"https:\/\/api.w.org\/{rel}","templated":true}]}}