{"id":8287,"date":"2022-12-11T09:26:17","date_gmt":"2022-12-11T08:26:17","guid":{"rendered":"https:\/\/gilbertbrands.de\/blog\/?p=8287"},"modified":"2022-12-11T09:26:17","modified_gmt":"2022-12-11T08:26:17","slug":"kinder-kinder","status":"publish","type":"post","link":"https:\/\/gilbertbrands.de\/blog\/2022\/12\/11\/kinder-kinder\/","title":{"rendered":"Kinder, Kinder !"},"content":{"rendered":"\n<p>Laut einer Meldung in den Medien sind im Gebiet Weser-Ems, Bremen und Hannover s\u00e4mtliche Klinikbetten f\u00fcr Kinder belegt. Den Notdiensten wurden entsprechende Mitteilungen gemacht und die Kinder\u00e4rzte werden aufgefordert, den Eltern h\u00e4usliche Betreuung zu empfehlen.<\/p>\n\n\n\n<!--more-->\n\n\n\n<p>Bei den Kindern geht eine ungew\u00f6hnlich starke Erkrankungswelle mit RSV-Viren um, die laut \u00c4rzten viel zu fr\u00fch kommt (normalerweise erst ab Januar) und zu \u00dcberlastungen im Gesundheitsbereich f\u00fchrt. Schuld f\u00fcr die \u00dcberlastungen sind nach verschiedenen Berichten insbesondere Sparma\u00dfnahmen im Klinikbereich. Dort seien alleine seit 2021 \u00fcber 300 Betten abgebaut worden.<\/p>\n\n\n\n<p>Wenn man dem weiter nachgeht, stellt man allerdings fest: der Abbau betrifft ca. 2-3% der immer noch 26.000 Klinikbetten f\u00fcr Kinder seit 2018 (Quelle Stat. Bundesamt und ARD). Da die Kliniken, egal wer sie bewirtschaftet, ihre Planungen nach dem Auslastungsgrad orientieren (m\u00fcssen), ist das keine Reduktion, die Anlass zu solchen Problemen geben k\u00f6nnte.<\/p>\n\n\n\n<p>Zudem sind auch immer Notbetten im Magazin, die kurzfristig aufgestellt werden k\u00f6nnen (kann man bei DIVI nachlesen). Das sind deutlich mehr als abgebaut wurden. Allerdings sieht es hier so aus, dass maximal nur 50% &#8211; 60% dieser Betten betrieben werden k\u00f6nnen, weil kein Personal mehr vorhanden ist (Umfrage der ARD). Trotzdem ist das letztlich immer noch kein wirklicher Anlass f\u00fcr die \u00dcberlastung, sondern eher Material, um den psychisch auff\u00e4lligen Bundesgesundheitsminister und seine nicht minder auff\u00e4llige (in Gestalt von Drosten m\u00f6glicherweise sogar straff\u00e4llige) Umgebung zu schw\u00e4chen.<\/p>\n\n\n\n<p>Kinder\u00e4rzte, d.h. deren Standesorganisation, an deren Spitze wie in anderen Standesorganisationen keine Fachleute, sondern willf\u00e4hrige verdiente Politsprecher stehen d\u00fcrften, machen die Maskenpolitik verantwortlich (was letztlich auch wieder gegen Lauterbach geht). Durch die Masken sei das Immunsystem der Kids so wenig trainiert, dass Krankheiten nun voll durchschlagen. Was ist davon zu halten?<\/p>\n\n\n\n<p>Zun\u00e4chst sind Masken gegen Viren etwa so wirksam wie Hasendraht gegen M\u00fccken. Bei Bakterien u.a. sieht das anders aus, aber RSV ist ein saisonales Virus. Zudem sind Kinder &#8211; von Ausnahmen abgesehen &#8211; nicht mehr so isoliert wie 2020 und 2021: die Zeiten, in denen alle still auf dem Schulhof mit Abstand stehen mussten, sind vorbei. Kontakte zwischen Jugendlichen und Kindern sind vermutlich gen\u00fcgen vorhanden (schlie\u00dflich haben sich die Kinder in den Kliniken ja auch irgendwo angesteckt).<\/p>\n\n\n\n<p>Was die so genannten Kinder\u00e4rzte nicht erw\u00e4hnen, ist die auch von ihnen \u00fcber fast 3 Jahre mitgetragene schwere Atemwegssch\u00e4digung der Kinder DURCH DIE MASKEN. Was die Folgen von unsachgem\u00e4\u00dfem Tragen sind, kann man in der Arbeitsmedizin nachlesen, die MASKEN F\u00dcR KINDER GRUNDS\u00c4TZLICH AUSSCHLIESST. Die Kinder\u00e4rzte haben mit ihrer Maskenpolitik nichts anderes als vors\u00e4tzliche K\u00f6rperverletzung bei ihren kleinen Patienten betrieben und die jetzigen Parolen sind allenfalls geeignet, die Schuld auf andere zu schieben.<\/p>\n\n\n\n<p>Verantwortung ist auch bei einem anderen Kreis derjenigen zu suchen, denen Kinder anvertraut werden: in Schulen ist es vielfach immer noch \u00fcblich, im Unterricht regelm\u00e4\u00dfig die Fenster aufzurei\u00dfen, d.h. die Kids sitzen in kalter Zugluft. Bei den kleineren, die in den Pausen auf dem Schulhof herumtollen und dann verschwitzt in so eine Klasse kommen, l\u00e4uft das schon auf eine Teilnahme beim <a href=\"https:\/\/darwinawards.com\/darwin\/\">Darwin-Award<\/a> hinaus.<\/p>\n\n\n\n<p>Insgesamt darf man vermutlich auch eine psychisch deutlich verschlechterte Situation bei den Kindern und Jugendlichen voraussetzen. 3 Jahre Repression hinterlassen ihre Spuren. Auch hinsichtlich der Anf\u00e4lligkeit f\u00fcr Krankheiten.<\/p>\n\n\n\n<p>Voll ausgeklammert &#8211; wie sollte es auch anders sein &#8211; ist die so genannte Impfsituation bei den Patienten. Eine St\u00e4ndige Impfkommission empfiehlt in Gestalt ihres Vorsitzenden Mertens auch eine Impfung von Kindern und Jugendlichen mit dem mRNA-Dreck \u00b9\u207e, um parallel ebenfalls in Gestalt ihres Vorsitzenden Mertens zu verk\u00fcnden, die Brut ihres eigenen Clans nat\u00fcrlich nicht impfen zu lassen. Das k\u00e4me erst, wenn die Versuche an <s>Ratten<\/s> Menschen abgeschlossen ist. Das ist nat\u00fcrlich reine Verschw\u00f6rungstheorie, was schon damit bewiesen ist, dass es offiziell gar nicht n\u00f6tig ist, diese Daten \u00fcberhaupt zu erheben.<\/p>\n\n\n\n<div class=\"dem-poll-shortcode\">\n<style id=\"democracy-poll\">.democracy:after{content:'';display:table;clear:both}.democracy ul li,.democracy ul{background:0 0;padding:0;margin:0}.democracy ul li:before{display:none}.democracy input[type=radio],.democracy input[type=checkbox]{margin:0;vertical-align:middle}.democracy input[type=radio]:focus,.democracy input[type=checkbox]:focus{outline:none}.democracy ul{list-style:none !important;border:none !important}.democracy ul li{list-style:none !important}input[type=submit].dem-button,a.dem-button,.dem-button{position:relative;display:inline-block;text-decoration:none;line-height:1;border:0;margin:0;padding:0;cursor:pointer;white-space:nowrap;-webkit-user-select:none;-moz-user-select:none;-ms-user-select:none;user-select:none}input[type=submit].dem-button:focus,a.dem-button:focus,.dem-button:focus{outline:none}input[type=submit].dem-button:disabled,a.dem-button:disabled,.dem-button:disabled{opacity:.6;cursor:not-allowed}a.dem-button:hover{text-decoration:none !important}.democracy{position:relative;margin:0 auto}.democracy input[type=radio],.democracy input[type=checkbox]{margin-right:.2em}.dem-screen{position:relative;line-height:1.3}.democracy ul.dem-vote{margin-bottom:1em}.democracy ul.dem-vote li{padding-bottom:0;margin-bottom:0}.democracy ul.dem-vote li>*{margin-bottom:.6em}.democracy ul.dem-answers li{padding-bottom:1em}.dem-answers .dem-label{margin-bottom:.2em;line-height:1.2}.dem-graph{position:relative;color:#555;color:rgba(0,0,0,.6);box-sizing:content-box;width:100%;display:table;height:1.2em;line-height:1.2em}.dem-fill{position:absolute;top:0;left:0;height:100%;background-color:#7cb4dd}.dem-voted-this .dem-fill{background-color:#ffc45a}.dem-votes-txt,.dem-percent-txt{position:relative;display:table-cell;padding-left:.3em;vertical-align:middle;font-size:90%}.dem-poll-info{padding-bottom:1em}.dem-poll-info:after{content:'';display:table;clear:both}.dem-poll-info>*{font-size:85%;display:block;float:right;clear:both;text-align:right;opacity:.7;line-height:1.3}.dem-vote label{float:none;display:block}.dem-results-link{display:inline-block;line-height:1;margin:.8em 1em}.dem-vote .dem-disabled{opacity:.5}.democracy .dem-bottom{padding-bottom:1em}.dem-bottom{text-align:center}.dem-bottom:after{content:'';display:table;clear:both}.dem-poll-title{display:block;margin-bottom:1.5em;margin-top:1.2em;font-size:120%}.dem-notice{z-index:10;position:absolute;top:0;border-radius:2px;width:100%;padding:1.5em 2em;text-align:center;background:rgba(247,241,212,.8);color:#6d6214}.dem-notice-close{position:absolute;top:0;right:0;padding:5px;cursor:pointer;line-height:.6;font-size:150%}.dem-notice-close:hover{color:#d26616}.dem-star{font-size:90%;vertical-align:baseline;padding-left:.3em;color:#ff4e00}.dem-poll-note{font-size:90%;padding:.5em;opacity:.8;line-height:1.3}.democracy .dem-copyright{position:absolute;bottom:-1em;right:0;text-decoration:none;border-bottom:0;color:#b2b2b2;opacity:.5;line-height:1}.democracy .dem-copyright:hover{opacity:1}.dem-add-answer{position:relative}.dem-add-answer>*{display:block}.dem-add-answer a{display:inline-block}input.dem-add-answer-txt{width:100%;box-sizing:border-box}.dem-add-answer-close{position:absolute;right:0;padding:0 .7em;cursor:pointer;color:#333}.dem-add-answer-close:hover{color:#ff2700}.dem-edit-link{display:block;position:absolute;top:0;right:0;line-height:1;text-decoration:none !important;border:none !important}.dem-edit-link svg{width:1.2em!important;fill:#6c6c6c}.dem-edit-link:hover svg{fill:#35a91d}.dem-loader{display:none;position:absolute;top:0;left:0;width:100%;height:100%}.dem-loader>*{display:table-cell;vertical-align:middle;text-align:center}.dem-loader svg{width:20%;max-width:100px;min-width:80px;margin-bottom:15%}.dem-loader [class^=dem-]{margin-bottom:15%!important}.dem__collapser{display:block;cursor:pointer;text-align:center;font-size:150%;line-height:1}.dem__collapser:hover{color:#f31;background:rgba(255,255,255,.3)}.dem__collapser.expanded{position:relative;height:1em}.dem__collapser.collapsed{position:absolute;top:0;bottom:0;right:0;left:0}.dem__collapser .arr{display:block;position:absolute;bottom:0;width:100%}.dem__collapser.collapsed .arr:before{content:\"\u25be\"}.dem__collapser.expanded .arr:before{content:\"\u25b4\"}.dem-poll-shortcode{margin-bottom:1.5em}.dem-archives .dem-elem-wrap{margin-bottom:2em;padding-bottom:20px;border-bottom:1px dashed rgba(0,0,0,.1)}.dem-archives .dem-archive-link{display:none}.dem-paging{text-align:center;margin:1.5em auto}.dem-paging>*{display:inline-block;padding:.3em .8em;border-radius:.2em;background:#e2e2e2;color:#333;text-decoration:none;text-transform:lowercase;user-select:none}.dem-paging>a{color:#333}.dem-paging>a:hover{background:#ccc;color:#333;text-decoration:none}.dem-paging .current{background:#656565;color:#fff}.dem-paging .dots{background:0 0}.dem-link{font-style:italic;font-size:90%}.dem-vote-link:before{content:'\u25c2 '}.dem-vote label:hover{opacity:.8}.dem-vote-button{float:left}.dem-results-link{float:right}.dem-graph{background:#f7f7f7;background:linear-gradient(to bottom,rgba(0,0,0,.05) 50%,rgba(0,0,0,.1) 50%)}.dem-fill{background-image:linear-gradient(to right,rgba(255,255,255,.3),transparent)}.dem-answers .dem-label{margin-bottom:.1em}.dem-votes-txt,.dem-percent-txt{font-size:80%}.dem-percent-txt{display:none}.dem-answers li:hover .dem-votes-txt{display:none}.dem-answers li:hover .dem-percent-txt{display:table-cell}.dem-voted-this .dem-label:before{content:'\u2713';display:inline-block;margin-right:.2em}.dem-voted-this .dem-graph{border-color:#969696}.dem-label-percent-txt,.dem-votes-txt-percent,.dem-novoted .dem-votes-txt{display:none}.dem-poll-info{font-style:italic}.dem-archive-link{text-align:right}.dem-bottom{text-align:left}input[type=submit].dem-button,a.dem-button,.dem-button{font-size:90%;font-family:tahoma,arial,sans-serif;padding:.8em 1.6em !important;color:#fff;background:#61a9de;text-transform:uppercase}input[type=submit].dem-button:hover,a.dem-button:hover,.dem-button:hover{color:#fff;background:#3b8bc6}a.dem-button:visited{color:#fff}<\/style>\n<div id=\"democracy-45\" class=\"democracy\" data-opts='{\"ajax_url\":\"https:\\\/\\\/gilbertbrands.de\\\/blog\\\/wp-admin\\\/admin-ajax.php\",\"pid\":45,\"max_answs\":2,\"answs_max_height\":500,\"anim_speed\":400,\"line_anim_speed\":1500}' ><strong class=\"dem-poll-title\">Hintergrundrauschen<\/strong><div class=\"dem-screen vote\"><form method=\"POST\" action=\"#democracy-45\">\n\t<ul class=\"dem-vote\">\n\t\t<li data-aid=\"198\">\n\t<label class=\"dem__checkbox_label\">\n\t\t<input class=\"dem__checkbox\"  type=\"checkbox\" value=\"198\" name=\"answer_ids[]\"  ><span class=\"dem__spot\"><\/span> Ich kann keine Antwort geben, m\u00f6chte aber das Ergebnis sehen\n\t<\/label>\n<\/li><li data-aid=\"195\">\n\t<label class=\"dem__checkbox_label\">\n\t\t<input class=\"dem__checkbox\"  type=\"checkbox\" value=\"195\" name=\"answer_ids[]\"  ><span class=\"dem__spot\"><\/span> Das st\u00e4ndige L\u00fcften und Sitzen im Kalten l\u00e4uft nach wie vor an den Schulen\n\t<\/label>\n<\/li><li data-aid=\"196\">\n\t<label class=\"dem__checkbox_label\">\n\t\t<input class=\"dem__checkbox\"  type=\"checkbox\" value=\"196\" name=\"answer_ids[]\"  ><span class=\"dem__spot\"><\/span> In meinem Bekanntenkreis sind die Erkrankungen von Kindern unabh\u00e4ngig vom Impfstatus\n\t<\/label>\n<\/li><li data-aid=\"197\">\n\t<label class=\"dem__checkbox_label\">\n\t\t<input class=\"dem__checkbox\"  type=\"checkbox\" value=\"197\" name=\"answer_ids[]\"  ><span class=\"dem__spot\"><\/span> Anscheinend sind mehr geimpfte Kinder in Behandlung als ungeimpfte\n\t<\/label>\n<\/li><li data-aid=\"194\">\n\t<label class=\"dem__checkbox_label\">\n\t\t<input class=\"dem__checkbox\"  type=\"checkbox\" value=\"194\" name=\"answer_ids[]\"  ><span class=\"dem__spot\"><\/span> An den mir bekannten Schulen geht inzwischen alles wieder normal zu\n\t<\/label>\n<\/li><li class=\"dem-add-answer\"><a href=\"javascript:void(0);\" rel=\"nofollow\" data-dem-act=\"newAnswer\" class=\"dem-link\">Fuge deine Antwort hinzu<\/a><\/li>\n\t<\/ul>\n\t<div class=\"dem-bottom\"><input type=\"hidden\" name=\"dem_act\" value=\"vote\"><input type=\"hidden\" name=\"dem_pid\" value=\"45\"><div class=\"dem-vote-button\"><input class=\"dem-button \" type=\"submit\" value=\"Abstimmung\" data-dem-act=\"vote\"><\/div><a href=\"javascript:void(0);\" class=\"dem-link dem-results-link\" data-dem-act=\"view\" rel=\"nofollow\">Ergebnisse<\/a><\/div>\n<\/form><\/div><noscript>Poll Options are limited because JavaScript is disabled in your browser.<\/noscript><div class=\"dem-loader\"><div><style type=\"text\/css\">\n.dem-roller {\n  margin: 0 auto;\n  width: 40px;\n  height: 40px;\n  position: relative;\n}\n\n.con1 > div, .con2 > div, .con3 > div {\n  width: 10px;\n  height: 10px;\n  background-color: #2686cc;\n\n  border-radius: 100%;\n  position: absolute;\n  -webkit-animation: bouncedelay 1.2s infinite ease-in-out;\n  animation: bouncedelay 1.2s infinite ease-in-out;\n  \/* Prevent first frame from flickering when animation starts *\/\n  -webkit-animation-fill-mode: both;\n  animation-fill-mode: both;\n}\n\n.dem-roller .demrcont {\n  position: absolute;\n  width: 100%;\n  height: 100%;\n}\n\n.con2 {\n  -webkit-transform: rotateZ(45deg);\n  transform: rotateZ(45deg);\n}\n\n.con3 {\n  -webkit-transform: rotateZ(90deg);\n  transform: rotateZ(90deg);\n}\n\n.circle1 { top: 0; left: 0; }\n.circle2 { top: 0; right: 0; }\n.circle3 { right: 0; bottom: 0; }\n.circle4 { left: 0; bottom: 0; }\n\n.con2 .circle1 { -webkit-animation-delay: -1.1s; animation-delay: -1.1s; }\n.con3 .circle1 { -webkit-animation-delay: -1.0s; animation-delay: -1.0s; }\n.con1 .circle2 { -webkit-animation-delay: -0.9s; animation-delay: -0.9s; }\n.con2 .circle2 { -webkit-animation-delay: -0.8s; animation-delay: -0.8s; }\n.con3 .circle2 { -webkit-animation-delay: -0.7s; animation-delay: -0.7s; }\n.con1 .circle3 { -webkit-animation-delay: -0.6s; animation-delay: -0.6s; }\n.con2 .circle3 { -webkit-animation-delay: -0.5s; animation-delay: -0.5s; }\n.con3 .circle3 { -webkit-animation-delay: -0.4s; animation-delay: -0.4s; }\n.con1 .circle4 { -webkit-animation-delay: -0.3s; animation-delay: -0.3s; }\n.con2 .circle4 { -webkit-animation-delay: -0.2s; animation-delay: -0.2s; }\n.con3 .circle4 { -webkit-animation-delay: -0.1s; animation-delay: -0.1s; }\n@-webkit-keyframes bouncedelay {\n  0%, 80%, 100% { -webkit-transform: scale(0.0) }\n  40% { -webkit-transform: scale(1.0) }\n}\n\n@keyframes bouncedelay {\n  0%, 80%, 100% { \n    transform: scale(0.0);\n    -webkit-transform: scale(0.0);\n  } 40% { \n    transform: scale(1.0);\n    -webkit-transform: scale(1.0);\n  }\n}\n<\/style>\n\n<div class=\"dem-roller\">\n  <div class=\"demrcont con1\">\n    <div class=\"circle1 css-fill\"><\/div>\n    <div class=\"circle2 css-fill\"><\/div>\n    <div class=\"circle3 css-fill\"><\/div>\n    <div class=\"circle4 css-fill\"><\/div>\n  <\/div>\n  <div class=\"demrcont con2\">\n    <div class=\"circle1 css-fill\"><\/div>\n    <div class=\"circle2 css-fill\"><\/div>\n    <div class=\"circle3 css-fill\"><\/div>\n    <div class=\"circle4 css-fill\"><\/div>\n  <\/div>\n  <div class=\"demrcont con3\">\n    <div class=\"circle1 css-fill\"><\/div>\n    <div class=\"circle2 css-fill\"><\/div>\n    <div class=\"circle3 css-fill\"><\/div>\n    <div class=\"circle4 css-fill\"><\/div>\n  <\/div>\n<\/div>\n\n<\/div><\/div><\/div><!--democracy--><\/div>\n\n\n\n<hr class=\"wp-block-separator\"\/>\n\n\n\n<p class=\"has-normal-font-size\">\u00b9\u207e In meinem beschr\u00e4nkten Bekanntenkreis hat sich die Zahl der mutma\u00dflichen Todesf\u00e4lle unter den Geimpften inzwischen auf 5 erh\u00f6ht. Das ist nat\u00fcrlich ebenfalls eine Verschw\u00f6rungstheorie, die bereits dadurch bewiesen ist, dass es gar keine Notwendigkeit gibt, das zu untersuchen.<\/p>\n\n\n\n<div class=\"dem-poll-shortcode\"><div id=\"democracy-46\" class=\"democracy\" data-opts='{\"ajax_url\":\"https:\\\/\\\/gilbertbrands.de\\\/blog\\\/wp-admin\\\/admin-ajax.php\",\"pid\":46,\"max_answs\":0,\"answs_max_height\":500,\"anim_speed\":400,\"line_anim_speed\":1500}' ><strong class=\"dem-poll-title\">Mutma\u00dfliche Impfopfer<\/strong><div class=\"dem-screen vote\"><form method=\"POST\" action=\"#democracy-46\">\n\t<ul class=\"dem-vote\">\n\t\t<li data-aid=\"199\">\n\t<label class=\"dem__radio_label\">\n\t\t<input class=\"dem__radio\"  type=\"radio\" value=\"199\" name=\"answer_ids[]\"  ><span class=\"dem__spot\"><\/span> Ich kenne keine Impfgesch\u00e4digten, von leichtem Unwohlsein nach den Impfungen abgesehen\n\t<\/label>\n<\/li><li data-aid=\"200\">\n\t<label class=\"dem__radio_label\">\n\t\t<input class=\"dem__radio\"  type=\"radio\" value=\"200\" name=\"answer_ids[]\"  ><span class=\"dem__spot\"><\/span> In meinem Bekanntenkreis gibt es 1-3 Impfgesch\u00e4digte\n\t<\/label>\n<\/li><li data-aid=\"202\">\n\t<label class=\"dem__radio_label\">\n\t\t<input class=\"dem__radio\"  type=\"radio\" value=\"202\" name=\"answer_ids[]\"  ><span class=\"dem__spot\"><\/span> In meinem Bekanntenkreis gibt es 1-3 Impfgesch\u00e4digte einschlie\u00dflich mutma\u00dflicher Todesf\u00e4lle\n\t<\/label>\n<\/li><li data-aid=\"203\">\n\t<label class=\"dem__radio_label\">\n\t\t<input class=\"dem__radio\"  type=\"radio\" value=\"203\" name=\"answer_ids[]\"  ><span class=\"dem__spot\"><\/span> In meinem Bekanntenkreis gibt es mehr als 3 Impfgesch\u00e4digte einschlie\u00dflich mutma\u00dflicher Todesf\u00e4lle\n\t<\/label>\n<\/li><li data-aid=\"201\">\n\t<label class=\"dem__radio_label\">\n\t\t<input class=\"dem__radio\"  type=\"radio\" value=\"201\" name=\"answer_ids[]\"  ><span class=\"dem__spot\"><\/span> In meinem Bekanntenkreis gibt es mehr als 3 Impfgesch\u00e4digte\n\t<\/label>\n<\/li><li class=\"dem-add-answer\"><a href=\"javascript:void(0);\" rel=\"nofollow\" data-dem-act=\"newAnswer\" class=\"dem-link\">Fuge deine Antwort hinzu<\/a><\/li>\n\t<\/ul>\n\t<div class=\"dem-bottom\"><input type=\"hidden\" name=\"dem_act\" value=\"vote\"><input type=\"hidden\" name=\"dem_pid\" value=\"46\"><div class=\"dem-vote-button\"><input class=\"dem-button \" type=\"submit\" value=\"Abstimmung\" data-dem-act=\"vote\"><\/div><a href=\"javascript:void(0);\" class=\"dem-link dem-results-link\" data-dem-act=\"view\" rel=\"nofollow\">Ergebnisse<\/a><\/div>\n<\/form><\/div><noscript>Poll Options are limited because JavaScript is disabled in your browser.<\/noscript><\/div><!--democracy--><\/div>\n","protected":false},"excerpt":{"rendered":"<p>Laut einer Meldung in den Medien sind im Gebiet Weser-Ems, Bremen und Hannover s\u00e4mtliche Klinikbetten f\u00fcr Kinder belegt. Den Notdiensten wurden entsprechende Mitteilungen gemacht und die Kinder\u00e4rzte werden aufgefordert, den Eltern h\u00e4usliche Betreuung zu empfehlen. Download Artikel als PDF<\/p>\n","protected":false},"author":1,"featured_media":0,"comment_status":"closed","ping_status":"closed","sticky":false,"template":"","format":"standard","meta":{"footnotes":""},"categories":[1],"tags":[],"class_list":["post-8287","post","type-post","status-publish","format-standard","hentry","category-allgemein"],"post_mailing_queue_ids":[],"_links":{"self":[{"href":"https:\/\/gilbertbrands.de\/blog\/wp-json\/wp\/v2\/posts\/8287","targetHints":{"allow":["GET"]}}],"collection":[{"href":"https:\/\/gilbertbrands.de\/blog\/wp-json\/wp\/v2\/posts"}],"about":[{"href":"https:\/\/gilbertbrands.de\/blog\/wp-json\/wp\/v2\/types\/post"}],"author":[{"embeddable":true,"href":"https:\/\/gilbertbrands.de\/blog\/wp-json\/wp\/v2\/users\/1"}],"replies":[{"embeddable":true,"href":"https:\/\/gilbertbrands.de\/blog\/wp-json\/wp\/v2\/comments?post=8287"}],"version-history":[{"count":5,"href":"https:\/\/gilbertbrands.de\/blog\/wp-json\/wp\/v2\/posts\/8287\/revisions"}],"predecessor-version":[{"id":8292,"href":"https:\/\/gilbertbrands.de\/blog\/wp-json\/wp\/v2\/posts\/8287\/revisions\/8292"}],"wp:attachment":[{"href":"https:\/\/gilbertbrands.de\/blog\/wp-json\/wp\/v2\/media?parent=8287"}],"wp:term":[{"taxonomy":"category","embeddable":true,"href":"https:\/\/gilbertbrands.de\/blog\/wp-json\/wp\/v2\/categories?post=8287"},{"taxonomy":"post_tag","embeddable":true,"href":"https:\/\/gilbertbrands.de\/blog\/wp-json\/wp\/v2\/tags?post=8287"}],"curies":[{"name":"wp","href":"https:\/\/api.w.org\/{rel}","templated":true}]}}