{"id":816,"date":"2017-01-24T09:16:58","date_gmt":"2017-01-24T08:16:58","guid":{"rendered":"http:\/\/gilbertbrands.de\/blog\/?p=816"},"modified":"2017-01-24T09:16:58","modified_gmt":"2017-01-24T08:16:58","slug":"kann-man-den-medien-noch-trauen","status":"publish","type":"post","link":"https:\/\/gilbertbrands.de\/blog\/2017\/01\/24\/kann-man-den-medien-noch-trauen\/","title":{"rendered":"Kann man den Medien noch trauen ?"},"content":{"rendered":"<p>Die Prim\u00e4raufgabe der Nachrichtenmedien ist die Information, und zwar m\u00f6glichst neutral und umfassend. Erst in zweiter Linie sollen sie kommentieren, aber auch das in sachlicher Form. Nun wei\u00df <!--more-->jeder, dass eine neutrale und umfassende Information nicht nur schwierig ist, sondern auch nicht geschieht. In den Redaktionen arbeiten auch Menschen, und man will auch gewisse Einstellungen portieren &#8211; weshalb es ja nicht nur eine Zeitung gibt, sondern viele, und sich in der Vergangenheit &#8222;gut informierte Leute&#8220; aus mehreren Nachrichtenmedien informierten.<\/p>\n<p>Das ist jetzt schon eine geraume Zeit Geschichte. Die Auflagen sinken, und abgebaut wird die investigative Seite der Redaktionen. &#8222;Nachrichten&#8220; werden in einem immer gr\u00f6\u00dferen Umfang nicht ermittelt, sondern einfach eingekauft oder \u00fcbernommen. Sinkt der investigative Anteil, erh\u00f6ht sich automatisch der kommentierende, d.h. die Meinungsverbreitung gewinnt gegen\u00fcber der Informationsverbreitung an Gewicht. Im Prinzip ertr\u00e4glich, da \u00fcber das Internet auch neue Informationsquellen zur Verf\u00fcgung stehen, die aber eben auch gef\u00e4rbt sind. <strong>Aber nur im Prinzip, denn die professionellen Nachrichtenmedien entwickeln sich immer mehr zu professionellen Jaucheschleudern.<\/strong><\/p>\n<p>Lieblingsthema Donald Trump. Erstaunlicherweise widmen die Medien dem neuen US-Pr\u00e4sidenten mehr Raum als europ\u00e4ischen Themen wie der Pr\u00e4sidentenwahl in Frankreich und selbst Inlandsthemen, und zwar ausschlie\u00dflich f\u00fcr eine Diffamierungskampagne. Dabei geht es gar nicht darum, was er tut, dazu hatte er n\u00e4mlich noch gar keine Chance. Es geht darum, was man ihm alles unterstellen kann, was er tun k\u00f6nnte. Journalismus im 2. Futur Konjunktiv. Dabei schreckt man noch nicht mal vor F\u00e4lschungen zur\u00fcck.<\/p>\n<p><a href=\"http:\/\/gilbertbrands.de\/blog\/wp-content\/uploads\/2017\/01\/16195323_178655435950202_3912053297047690922_n.jpg\"><img loading=\"lazy\" decoding=\"async\" class=\"alignnone size-medium wp-image-817\" src=\"http:\/\/gilbertbrands.de\/blog\/wp-content\/uploads\/2017\/01\/16195323_178655435950202_3912053297047690922_n-300x169.jpg\" alt=\"\" width=\"300\" height=\"169\" srcset=\"https:\/\/gilbertbrands.de\/blog\/wp-content\/uploads\/2017\/01\/16195323_178655435950202_3912053297047690922_n-300x169.jpg 300w, https:\/\/gilbertbrands.de\/blog\/wp-content\/uploads\/2017\/01\/16195323_178655435950202_3912053297047690922_n.jpg 497w\" sizes=\"auto, (max-width: 300px) 100vw, 300px\" \/><\/a><\/p>\n<p>Dieses Bild zeigt die Menschenmenge bei der Amtseinf\u00fchrung Obamas (links) und Trumps (rechts), angeblich beide zum gleichen Zeitpunkt der Zeremonie aufgenommen. Laut Medien waren bei Trump nur etwas \u00fcber die H\u00e4lfte der Personen anwesend. Das passt aber nicht zu den Fotos, denn rechts ist nur ca. 1\/3 der Fl\u00e4che bev\u00f6lkert, und wenn man ins Kalk\u00fcl zieht, dass Menschen mehr Platz auch nutzen, wenn er zur Verf\u00fcgung steht, sieht man rechts vielleicht 1\/4 der linken Anzahl. Ein anderes Foto zeigt das hier:<\/p>\n<p><a href=\"http:\/\/gilbertbrands.de\/blog\/wp-content\/uploads\/2017\/01\/16143303_10154053356121573_4575388067330935350_n.jpg\"><img loading=\"lazy\" decoding=\"async\" class=\"alignnone size-medium wp-image-818\" src=\"http:\/\/gilbertbrands.de\/blog\/wp-content\/uploads\/2017\/01\/16143303_10154053356121573_4575388067330935350_n-200x300.jpg\" alt=\"\" width=\"200\" height=\"300\" srcset=\"https:\/\/gilbertbrands.de\/blog\/wp-content\/uploads\/2017\/01\/16143303_10154053356121573_4575388067330935350_n-200x300.jpg 200w, https:\/\/gilbertbrands.de\/blog\/wp-content\/uploads\/2017\/01\/16143303_10154053356121573_4575388067330935350_n.jpg 640w\" sizes=\"auto, (max-width: 200px) 100vw, 200px\" \/><\/a><\/p>\n<p>Das passt wiederum nicht zum rechten Foto, denn die hinteren R\u00e4nge sind hier gef\u00fcllt, auch wenn durch die andere Perspektive der Vergleich etwas schwierig ist. M\u00f6glich ist, dass (aufgrund des Wetters?) wirklich weniger Leute anwesend waren als bei Obama, aber die Pressezahlen stimmen definitiv nicht. Sie gehen trotzdem ungepr\u00fcft in Umlauf, und ein Donald Trump, der verst\u00e4ndlicherweise d\u00fcpiert ist, wird als L\u00fcgner abgestempelt. Gleichzeitig werden Anti-Trump-Demos nach den \u00fcblichen Mustern hochgespielt: gro\u00df aufgemacht und Fotos aus Perspektiven, aus denen 30 Leute noch wie die Besucher des Fu\u00dfball-WM-Endspiels wirken. Vergessen wird dabei, dass seinerzeit und bis zu seinem Ausscheiden auch Anti-Obama-Demonstrationen stattgefunden haben, wie eine kurze Recherche im Netz zeigt (die nat\u00fcrlich alle von Rechten bezahlt, w\u00e4hrend alle Anti-Trump-Demos nat\u00fcrlich aus dem Herzen kommen). Jauche statt Berichterstattung.<\/p>\n<p>Auch an anderer Stelle kommt es zu Pannen, beispielsweise bei der Berichterstattung aus Syrien, wo das Publikum mit herzzerrei\u00dfenden Fotos begl\u00fcckt wird. Einem syrischen Journalisten fiel allerdings folgendes auf:<\/p>\n<p><a href=\"http:\/\/gilbertbrands.de\/blog\/wp-content\/uploads\/2017\/01\/Bildschirmfoto-vom-2017-01-24-08-28-26.png\"><img loading=\"lazy\" decoding=\"async\" class=\"alignnone size-medium wp-image-822\" src=\"http:\/\/gilbertbrands.de\/blog\/wp-content\/uploads\/2017\/01\/Bildschirmfoto-vom-2017-01-24-08-28-26-300x157.png\" alt=\"\" width=\"300\" height=\"157\" srcset=\"https:\/\/gilbertbrands.de\/blog\/wp-content\/uploads\/2017\/01\/Bildschirmfoto-vom-2017-01-24-08-28-26-300x157.png 300w, https:\/\/gilbertbrands.de\/blog\/wp-content\/uploads\/2017\/01\/Bildschirmfoto-vom-2017-01-24-08-28-26-768x402.png 768w, https:\/\/gilbertbrands.de\/blog\/wp-content\/uploads\/2017\/01\/Bildschirmfoto-vom-2017-01-24-08-28-26.png 958w\" sizes=\"auto, (max-width: 300px) 100vw, 300px\" \/><\/a><\/p>\n<p>Irgendwie dumm gelaufen, angefangen bei den Fotografen. Wenn so etwas scheibchenweise \u00fcber die Medien kommt, f\u00e4llt das vermutlich kaum jemand auf, einem Journalisten sollten solche Ungereimtheiten aber schon auffallen, denn das ist sein Tagesgesch\u00e4ft.<\/p>\n<p>Besonders schlimm ist der Jaucheergu\u00df derzeit im Inlandsgesch\u00e4ft, kulminierend in der &#8222;Berichterstattung&#8220; \u00fcber eine Rede des AfD-Landeschefs H\u00f6cke, in der er auffordert, doch von der Entnazifizierung auch mal den Blick nach vorne zu werfen. Die Entnazifizierung l\u00e4uft n\u00e4mlich derzeit auf Hochtouren, obwohl niemand, der j\u00fcnger ist als 75, die Zeit \u00fcberhaupt bewusst mitgemacht haben kann. Nach dem Krieg war die Entnazifizierung eine von den Siegerm\u00e4chten ausgehende Angelegenheit und damit ein Versuch einer Meinungskorrektur, heute geht sie von den f\u00fchrenden Schichten aus und ist damit eine Gehirnw\u00e4sche, die den Blick auf alles m\u00f6gliche verstellen soll. Deutsche positive Geschichte existiert nicht, und selbst auf Kulturtr\u00e4ger wie Mendelssohn-Bartholdy, B\u00fcchner oder Einstein darf man sich als Deutscher nicht berufen, ohne darauf hingewiesen zu werden, dass das doch Juden seien (und damit mit uns Deutschen nichts zu tun haben?).<\/p>\n<p>Liest man, was H\u00f6cke gesagt hat, stellt man fest, dass er u.a. Martin Walser zitiert hat, der f\u00fcr diese Worte bei einer Rede vor dem Deutschen Bundestag viel Applaus bekommen hat. F\u00fcr die gleiche Worte aus dem Munde H\u00f6cke sieht die Reaktion der Qualit\u00e4tsmedien aber so aus:<\/p>\n<p><a href=\"http:\/\/gilbertbrands.de\/blog\/wp-content\/uploads\/2017\/01\/Bildschirmfoto-vom-2017-01-24-08-38-38.png\"><img loading=\"lazy\" decoding=\"async\" class=\"alignnone size-medium wp-image-823\" src=\"http:\/\/gilbertbrands.de\/blog\/wp-content\/uploads\/2017\/01\/Bildschirmfoto-vom-2017-01-24-08-38-38-300x169.png\" alt=\"\" width=\"300\" height=\"169\" srcset=\"https:\/\/gilbertbrands.de\/blog\/wp-content\/uploads\/2017\/01\/Bildschirmfoto-vom-2017-01-24-08-38-38-300x169.png 300w, https:\/\/gilbertbrands.de\/blog\/wp-content\/uploads\/2017\/01\/Bildschirmfoto-vom-2017-01-24-08-38-38-768x432.png 768w, https:\/\/gilbertbrands.de\/blog\/wp-content\/uploads\/2017\/01\/Bildschirmfoto-vom-2017-01-24-08-38-38.png 775w\" sizes=\"auto, (max-width: 300px) 100vw, 300px\" \/><\/a><\/p>\n<p>Was nicht sehr weit von<\/p>\n<p><a href=\"http:\/\/gilbertbrands.de\/blog\/wp-content\/uploads\/2017\/01\/16174412_176576349491444_6574499616765669851_n.jpg\"><img loading=\"lazy\" decoding=\"async\" class=\"alignnone size-medium wp-image-824\" src=\"http:\/\/gilbertbrands.de\/blog\/wp-content\/uploads\/2017\/01\/16174412_176576349491444_6574499616765669851_n-234x300.jpg\" alt=\"\" width=\"234\" height=\"300\" srcset=\"https:\/\/gilbertbrands.de\/blog\/wp-content\/uploads\/2017\/01\/16174412_176576349491444_6574499616765669851_n-234x300.jpg 234w, https:\/\/gilbertbrands.de\/blog\/wp-content\/uploads\/2017\/01\/16174412_176576349491444_6574499616765669851_n.jpg 749w\" sizes=\"auto, (max-width: 234px) 100vw, 234px\" \/><\/a><\/p>\n<p>entfernt ist und selbst ausgemachte AfD-Gegner auf die Barrikaden treibt. Die Qualit\u00e4tsl\u00fcgenmedien st\u00f6rt es nicht: lediglich der Stern rudert ein wenig zur\u00fcck, alle anderen verbreiten auch fast eine Woche sp\u00e4ter noch die Naziparolen und nennen, vom Tagesspiegel angefangen \u00fcber die FAZ und andere, selbst potentielle W\u00e4hler der AfD Rechtsradikale und Nazis (Presseschau von DRadio am 24.1., die aber wohl auch nicht anders denken). Wobei sie sich auch nicht scheuen, irgendwelche Ger\u00fcchte in die Welt zu setzen, wie etwa, dass H\u00f6cke aus der AfD ausgeschlossen werden solle. Anonyme Quellen nat\u00fcrlich, aber wenn man Schaden anrichten kann &#8230;<\/p>\n<p>Erstaunlich, wenn man bedenkt, dass eine Frau K\u00fcnast Strafanzeige wegen einer Falschmeldung erstattet, in der ihr S\u00e4tze unterstellt werden, die durchaus aus Gr\u00fcnem Mund zu erwarten sind und bei anderen Gelegenheiten auch in \u00e4hnlicher Weise gefallen sind (<a href=\"http:\/\/www.tagesspiegel.de\/berlin\/affaere-fischfutter-stroebele-geht-juristisch-gegen-blogger-vor\/5890128.html\">wobei das Verh\u00e4ltnis der Gr\u00fcnen zu Gesetzen ohnehin etwas eigenartig ist, Anmerkung: in dem Teich bestand absolutes Badeverbot<\/a>). Und auch erstaunlich, wenn man bedenkt, dass Justizminister Maas eine Internetzensur durchsetzen will, wobei die Rolle der Inquisition eine Organisation namens <a href=\"https:\/\/correctiv.org\/recherchen\/neue-rechte\/artikel\/2016\/03\/14\/das-afd-programm-entschluesselt\/\">Correctiv \u00fcbernehme soll, die nun selbst durch \u00e4u\u00dferst fantasievolle Spekulation auff\u00e4llt<\/a>. Rezept: man nehme ein Parteiprogramm und ein Vorteil, streiche alles aus dem Programm, was dem Vorurteil widerspricht, und ver\u00f6ffentliche das als Analyse. Nicht nur gute journalistische Arbeit, auch voll christliche Vorgehensweise im Sinne des Hexenhammers, der nicht nur die richtige Meinung vorschreibt, sondern auch gleich alle, die Zweifel haben, auf den Scheiterhaufen schickt:<\/p>\n<blockquote><p>&#8222;Laien und Kleriker, die die Hexenjagd ablehnten, wurden im <i>Hexenhammer<\/i> zu H\u00e4retikern erkl\u00e4rt und mithin der Verfolgung preisgegeben: <span lang=\"la\" xml:lang=\"la\">\u201eHairesis maxima est opera maleficarum non credere\u201c<\/span> (deutsch: \u201eEs ist eine sehr gro\u00dfe <a title=\"H\u00e4resie\" href=\"https:\/\/de.wikipedia.org\/wiki\/H%C3%A4resie\">H\u00e4resie<\/a>, nicht an das Wirken von Hexen zu glauben\u201c).&#8220;<\/p><\/blockquote>\n<p>Kann man den Medien derzeit noch \u00fcberhaupt etwas glauben? Ehrlich gesagt, es f\u00e4llt schwer, denn die Ger\u00fcchte- und Jauchek\u00fcche wird flankiert durch Verschweigen aller m\u00f6glichen Vorg\u00e4nge, die nicht ins Bild passen, auf die man aber in alternativen Nachrichtenmedien st\u00f6\u00dft. Nat\u00fcrlich ist das alles L\u00fcge &#8211; aus Sicht der L\u00fcgenmedien. Ist es das?<\/p>\n<p>Cui bono? Wer hat was davon? Man muss kein Verschw\u00f6rungstheoretiker sein, um festzustellen, dass dem Establishement wie in den USA und anderen L\u00e4ndern allm\u00e4hlich die Leute davon laufen. Sie m\u00fcssen um ihre Macht bangen, und Hilary Clinton hat es schon erwischt. Stecken Sie hinter der Propaganda? Nehmen sie in Kauf, durch ihre Handlungen und Propaganda eine Nation eher zu vernichten als ihre Macht zu verlieren. <a href=\"https:\/\/1truth2prevail.wordpress.com\/2014\/06\/07\/unverfalschte-zitate-von-brd-politikern-und-anderen-einflussreichen-personen-in-der-brd-uber-das-deutsche-volk\/\">Ich bef\u00fcrchte JA<\/a>.<\/p>\n<p>[yop_poll id=&#8220;32&#8243;]<\/p>\n","protected":false},"excerpt":{"rendered":"<p>Die Prim\u00e4raufgabe der Nachrichtenmedien ist die Information, und zwar m\u00f6glichst neutral und umfassend. Erst in zweiter Linie sollen sie kommentieren, aber auch das in sachlicher Form. Nun wei\u00df Download Artikel als PDF<\/p>\n","protected":false},"author":1,"featured_media":0,"comment_status":"open","ping_status":"open","sticky":false,"template":"","format":"standard","meta":{"footnotes":""},"categories":[12,20],"tags":[],"class_list":["post-816","post","type-post","status-publish","format-standard","hentry","category-gesellschaft","category-journalismus"],"post_mailing_queue_ids":[],"_links":{"self":[{"href":"https:\/\/gilbertbrands.de\/blog\/wp-json\/wp\/v2\/posts\/816","targetHints":{"allow":["GET"]}}],"collection":[{"href":"https:\/\/gilbertbrands.de\/blog\/wp-json\/wp\/v2\/posts"}],"about":[{"href":"https:\/\/gilbertbrands.de\/blog\/wp-json\/wp\/v2\/types\/post"}],"author":[{"embeddable":true,"href":"https:\/\/gilbertbrands.de\/blog\/wp-json\/wp\/v2\/users\/1"}],"replies":[{"embeddable":true,"href":"https:\/\/gilbertbrands.de\/blog\/wp-json\/wp\/v2\/comments?post=816"}],"version-history":[{"count":3,"href":"https:\/\/gilbertbrands.de\/blog\/wp-json\/wp\/v2\/posts\/816\/revisions"}],"predecessor-version":[{"id":826,"href":"https:\/\/gilbertbrands.de\/blog\/wp-json\/wp\/v2\/posts\/816\/revisions\/826"}],"wp:attachment":[{"href":"https:\/\/gilbertbrands.de\/blog\/wp-json\/wp\/v2\/media?parent=816"}],"wp:term":[{"taxonomy":"category","embeddable":true,"href":"https:\/\/gilbertbrands.de\/blog\/wp-json\/wp\/v2\/categories?post=816"},{"taxonomy":"post_tag","embeddable":true,"href":"https:\/\/gilbertbrands.de\/blog\/wp-json\/wp\/v2\/tags?post=816"}],"curies":[{"name":"wp","href":"https:\/\/api.w.org\/{rel}","templated":true}]}}