{"id":8089,"date":"2022-11-10T08:26:56","date_gmt":"2022-11-10T07:26:56","guid":{"rendered":"https:\/\/gilbertbrands.de\/blog\/?p=8089"},"modified":"2022-11-10T08:26:56","modified_gmt":"2022-11-10T07:26:56","slug":"neues-rechtsprinzip-waere-doch-sowieso-passiert","status":"publish","type":"post","link":"https:\/\/gilbertbrands.de\/blog\/2022\/11\/10\/neues-rechtsprinzip-waere-doch-sowieso-passiert\/","title":{"rendered":"Neues Rechtsprinzip: w\u00e4re doch sowieso passiert"},"content":{"rendered":"\n<p>Wenn man liest, wie mit dem Schicksal von Sandra Umann in den Medien und der Politik umgegangen wird, muss man leider feststellen, dass diese Art der Menschenverachtung heute Standard in Deutschland ist. Angefangen bei der Oma-Sau \u00fcber Blinddarmvergleiche und ab-ins-KZ-Forderungen f\u00fcr mRNA-Genspritzen-Gegner bis hin zu menschlichen Ratten, die in ihre L\u00f6cher zur\u00fcck gepr\u00fcgelt werden m\u00fcssen (WDR) und Verarbeitung von russischen Soldaten zu D\u00fcnger (BiLD).<\/p>\n\n\n\n<!--more-->\n\n\n\n<p>Was da alles so gelaufen ist, kann man sich hier ansehen:<\/p>\n\n\n\n<figure class=\"wp-block-image size-large\"><img loading=\"lazy\" decoding=\"async\" width=\"780\" height=\"392\" src=\"https:\/\/gilbertbrands.de\/blog\/wp-content\/uploads\/2022\/11\/grafik-13.png\" alt=\"\" class=\"wp-image-8090\" srcset=\"https:\/\/gilbertbrands.de\/blog\/wp-content\/uploads\/2022\/11\/grafik-13.png 780w, https:\/\/gilbertbrands.de\/blog\/wp-content\/uploads\/2022\/11\/grafik-13-300x151.png 300w, https:\/\/gilbertbrands.de\/blog\/wp-content\/uploads\/2022\/11\/grafik-13-768x386.png 768w\" sizes=\"auto, (max-width: 780px) 100vw, 780px\" \/><\/figure>\n\n\n\n<p>Oder besser konnte. W\u00e4hrend die Schweizer Seite noch zug\u00e4nglich ist, sieht die deutsche heute so aus:<\/p>\n\n\n\n<figure class=\"wp-block-image size-large\"><img loading=\"lazy\" decoding=\"async\" width=\"444\" height=\"116\" src=\"https:\/\/gilbertbrands.de\/blog\/wp-content\/uploads\/2022\/11\/grafik-15.png\" alt=\"\" class=\"wp-image-8092\" srcset=\"https:\/\/gilbertbrands.de\/blog\/wp-content\/uploads\/2022\/11\/grafik-15.png 444w, https:\/\/gilbertbrands.de\/blog\/wp-content\/uploads\/2022\/11\/grafik-15-300x78.png 300w\" sizes=\"auto, (max-width: 444px) 100vw, 444px\" \/><\/figure>\n\n\n\n<p>Je nach Aufruf Error 403 oder 404, d.h. die deutsche Seite ist bereits erfolgreich wegzensiert. Damit blo\u00df niemand mitbekommt, wie Mediensch-affende und Po-litiker \u00fcber den menschlichen Dreck in diesem Land denken und dabei vergessen, dass der Fisch bekanntlich vom Kopf her stinkt.<\/p>\n\n\n\n<p>Aber zur\u00fcck zu Sandra Umann. Das ist n\u00e4mlich die Frau, die in Berlin unter einen Betonmischer gekommen und dabei umgekommen ist. Die Schwester der ungl\u00fccklichen Frau konnte die Menschenverachtung nicht mehr ertragen und hat ihren Namen und Teile ihrer Bio in einem Interview bekannt gemacht:<\/p>\n\n\n\n<figure class=\"wp-block-embed-wordpress wp-block-embed is-type-wp-embed is-provider-tichys-einblick\"><div class=\"wp-block-embed__wrapper\">\n<blockquote class=\"wp-embedded-content\" data-secret=\"dCsng2KKHq\"><a href=\"https:\/\/www.tichyseinblick.de\/meinungen\/berlin-radfahrerin-unfall-schwester\/\">\u201eAber wie ignorant mit dem Schicksal meiner Schwester umgegangen wird, verletzt mich sehr\u201c<\/a><\/blockquote><iframe loading=\"lazy\" class=\"wp-embedded-content\" sandbox=\"allow-scripts\" security=\"restricted\" style=\"position: absolute; visibility: hidden;\" title=\"&#8222;\u201eAber wie ignorant mit dem Schicksal meiner Schwester umgegangen wird, verletzt mich sehr\u201c&#8220; &#8212; Tichys Einblick\" src=\"https:\/\/www.tichyseinblick.de\/meinungen\/berlin-radfahrerin-unfall-schwester\/embed\/#?secret=kNEzvDYZG9#?secret=dCsng2KKHq\" data-secret=\"dCsng2KKHq\" width=\"600\" height=\"338\" frameborder=\"0\" marginwidth=\"0\" marginheight=\"0\" scrolling=\"no\"><\/iframe>\n<\/div><\/figure>\n\n\n\n<p><a href=\"https:\/\/reitschuster.de\/post\/jetzt-ist-es-amtlich-klima-blockade-hatte-einfluss-auf-rettungseinsatz\/\">https:\/\/reitschuster.de\/post\/jetzt-ist-es-amtlich-klima-blockade-hatte-einfluss-auf-rettungseinsatz\/<\/a><\/p>\n\n\n\n<p>Grundthema der allgemeinen Berichterstattung in den Qualit\u00e4tsmenschenverachtungemedien und in der Politik: die Frau w\u00e4re doch sowieso gestorben, da war es doch auch nicht schlimm, dass der Kranwagen von Klimaterroristen auf der Stra\u00dfe blockiert wurde.  Und letztere verk\u00fcnden denn auch noch sinngem\u00e4\u00df<\/p>\n\n\n\n<blockquote class=\"wp-block-quote is-layout-flow wp-block-quote-is-layout-flow\"><p>Die Letzte Generation, die sich inzwischen als eigentliches Opfer sieht, twitterte im Geist des Spruchs, \u201e<strong>wo gehobelt wird, fallen Sp\u00e4ne<\/strong>\u201c: \u201eWir setzen die Blockaden in #Berlin fort. Gr\u00f6\u00dftes Risiko f\u00fcr die Menschheit ist, den Alltag einfach weiterzumachen. Gr\u00f6\u00dfte Gefahr ist hinzunehmen, dass die Regierung nicht mal einfachste Sicherheitsma\u00dfnahmen ergreift.\u201c<\/p><\/blockquote>\n\n\n\n<p>Mit anderen Worten: <strong>der Tod von Menschen wird billigend in Kauf genommen, wenn es der eigenen Ideologie n\u00fctzt<\/strong>. Das ist der Kern der Gr\u00fcnen-Politik.<\/p>\n\n\n\n<p>Wird das nun das neue Gr\u00fcn-Rot-Woke Rechtsprinzip? <\/p>\n\n\n\n<p>Einbruchs-Diebstahl anzeigen? Warum? Der Fernseher und das andere Zeug w\u00e4ren doch ohnehin irgendwann kaputt gegangen. <\/p>\n\n\n\n<p>K\u00f6rperverletzung durch t\u00e4tlichen Angriff? Nicht gerechtfertig! Du w\u00e4rst doch sowieso irgendwann mit dem Fahrrad hingeknallt und s\u00e4hst dann auch so aus. <\/p>\n\n\n\n<p>Messerangriff von hinten? Du hast dich doch vorher schon beim Brotschneiden geschnitten und jetzt ist es wenigstens symmetrisch. <\/p>\n\n\n\n<p>Vergewaltigt? Ach gib nicht so an, du h\u00e4ttest alleine in dieser Woche doch noch mehrfach gefickt. <\/p>\n\n\n\n<p>Trotz allem ist in Berlin etwas grunds\u00e4tzlich schief gegangen. Man hat vers\u00e4umt, die 5 cbm Beton auf diese Klimaterroristen zu kippen. Dann k\u00f6nnte man sich sp\u00e4ter immer noch dar\u00fcber streiten, ob das mafi\u00f6s<\/p>\n\n\n\n<p><a href=\"https:\/\/www.welt.de\/vermischtes\/article190050725\/Mafia-unter-Verdacht-Aus-Rache-Mann-bei-lebendigem-Leib-in-Beton-gegossen.html\">https:\/\/www.welt.de\/vermischtes\/article190050725\/Mafia-unter-Verdacht-Aus-Rache-Mann-bei-lebendigem-Leib-in-Beton-gegossen.html<\/a><\/p>\n\n\n\n<p>oder einfach nur Kunst<\/p>\n\n\n\n<p><a href=\"https:\/\/www.focus.de\/panorama\/welt\/buntes-betonschuhe-im-hafenbecken-sind-reste-einer-kunstaktion_id_3957133.html\">https:\/\/www.focus.de\/panorama\/welt\/buntes-betonschuhe-im-hafenbecken-sind-reste-einer-kunstaktion_id_3957133.html<\/a><\/p>\n\n\n\n<p>war. Ich bin f\u00fcr Letzteres. Leider ist das vers\u00e4umt worden. Was da heran w\u00e4chst, hat dieser Kommentator ganz gut getroffen:<\/p>\n\n\n\n<figure class=\"wp-block-image size-large\"><img loading=\"lazy\" decoding=\"async\" width=\"907\" height=\"560\" src=\"https:\/\/gilbertbrands.de\/blog\/wp-content\/uploads\/2022\/11\/grafik-16.png\" alt=\"\" class=\"wp-image-8094\" srcset=\"https:\/\/gilbertbrands.de\/blog\/wp-content\/uploads\/2022\/11\/grafik-16.png 907w, https:\/\/gilbertbrands.de\/blog\/wp-content\/uploads\/2022\/11\/grafik-16-300x185.png 300w, https:\/\/gilbertbrands.de\/blog\/wp-content\/uploads\/2022\/11\/grafik-16-768x474.png 768w\" sizes=\"auto, (max-width: 907px) 100vw, 907px\" \/><figcaption><a href=\"https:\/\/reitschuster.de\/post\/ricarda-lang-will-uns-vorschreiben-was-wir-vergleichen-duerfen\/\">https:\/\/reitschuster.de\/post\/ricarda-lang-will-uns-vorschreiben-was-wir-vergleichen-duerfen\/<\/a><\/figcaption><\/figure>\n","protected":false},"excerpt":{"rendered":"<p>Wenn man liest, wie mit dem Schicksal von Sandra Umann in den Medien und der Politik umgegangen wird, muss man leider feststellen, dass diese Art der Menschenverachtung heute Standard in Deutschland ist. Angefangen bei der Oma-Sau \u00fcber Blinddarmvergleiche und ab-ins-KZ-Forderungen f\u00fcr mRNA-Genspritzen-Gegner bis hin zu menschlichen Ratten, die in ihre L\u00f6cher zur\u00fcck gepr\u00fcgelt werden m\u00fcssen &hellip; <a href=\"https:\/\/gilbertbrands.de\/blog\/2022\/11\/10\/neues-rechtsprinzip-waere-doch-sowieso-passiert\/\" class=\"more-link\"><span class=\"screen-reader-text\">Neues Rechtsprinzip: w\u00e4re doch sowieso passiert<\/span> weiterlesen <span class=\"meta-nav\">&rarr;<\/span><\/a><\/p>\n","protected":false},"author":1,"featured_media":0,"comment_status":"closed","ping_status":"closed","sticky":false,"template":"","format":"standard","meta":{"footnotes":""},"categories":[1],"tags":[],"class_list":["post-8089","post","type-post","status-publish","format-standard","hentry","category-allgemein"],"post_mailing_queue_ids":[],"_links":{"self":[{"href":"https:\/\/gilbertbrands.de\/blog\/wp-json\/wp\/v2\/posts\/8089","targetHints":{"allow":["GET"]}}],"collection":[{"href":"https:\/\/gilbertbrands.de\/blog\/wp-json\/wp\/v2\/posts"}],"about":[{"href":"https:\/\/gilbertbrands.de\/blog\/wp-json\/wp\/v2\/types\/post"}],"author":[{"embeddable":true,"href":"https:\/\/gilbertbrands.de\/blog\/wp-json\/wp\/v2\/users\/1"}],"replies":[{"embeddable":true,"href":"https:\/\/gilbertbrands.de\/blog\/wp-json\/wp\/v2\/comments?post=8089"}],"version-history":[{"count":3,"href":"https:\/\/gilbertbrands.de\/blog\/wp-json\/wp\/v2\/posts\/8089\/revisions"}],"predecessor-version":[{"id":8096,"href":"https:\/\/gilbertbrands.de\/blog\/wp-json\/wp\/v2\/posts\/8089\/revisions\/8096"}],"wp:attachment":[{"href":"https:\/\/gilbertbrands.de\/blog\/wp-json\/wp\/v2\/media?parent=8089"}],"wp:term":[{"taxonomy":"category","embeddable":true,"href":"https:\/\/gilbertbrands.de\/blog\/wp-json\/wp\/v2\/categories?post=8089"},{"taxonomy":"post_tag","embeddable":true,"href":"https:\/\/gilbertbrands.de\/blog\/wp-json\/wp\/v2\/tags?post=8089"}],"curies":[{"name":"wp","href":"https:\/\/api.w.org\/{rel}","templated":true}]}}