{"id":8003,"date":"2022-10-17T07:13:00","date_gmt":"2022-10-17T05:13:00","guid":{"rendered":"https:\/\/gilbertbrands.de\/blog\/?p=8003"},"modified":"2022-10-16T08:45:36","modified_gmt":"2022-10-16T06:45:36","slug":"die-gruene-pest","status":"publish","type":"post","link":"https:\/\/gilbertbrands.de\/blog\/2022\/10\/17\/die-gruene-pest\/","title":{"rendered":"Die Gr\u00fcne Pest"},"content":{"rendered":"\n<p>Die Gr\u00fcnen haben einen Parteitag in Bonn veranstaltet. Erstaunlicherweise bekommen sie daf\u00fcr sogar S\u00e4le. Und w\u00e4hrend im Land die Lichter abgeschaltet werden, sonnen sich die Teilnehmer in der Festbeleuchtung des Saales und ignorieren die Dunkelheit drau\u00dfen. Kleiner Eindruck vom Parteitag:<\/p>\n\n\n\n<!--more-->\n\n\n\n<figure class=\"wp-block-embed-youtube wp-block-embed is-type-video is-provider-youtube wp-embed-aspect-16-9 wp-has-aspect-ratio\"><div class=\"wp-block-embed__wrapper\">\n<iframe loading=\"lazy\" title=\"Gr\u00fcnen-Parteitag in Bonn: Klimaschutz, Energiesicherheit und Waffenlieferungen | AFP\" width=\"604\" height=\"340\" src=\"https:\/\/www.youtube.com\/embed\/xeqJLDEvm9o?feature=oembed\" frameborder=\"0\" allow=\"accelerometer; autoplay; clipboard-write; encrypted-media; gyroscope; picture-in-picture; web-share\" referrerpolicy=\"strict-origin-when-cross-origin\" allowfullscreen><\/iframe>\n<\/div><\/figure>\n\n\n\n<p>Auffallend: der gr\u00f6\u00dfte Teil der Teilnehmer ist begeisterter Fressenlappentr\u00e4ger. Was einiges \u00fcber das Innenleben der sich dahinter versteckenden Hohlbirnen aussagt:<\/p>\n\n\n\n<figure class=\"wp-block-image size-large\"><img loading=\"lazy\" decoding=\"async\" width=\"835\" height=\"153\" src=\"https:\/\/gilbertbrands.de\/blog\/wp-content\/uploads\/2022\/10\/grafik-22.png\" alt=\"\" class=\"wp-image-8005\" srcset=\"https:\/\/gilbertbrands.de\/blog\/wp-content\/uploads\/2022\/10\/grafik-22.png 835w, https:\/\/gilbertbrands.de\/blog\/wp-content\/uploads\/2022\/10\/grafik-22-300x55.png 300w, https:\/\/gilbertbrands.de\/blog\/wp-content\/uploads\/2022\/10\/grafik-22-768x141.png 768w\" sizes=\"auto, (max-width: 835px) 100vw, 835px\" \/><figcaption><a href=\"https:\/\/reitschuster.de\/post\/maskenpflicht-als-gradmesser-fuer-zivilen-gehorsam\/\">https:\/\/reitschuster.de\/post\/maskenpflicht-als-gradmesser-fuer-zivilen-gehorsam\/<\/a><\/figcaption><\/figure>\n\n\n\n<p>Ich k\u00e4mpfe schon seit einiger Zeit damit, mich zur\u00fcck zu halten, wenn ich Idioten im Freien oder sogar mit im eigenen Auto mit der Filtert\u00fcte vor dem Gesicht sehe. Wie gestern wieder im Supermarkt: w\u00e4hrend fast alle normal durch die Regalstra\u00dfen schlenderten, taucht dazwischen ein junges Paar auf, Mitte 20, beide mit korrekt aufgesetzter Maske. Was soll man als \u00e4lterer Mensch, der so einiges im Leben \u00fcberstanden hat und in der Jugend von der eigenen Unsterblichkeit \u00fcberzeugt war, von solchen Weicheiern halten, die ihrem Immunsystem noch nicht mal die Abwehr eines Schnupfens zutrauen? Danach noch eine Mutter mit einem Kleinkind im Wagen, BEIDE mit Maske. Das Kind sagte irgendetwas, die Mutter antwortete mit &#8222;ich kann dich nicht verstehen.&#8220; Das Unterdr\u00fccken von Bemerkungen, man solle solchen Eltern die Kinder besser wegnehmen, damit sie sie nicht weiter qu\u00e4len k\u00f6nnen, f\u00e4llt immer schwerer. Aber das sind die typischen Gr\u00fcn-W\u00e4hler.<\/p>\n\n\n\n<p>Was das obige Video nicht zeigt, ist dieser Teil der Habeck-Rede:<\/p>\n\n\n\n<p><a href=\"https:\/\/vk.com\/video-134310637_456259039\">https:\/\/vk.com\/video-134310637_456259039<\/a><\/p>\n\n\n\n<p>Weitere Details zum Parteitag und der darauf vertretenen Hetze gegen die B\u00fcrger und zum Krieg  <a href=\"https:\/\/rtde.site\/inland\/151669-parteitag-grunen-energiekrise-kann-nur\/\">-> hier<\/a> .<\/p>\n\n\n\n<p>Ich wei\u00df, dass solche Vergleiche eigentlich nicht gezogen werden sollten, aber der Teil hat schon deutlichen Sportpalastcharakter. Ein deutscher Minister (mal wieder), der jegliche Fakten ignoriert (mal wieder), die eigene Schuld anderen in die Schuhe schiebt (mal wieder) und die eigene Klientel zum totalen Energiekrieg aufruft (mal wieder), auch wenn es hart wird (mal wieder). Fehlt eigentlich nur noch<\/p>\n\n\n\n<blockquote class=\"wp-block-quote is-layout-flow wp-block-quote-is-layout-flow\"><p>Nun Volk, steh auf, Sanktion brech los !!!<\/p><\/blockquote>\n\n\n\n<p>Daf\u00fcr dann S\u00e4tze wie<\/p>\n\n\n\n<blockquote class=\"wp-block-quote is-layout-flow wp-block-quote-is-layout-flow\"><p><em>&#8222;Putin darf nicht gewinnen. Was immer uns auch beutelt, Putin darf  nicht gewinnen. Nicht auf dem Schlachtfeld, auch nicht bei dem  Wirtschaftskrieg gegen Europa und Deutschland.&#8220;<\/em><\/p><\/blockquote>\n\n\n\n<p>Waffen, Waffen, Waffen &#8230; was anderes kennt diese ehemalige Friedenspartei nicht mehr. Erwarten die wirklich, einen Krieg gewinnen zu k\u00f6nnen? Und wie s\u00e4he dieser Sieg aus? Die Ukraine schl\u00e4gt die Russen mit deutschen Waffen bis hinter den Ural zur\u00fcck? Und das bis n\u00e4chstes Fr\u00fchjahr? Oder was?<\/p>\n\n\n\n<p>Die Nationalsozialisten haben weiter gemacht, bis von diesem Land nichts mehr \u00fcbrig war. Die Gr\u00fcnen werden weitermachen, bis von diesem Land nichts mehr \u00fcbrig ist. Vielleicht sogar noch weniger als damals. Und ein Befreier scheint wie damals nicht in Sicht zu sein.<\/p>\n","protected":false},"excerpt":{"rendered":"<p>Die Gr\u00fcnen haben einen Parteitag in Bonn veranstaltet. Erstaunlicherweise bekommen sie daf\u00fcr sogar S\u00e4le. Und w\u00e4hrend im Land die Lichter abgeschaltet werden, sonnen sich die Teilnehmer in der Festbeleuchtung des Saales und ignorieren die Dunkelheit drau\u00dfen. Kleiner Eindruck vom Parteitag: Download Artikel als PDF<\/p>\n","protected":false},"author":1,"featured_media":0,"comment_status":"closed","ping_status":"closed","sticky":false,"template":"","format":"standard","meta":{"footnotes":""},"categories":[1],"tags":[],"class_list":["post-8003","post","type-post","status-publish","format-standard","hentry","category-allgemein"],"post_mailing_queue_ids":[],"_links":{"self":[{"href":"https:\/\/gilbertbrands.de\/blog\/wp-json\/wp\/v2\/posts\/8003","targetHints":{"allow":["GET"]}}],"collection":[{"href":"https:\/\/gilbertbrands.de\/blog\/wp-json\/wp\/v2\/posts"}],"about":[{"href":"https:\/\/gilbertbrands.de\/blog\/wp-json\/wp\/v2\/types\/post"}],"author":[{"embeddable":true,"href":"https:\/\/gilbertbrands.de\/blog\/wp-json\/wp\/v2\/users\/1"}],"replies":[{"embeddable":true,"href":"https:\/\/gilbertbrands.de\/blog\/wp-json\/wp\/v2\/comments?post=8003"}],"version-history":[{"count":2,"href":"https:\/\/gilbertbrands.de\/blog\/wp-json\/wp\/v2\/posts\/8003\/revisions"}],"predecessor-version":[{"id":8006,"href":"https:\/\/gilbertbrands.de\/blog\/wp-json\/wp\/v2\/posts\/8003\/revisions\/8006"}],"wp:attachment":[{"href":"https:\/\/gilbertbrands.de\/blog\/wp-json\/wp\/v2\/media?parent=8003"}],"wp:term":[{"taxonomy":"category","embeddable":true,"href":"https:\/\/gilbertbrands.de\/blog\/wp-json\/wp\/v2\/categories?post=8003"},{"taxonomy":"post_tag","embeddable":true,"href":"https:\/\/gilbertbrands.de\/blog\/wp-json\/wp\/v2\/tags?post=8003"}],"curies":[{"name":"wp","href":"https:\/\/api.w.org\/{rel}","templated":true}]}}