{"id":7710,"date":"2022-09-03T06:59:00","date_gmt":"2022-09-03T04:59:00","guid":{"rendered":"https:\/\/gilbertbrands.de\/blog\/?p=7710"},"modified":"2022-09-02T07:43:42","modified_gmt":"2022-09-02T05:43:42","slug":"diplomatie","status":"publish","type":"post","link":"https:\/\/gilbertbrands.de\/blog\/2022\/09\/03\/diplomatie\/","title":{"rendered":"Diplomatie"},"content":{"rendered":"\n<blockquote class=\"wp-block-quote is-layout-flow wp-block-quote-is-layout-flow\"><p>Ja, unsere B\u00fcrger leiden, aber sie m\u00fcssen leiden, denn wir werden die Ukraine unterst\u00fctzen, egal was passiert, egal was die deutschen W\u00e4hler denken.  (<em>77% +- 3% sind nach einer aktuellen Umfrage gegen diese Politik<\/em>)<\/p><\/blockquote>\n\n\n\n<!--more-->\n\n\n\n<p>Nein, der Satz stammt nicht von Marie Antoinette, der Frau des letzten franz\u00f6sischen K\u00f6nigs und sp\u00e4ter etwas kopflos, die dem Volk nahe legte, doch Kuchen zu essen, wenn es kein Brot habe. Nein, der Satz stammt auch nicht von Joseph Goebbels, denn der war jedoch im Gegensatz zur Sprecherin der obigen Zeilen wesentlich zu intelligent, um das \u00f6ffentlich zu \u00e4u\u00dfern, sollte er so gedacht haben. Der Satz stammt von der Au\u00dfenministerin Annalena Baerbock, die Gr\u00fcnen. Der deutschen Au\u00dfenministerin, die im gleichen Atemzug<\/p>\n\n\n\n<blockquote class=\"wp-block-quote is-layout-flow wp-block-quote-is-layout-flow\"><p>ich will die Erwartungen des ukrainischen Volkes erf\u00fcllen!<\/p><\/blockquote>\n\n\n\n<p>von sich gibt. Wohl eher die der US-Marionette Selenski, die den richtigen Soziopathen f\u00fcr den Job gefunden hat. Das ukrainische Volk hat n\u00e4mlich l\u00e4ngst die Nase voll davon, dass &#8222;bis zum letzten Ukrainer&#8220; ein Krieg auf seinem Boden gef\u00fchrt wird.<\/p>\n\n\n\n<p>Die \u00c4u\u00dferung der Baerb\u00f6ckin hat schon fast das Format von &#8222;<em>die Deutschen haben den ukrainischen Endsieg zu erk\u00e4mpfen, aber wenn sie es nicht schaffen, wenn sie zu schwach sind, haben sie ihr Recht verwirkt, als Volk zu existieren<\/em>&#8222;. \u00b9\u207e  <strong>Und es ist eine klare Ansage, eine offene Kriegserkl\u00e4rung: WIR gegen die B\u00fcrger, WIR gegen die W\u00e4hler.<\/strong> &#8222;<em>Annalena, la Reine du Soleil. L&#8217;\u00c9tat c&#8217;est elle.<\/em>&#8220; <\/p>\n\n\n\n<p>Annalena, ma ch\u00e9re, wenn du es Ernst meinst, dann schick doch deine Kinder und deinen Mann an die Front. Oder geh in der Ukraine umsonst putzen, das hilft denen sicher auch.<\/p>\n\n\n\n<p>An die Stelle von &#8222;l&#8217;\u00e9tat&#8220; sollte aber eher &#8222;la stupidit\u00e9&#8220; treten. Denn anscheinend sind die Gr\u00fcnen zu dumm, zu bemerken, dass die Sache in der wirtschaftlichen und gesellschaftlichen Wirkung allm\u00e4hlich in Richtung der englischen Bomber-Raids ausartet. Nur mit dem Unterschied, dass damals die Technik noch so gestaltet war, dass mit Improvosieren weiter gemacht werden konnte. Heute ist sie so gestaltet, dass sie einfach kaputt ist und auch nicht mehr in Gang zu bekommen. Oder sind die Gr\u00fcnen gar nicht dumm und das ist das Ziel?<\/p>\n\n\n\n<p>Bildung ist bei den Gr\u00fcnen nicht nur Mangelware. sie ist schlichtweg nicht vorhanden. Sonst w\u00fcrden sie vielleicht wissen, dass Russland zwar so manche Schlacht, aber noch nie einen Krieg verloren hat. Und dass es Russland war, das Napol\u00e9on geschlagen hat. Das zuerst in Russland selbst und danach auch in Leipzig und anderen Schlachten daf\u00fcr gesorgt hat, dass der kleine franz\u00f6sische Hitler oder, wie die Franzosen es sagen w\u00fcrden, &#8222;le grand fils de la Nation, qui a \u00e9t\u00e9 emp\u00each\u00e9 de sa grande commission par un groupe d&#8217;empereurs et de rois r\u00e9actionnaires&#8220;, nicht auf ziemliche lange das Geschick Westeuropas \u00fcbernommen h\u00e4tte. Und sie w\u00fcrden vielleicht auch wissen, dass Russland &#8211; auch Sowjetrussland &#8211; nie einen Handelsvertrag gebrochen hat. Gesch\u00e4ft ist Gesch\u00e4ft, so viel Ehre muss sein.<\/p>\n\n\n\n<p>Ich kann nur hoffen, dass so mancher endlich merkt, wen er da gew\u00e4hlt hat. Die meisten Gr\u00fcnen und SPDler sind ja inzwischen bei vielen unten durch, &#8222;<em>aber die Annalena, die macht ihre Sache gut<\/em>&#8222;, habe ich leider in der letzten Zeit immer wieder von allen m\u00f6glichen uninformierten Dumpfbacken geh\u00f6rt, deren F\u00e4higkeit, auf Fragen zu antworten, bei &#8222;<em>ist es hell oder dunkel drau\u00dfen?<\/em>&#8220; aufh\u00f6rt. Die Annalena ist eine Kriegstreiberin. Ihre Devise gegen\u00fcber Russland ist &#8222;<em>unconditional surrender<\/em>&#8220; und wir wissen inzwischen, dass diese Churchill-Roosevelt-Formel den 2. WK um fast 2 Jahre verl\u00e4ngert und die meisten Kriegstoten gefordert hat. <\/p>\n\n\n\n<p>Demn\u00e4chst sind Wahlen in Niedersachsen. Wenn man sich die Wahlwerbung der Gr\u00fcnen anschaut, stellt man fest: die Gr\u00fcnen sind eine Sekte, eine Weltuntergangssekte, wie alle Sekten v\u00f6llig faktenresistent. Sie faktenbasiert ansprechen zu wollen hat etwa so viel Erfolgsaussichten wie eine Einladung an die arabischen Scheichs, iranischen Mullahs und afghanischen Taliban zu einem gro\u00dfen Spanferkel-Grillfest mit jeder Menge Alkoholika. Ich kann nur an die anderen W\u00e4hler im modernen Sinn appellieren: es gibt inzwischen jede Menge Denunziationsportale im Internet. Nutzt die und zeigt alle Gr\u00fcnenw\u00e4hler wegen Unterst\u00fctzung einer kriminellen Vereinigung an (<em>ruhig pr\u00e4ventiv, auch wenn ihr nicht sicher seid. Wie hie\u00df es schon bei den Albingenser- und Katarermassakern im Mittelalter: &#8222;T\u00f6tet sie alle. Gott wird die seinen schon erkennen.&#8220;<\/em>).<\/p>\n\n\n\n<hr class=\"wp-block-separator\"\/>\n\n\n\n<p class=\"has-small-font-size\">\u00b9\u207e Es wird noch eine passende Event-Location von den Gr\u00fcnen gesucht, um eine solche Ansprache in die Praxis umzusetzen. Derzeit scheitert das wohl daran, dass nicht nur den &#8222;Rechten&#8220; bewusst ist, um was f\u00fcr eine kulturelle Aneignung es sich dabei handeln w\u00fcrde.<\/p>\n","protected":false},"excerpt":{"rendered":"<p>Ja, unsere B\u00fcrger leiden, aber sie m\u00fcssen leiden, denn wir werden die Ukraine unterst\u00fctzen, egal was passiert, egal was die deutschen W\u00e4hler denken. (77% +- 3% sind nach einer aktuellen Umfrage gegen diese Politik) Download Artikel als PDF<\/p>\n","protected":false},"author":1,"featured_media":0,"comment_status":"closed","ping_status":"closed","sticky":false,"template":"","format":"standard","meta":{"footnotes":""},"categories":[1],"tags":[],"class_list":["post-7710","post","type-post","status-publish","format-standard","hentry","category-allgemein"],"post_mailing_queue_ids":[],"_links":{"self":[{"href":"https:\/\/gilbertbrands.de\/blog\/wp-json\/wp\/v2\/posts\/7710","targetHints":{"allow":["GET"]}}],"collection":[{"href":"https:\/\/gilbertbrands.de\/blog\/wp-json\/wp\/v2\/posts"}],"about":[{"href":"https:\/\/gilbertbrands.de\/blog\/wp-json\/wp\/v2\/types\/post"}],"author":[{"embeddable":true,"href":"https:\/\/gilbertbrands.de\/blog\/wp-json\/wp\/v2\/users\/1"}],"replies":[{"embeddable":true,"href":"https:\/\/gilbertbrands.de\/blog\/wp-json\/wp\/v2\/comments?post=7710"}],"version-history":[{"count":2,"href":"https:\/\/gilbertbrands.de\/blog\/wp-json\/wp\/v2\/posts\/7710\/revisions"}],"predecessor-version":[{"id":7713,"href":"https:\/\/gilbertbrands.de\/blog\/wp-json\/wp\/v2\/posts\/7710\/revisions\/7713"}],"wp:attachment":[{"href":"https:\/\/gilbertbrands.de\/blog\/wp-json\/wp\/v2\/media?parent=7710"}],"wp:term":[{"taxonomy":"category","embeddable":true,"href":"https:\/\/gilbertbrands.de\/blog\/wp-json\/wp\/v2\/categories?post=7710"},{"taxonomy":"post_tag","embeddable":true,"href":"https:\/\/gilbertbrands.de\/blog\/wp-json\/wp\/v2\/tags?post=7710"}],"curies":[{"name":"wp","href":"https:\/\/api.w.org\/{rel}","templated":true}]}}