{"id":7688,"date":"2022-08-29T06:40:00","date_gmt":"2022-08-29T04:40:00","guid":{"rendered":"https:\/\/gilbertbrands.de\/blog\/?p=7688"},"modified":"2022-08-27T12:31:35","modified_gmt":"2022-08-27T10:31:35","slug":"wokeness-und-bildung","status":"publish","type":"post","link":"https:\/\/gilbertbrands.de\/blog\/2022\/08\/29\/wokeness-und-bildung\/","title":{"rendered":"Wokeness und Bildung"},"content":{"rendered":"\n<p>Eines der Wahrzeichen von Trier ist die &#8222;Porta nigra&#8220;. Das ist Latein und bedeutet so viel wie &#8222;scharze T\u00fcr&#8220;. Eigentlich m\u00fcsste die lateinische Bezeichnung sofort verboten werden. &#8222;Nigra&#8220; leitet sich n\u00e4mlich vom diskrimierenden deutschen Wort &#8222;Neger&#8220; ab und die Lautverschiebungen sollten nicht dar\u00fcber hinwegt\u00e4uschen, dass die R\u00f6mer hier einen schwerwiegenden Versto\u00df gegen Anti-Diskriminierungsregeln begangen haben. Schlie\u00dflich h\u00e4tten sie das alte Stadttor ja auch &#8222;Porta schwarza&#8220; nennen k\u00f6nnen. Sch\u00e4mt euch, R\u00f6mer!<\/p>\n\n\n\n<!--more-->\n\n\n\n<p>Aber selbst Schwarzer ist ja inzwischen diskriminierend. Man muss entweder &#8222;Farbiger&#8220;, &#8222;Kolorierter&#8220; oder &#8222;Afro-Amerikaner&#8220; sagen, gleich wo er herkommt (Zwischenfrage: ist &#8222;stark Pigmentierter&#8220; eigentlich noch zul\u00e4ssig?). Das hat auch Auswirkungen auf Namen. Ein markantes Beispiel ist der Schauspieler, Politdarsteller und ehemalig Bodybuilder Arnold Schwarzenegger. Dessen Name ist n\u00e4mlich durch Lautverschiebung ins \u00d6sterreichische und Zusammenziehung auf den Doppelnamen &#8222;Schwarze-Neger&#8220; zur\u00fcckzuf\u00fchren, also gleich eine doppelte Diskriminierung. Gefordert wird inzwischen, dass er sich in &#8222;Arnold Coulorcoulor&#8220; umbenennt oder f\u00fcr sein Geburtsland in &#8222;Arnold Farbigfarbig&#8220;, alternativ &#8222;Arnold Buntbunt&#8220;. <\/p>\n\n\n\n<p>Inzwischen reiht sich auch die WHO in die Reihen der Diskriminierungsbeseitiger ein: der Begriff &#8222;Affenpocken&#8220; oder &#8222;monkeypox&#8220; sei diskriminierend f\u00fcr die &#8230;\u00e4h&#8230; bunten (?) Afrikaner, die damit mit einer Krankheit assoziiert w\u00fcrden, weil Affen mit Afrika und dessen sonstigen Bewohnern gleichgesetzt werden.<\/p>\n\n\n\n<figure class=\"wp-block-image size-large\"><img loading=\"lazy\" decoding=\"async\" width=\"1025\" height=\"123\" src=\"https:\/\/gilbertbrands.de\/blog\/wp-content\/uploads\/2022\/08\/grafik-7.png\" alt=\"\" class=\"wp-image-7689\" srcset=\"https:\/\/gilbertbrands.de\/blog\/wp-content\/uploads\/2022\/08\/grafik-7.png 1025w, https:\/\/gilbertbrands.de\/blog\/wp-content\/uploads\/2022\/08\/grafik-7-300x36.png 300w, https:\/\/gilbertbrands.de\/blog\/wp-content\/uploads\/2022\/08\/grafik-7-768x92.png 768w\" sizes=\"auto, (max-width: 1025px) 100vw, 1025px\" \/><figcaption><a href=\"https:\/\/virological.org\/t\/urgent-need-for-a-non-discriminatory-and-non-stigmatizing-nomenclature-for-monkeypox-virus\/853\">https:\/\/virological.org\/t\/urgent-need-for-a-non-discriminatory-and-non-stigmatizing-nomenclature-for-monkeypox-virus\/853<\/a><br><a href=\"https:\/\/www.theguardian.com\/world\/2022\/jun\/15\/who-to-rename-monkeypox-virus-to-avoid-discrimination\">https:\/\/www.theguardian.com\/world\/2022\/jun\/15\/who-to-rename-monkeypox-virus-to-avoid-discrimination<\/a><br><a href=\"https:\/\/www.foxnews.com\/health\/who-rename-monkeypox-avoid-discrimination-stigmatization\">https:\/\/www.foxnews.com\/health\/who-rename-monkeypox-avoid-discrimination-stigmatization<\/a><\/figcaption><\/figure>\n\n\n\n<p>Allerdings muss man sich hier die Frage stellen, ob nicht in diesem Fall die stark Pigmentierten eine unerlaubte kulturelle Aneignung der Affen begehen. Neben den von stark pigmentierten Menschen bev\u00f6lkerten Gegenden Afrikas kommen Affen in nat\u00fcrlichen Populationen auch in von weniger stark pigmentierten Menschen bewohnten Gegenden wie<\/p>\n\n\n\n<ul class=\"wp-block-list\"><li>Nord-West-Afrika,<\/li><li>Gibraltar, also Europa,<\/li><li>Indien,<\/li><li>S\u00fcdostasien,<\/li><li>Indonesien,<\/li><li>Japan,<\/li><li>S\u00fcdamerika<\/li><\/ul>\n\n\n\n<p>vor. Liebe WHO, dass ihr von Medizin und Naturwissenschaften wenig Ahnung habt, wissen wir bereits. Nun kommt noch Fehlen im Geografie- und Biologie-Unterricht hinzu. Verf\u00fcgt ihr \u00fcberhaupt \u00fcber irgendeine Bildung? Ich sehe da inzwischen scharz &#8230;\u00e4h, Enschuldigung, negroid &#8230; nee, auch nicht, bunt(?)<\/p>\n\n\n\n<hr class=\"wp-block-separator\"\/>\n\n\n\n<p>Nachtrag: Kinder d\u00fcrfen sich nicht mehr als Indianer verkleiden, aber erwachsene M\u00e4nner als Frauen (?)<\/p>\n\n\n\n<hr class=\"wp-block-separator\"\/>\n\n\n\n<p>Nachtrag: Jemand hat behauptet, wenn man sein Geschlecht regelm\u00e4\u00dfig wasche, brauche man es nicht zu wechseln. Das ist nat\u00fcrlich falsch! Korrekt w\u00e4re: &#8222;Wenn man sein Geschlecht regelm\u00e4\u00dfig wechselt, braucht man sich nicht zu waschen.&#8220; Auch nicht mit einem Waschlappen. Man spart also noch mehr Energie. Die aktuelle Genderpolitik macht also durchaus Sinn.<\/p>\n\n\n\n<hr class=\"wp-block-separator\"\/>\n\n\n\n<p>Nachtrag: Winnetou [sic! Eigentlich: Winnetwo] ist inzwischen auch aus der ARD und dem ZDF verbannt. Zur Beruhigung: die B\u00fccher Winneone und Winnethree der Trilogie sind weiterhin erh\u00e4ltlich, den tragischen rassistisch begr\u00fcndeten Tod von Winne eingeschlossen. Ob es sich bei der Beziehung zwischen &#8222;Old Shatterhand&#8220; und Winne nur um eine lose M\u00e4nnerfreundschaft oder um eine handfeste engere Beziehung handelt, die mit dem Austausch von Fl\u00fcssigkeiten (z.B. Blut u.a.) einherging, bleibt nun doch etwas verborgen.<\/p>\n\n\n\n<hr class=\"wp-block-separator\"\/>\n\n\n\n<p>Erg\u00e4nzender Schwachsinn: Flugreisende m\u00fcssen auf Fl\u00fcgen von Deutschland ins Ausland und umgekehrt zwingend eine Maske w\u00e4hrend des gesamten Fluges tragen, auch wenn in den anderen L\u00e4ndern keine Maskenpflicht besteht. Werden keine Masken getragen, k\u00f6nnen Beschwerden beim zust\u00e4ndigen Gesundheitsamt zu \u00c4rger f\u00fcr die Airline f\u00fchren.<\/p>\n\n\n\n<p>Folge des Schwachfugs auf einem Flug von Gro\u00dfe-Fresse-Land ins Land A als Zwischenstation auf dem Weg ins Land B: Von Gro\u00dfe-Fresse-Land nach A machen sich die Mitarbeiter der Airline strafbar, wenn sie die Passagiere <strong>nicht zum Tragen<\/strong> einer Maske zwingen, von A nach B machen sie sich dagegen strafbar, wenn sie die Passagiere <strong>zum Tragen<\/strong> einer Maske zwingen.<\/p>\n\n\n\n<p>Ich w\u00fcnschte, man h\u00e4tte gewissen Leuten wirklich mal ins Gehirn geschissen, damit \u00fcberhaupt mal was in dem Hohlraum ist.<\/p>\n","protected":false},"excerpt":{"rendered":"<p>Eines der Wahrzeichen von Trier ist die &#8222;Porta nigra&#8220;. Das ist Latein und bedeutet so viel wie &#8222;scharze T\u00fcr&#8220;. Eigentlich m\u00fcsste die lateinische Bezeichnung sofort verboten werden. &#8222;Nigra&#8220; leitet sich n\u00e4mlich vom diskrimierenden deutschen Wort &#8222;Neger&#8220; ab und die Lautverschiebungen sollten nicht dar\u00fcber hinwegt\u00e4uschen, dass die R\u00f6mer hier einen schwerwiegenden Versto\u00df gegen Anti-Diskriminierungsregeln begangen haben. &hellip; <a href=\"https:\/\/gilbertbrands.de\/blog\/2022\/08\/29\/wokeness-und-bildung\/\" class=\"more-link\"><span class=\"screen-reader-text\">Wokeness und Bildung<\/span> weiterlesen <span class=\"meta-nav\">&rarr;<\/span><\/a><\/p>\n","protected":false},"author":1,"featured_media":0,"comment_status":"closed","ping_status":"closed","sticky":false,"template":"","format":"standard","meta":{"footnotes":""},"categories":[1],"tags":[],"class_list":["post-7688","post","type-post","status-publish","format-standard","hentry","category-allgemein"],"post_mailing_queue_ids":[],"_links":{"self":[{"href":"https:\/\/gilbertbrands.de\/blog\/wp-json\/wp\/v2\/posts\/7688","targetHints":{"allow":["GET"]}}],"collection":[{"href":"https:\/\/gilbertbrands.de\/blog\/wp-json\/wp\/v2\/posts"}],"about":[{"href":"https:\/\/gilbertbrands.de\/blog\/wp-json\/wp\/v2\/types\/post"}],"author":[{"embeddable":true,"href":"https:\/\/gilbertbrands.de\/blog\/wp-json\/wp\/v2\/users\/1"}],"replies":[{"embeddable":true,"href":"https:\/\/gilbertbrands.de\/blog\/wp-json\/wp\/v2\/comments?post=7688"}],"version-history":[{"count":2,"href":"https:\/\/gilbertbrands.de\/blog\/wp-json\/wp\/v2\/posts\/7688\/revisions"}],"predecessor-version":[{"id":7692,"href":"https:\/\/gilbertbrands.de\/blog\/wp-json\/wp\/v2\/posts\/7688\/revisions\/7692"}],"wp:attachment":[{"href":"https:\/\/gilbertbrands.de\/blog\/wp-json\/wp\/v2\/media?parent=7688"}],"wp:term":[{"taxonomy":"category","embeddable":true,"href":"https:\/\/gilbertbrands.de\/blog\/wp-json\/wp\/v2\/categories?post=7688"},{"taxonomy":"post_tag","embeddable":true,"href":"https:\/\/gilbertbrands.de\/blog\/wp-json\/wp\/v2\/tags?post=7688"}],"curies":[{"name":"wp","href":"https:\/\/api.w.org\/{rel}","templated":true}]}}