{"id":765,"date":"2016-12-22T08:37:59","date_gmt":"2016-12-22T07:37:59","guid":{"rendered":"http:\/\/gilbertbrands.de\/blog\/?p=765"},"modified":"2016-12-22T08:37:59","modified_gmt":"2016-12-22T07:37:59","slug":"nur-nicht-an-die-ursachen-gehen","status":"publish","type":"post","link":"https:\/\/gilbertbrands.de\/blog\/2016\/12\/22\/nur-nicht-an-die-ursachen-gehen\/","title":{"rendered":"Nur nicht an die Ursachen gehen !"},"content":{"rendered":"<p>Berlin, Freiburg &#8211; die Taten sind schon schlimm genug, aber was sich im politischen und medialen Umfeld abspielt, ist echt wieder brechreizerregend. <!--more-->Dabei bekommen wir noch nicht mal alle Vorf\u00e4lle mit, denn vieles dringt als &#8222;Regionalnachricht&#8220; gar nicht erst an die \u00d6ffentlichkeit und T\u00e4terbeschreibungen sind in der Regel &#8211; aus welchen Gr\u00fcnden auch immer &#8211; oft so gestaltet, dass man allenfalls Krokodile und Flusspferde als T\u00e4ter ausschlie\u00dfen kann.<\/p>\n<p>Wenn man sich den \u00c4rger anschaut, landet man wieder und immer wieder beim Islam. Da ist eine der wesentlichen Ursachen des \u00dcbels, aber es geschieht nichts. Weder werden unkooperative oder abgelehnte Ausl\u00e4nder, wie die beiden mutma\u00dflichen T\u00e4ter der o.g. F\u00e4lle, interniert noch wird gegen die Salafisten und andere Moslemgruppen, die sich zumindest in NRW wie die Pest ausbreiten, irgendetwas getan. Im Gegenteil, man denkt sogar daran, das Schariarecht f\u00fcr diese Leute zu legalisieren. Durchgreifen? Keine Spur. Die Polizei ist zwar am Ende immer Schuld, darf aber erst dann eingreifen, wenn sich die Tat bereits ereignet hat. Gr\u00fcn-rot gestalteter Gutmenschenstaat &#8211; was diese Leute pers\u00f6nlich f\u00fcr jeden Gesch\u00e4digten verantwortlich macht. Ich wei\u00df nicht, wie die Betroffenen in Berlin reagieren, aber wenn diese Leute, was zu erwarten ist, wieder Trauerfeiern und anderes dazu nutzen, ihr politische Heuchelei zu pr\u00e4sentieren &#8211; ich w\u00fcrde sie mit einem Baseballschl\u00e4ger aus der Feier pr\u00fcgeln.<\/p>\n<p>Aus meiner Sicht hat der Islam das Grundrecht auf freie Religionsaus\u00fcbung weitestgehend verwirkt. Es muss endlich Schluss gemacht werden mit dem unkontrollierten Treiben der Prediger, von denen ein Gro\u00dfteil vom t\u00fcrkischen Staat und anderen arabischen Staaten, die den religi\u00f6sen Terror auf ihre Fahnen geschrieben haben, bezahlt wird. Wer nicht Deutscher ist und hier keinen\u00a0 Urlaub, sondern nur \u00c4rger macht: Abschieben. Wer nicht abgeschoben werden kann, aus welchen Gr\u00fcnden auch immer: Internierungslager.Wer meint, dass die Scharia und sein irrationaler Glaube \u00fcber dem Deutschen Recht steht: Beugehaft, bis er sich eines Besseren besinnt, und wenn es Jahre dauert.<\/p>\n<p>Nahezu \u00fcberall auf der Welt sind diese Verfahren der Standard, um die Bev\u00f6lkerung zu sch\u00fctzen, d.h. das sind keine fremdenfeindichen oder rassistischen Forderungen, da sie nur die gemeingef\u00e4hrlichen religi\u00f6sen Geisteskranken betreffen, nicht diejenigen, die sich anpassen.\u00a0 Nur hier in Deutschland wird dieses Geschwurbel frei auf die Stra\u00dfe entlassen und darf ihre Wahnvorstellungen austoben, und nur hier in Deutschland wird man als Rassist beschimpft und kriminalisiert, wenn man das kritisiert. Es hei\u00dft dann meist &#8222;es gibt auch nichtislamische T\u00e4ter&#8220; als Begr\u00fcndung. Als ob die Existenz der Schwarzen Pocken nun ein hinreichender Grund w\u00e4re, nichts gegen die Pest zu unternehmen.<\/p>\n<p>&nbsp;<\/p>\n","protected":false},"excerpt":{"rendered":"<p>Berlin, Freiburg &#8211; die Taten sind schon schlimm genug, aber was sich im politischen und medialen Umfeld abspielt, ist echt wieder brechreizerregend. Download Artikel als PDF<\/p>\n","protected":false},"author":1,"featured_media":0,"comment_status":"open","ping_status":"open","sticky":false,"template":"","format":"standard","meta":{"footnotes":""},"categories":[12,4,6],"tags":[],"class_list":["post-765","post","type-post","status-publish","format-standard","hentry","category-gesellschaft","category-migration","category-politik"],"post_mailing_queue_ids":[],"_links":{"self":[{"href":"https:\/\/gilbertbrands.de\/blog\/wp-json\/wp\/v2\/posts\/765","targetHints":{"allow":["GET"]}}],"collection":[{"href":"https:\/\/gilbertbrands.de\/blog\/wp-json\/wp\/v2\/posts"}],"about":[{"href":"https:\/\/gilbertbrands.de\/blog\/wp-json\/wp\/v2\/types\/post"}],"author":[{"embeddable":true,"href":"https:\/\/gilbertbrands.de\/blog\/wp-json\/wp\/v2\/users\/1"}],"replies":[{"embeddable":true,"href":"https:\/\/gilbertbrands.de\/blog\/wp-json\/wp\/v2\/comments?post=765"}],"version-history":[{"count":2,"href":"https:\/\/gilbertbrands.de\/blog\/wp-json\/wp\/v2\/posts\/765\/revisions"}],"predecessor-version":[{"id":767,"href":"https:\/\/gilbertbrands.de\/blog\/wp-json\/wp\/v2\/posts\/765\/revisions\/767"}],"wp:attachment":[{"href":"https:\/\/gilbertbrands.de\/blog\/wp-json\/wp\/v2\/media?parent=765"}],"wp:term":[{"taxonomy":"category","embeddable":true,"href":"https:\/\/gilbertbrands.de\/blog\/wp-json\/wp\/v2\/categories?post=765"},{"taxonomy":"post_tag","embeddable":true,"href":"https:\/\/gilbertbrands.de\/blog\/wp-json\/wp\/v2\/tags?post=765"}],"curies":[{"name":"wp","href":"https:\/\/api.w.org\/{rel}","templated":true}]}}