{"id":7476,"date":"2022-06-18T07:46:00","date_gmt":"2022-06-18T05:46:00","guid":{"rendered":"https:\/\/gilbertbrands.de\/blog\/?p=7476"},"modified":"2022-06-17T08:28:22","modified_gmt":"2022-06-17T06:28:22","slug":"nur-noch-ein-schritt-bis","status":"publish","type":"post","link":"https:\/\/gilbertbrands.de\/blog\/2022\/06\/18\/nur-noch-ein-schritt-bis\/","title":{"rendered":"Nur noch ein Schritt bis &#8230;"},"content":{"rendered":"\n<p>Die USA sind mal wieder einen Schritt voraus. Sehr zum \u00c4rger der StEKo, deren Mitgliedern es aber leider nicht gelungen ist, sich bei dem Versuch, sich vor \u00c4rger \u00fcber die \u00dcberrundung in den Hintern zu bei\u00dfen, das Genick durch \u00dcberdehnung zu brechen.<\/p>\n\n\n\n<!--more-->\n\n\n\n<p>Um was geht es? Bisher von der StEKo &#8222;empfohlen&#8220; ist eine Impfung von Kindern ab 5 Jahren. <\/p>\n\n\n\n<figure class=\"wp-block-image size-large\"><img loading=\"lazy\" decoding=\"async\" width=\"777\" height=\"498\" src=\"https:\/\/gilbertbrands.de\/blog\/wp-content\/uploads\/2022\/06\/grafik-28.png\" alt=\"\" class=\"wp-image-7477\" srcset=\"https:\/\/gilbertbrands.de\/blog\/wp-content\/uploads\/2022\/06\/grafik-28.png 777w, https:\/\/gilbertbrands.de\/blog\/wp-content\/uploads\/2022\/06\/grafik-28-300x192.png 300w, https:\/\/gilbertbrands.de\/blog\/wp-content\/uploads\/2022\/06\/grafik-28-768x492.png 768w\" sizes=\"auto, (max-width: 777px) 100vw, 777px\" \/><figcaption><a href=\"https:\/\/www.rki.de\/DE\/Content\/Kommissionen\/STIKO\/Empfehlungen\/PM_2022-05-24.html\">https:\/\/www.rki.de\/DE\/Content\/Kommissionen\/STIKO\/Empfehlungen\/PM_2022-05-24.html<\/a><\/figcaption><\/figure>\n\n\n\n<p>Bereits das ist wider jegliche medizinische Evidenz und jeglichen Sachverstand, wie wiederholt in (wirklich unabh\u00e4ngigen) Medien und Blogs festgestellt wurde. Nun verk\u00fcndet der Deutschlandfunk strahlen die neue F\u00fchrungsrolle der FDA, die nun Impfungen ab 6 Monaten empfiehlt:<\/p>\n\n\n\n<figure class=\"wp-block-image size-large\"><img loading=\"lazy\" decoding=\"async\" width=\"886\" height=\"702\" src=\"https:\/\/gilbertbrands.de\/blog\/wp-content\/uploads\/2022\/06\/grafik-29.png\" alt=\"\" class=\"wp-image-7478\" srcset=\"https:\/\/gilbertbrands.de\/blog\/wp-content\/uploads\/2022\/06\/grafik-29.png 886w, https:\/\/gilbertbrands.de\/blog\/wp-content\/uploads\/2022\/06\/grafik-29-300x238.png 300w, https:\/\/gilbertbrands.de\/blog\/wp-content\/uploads\/2022\/06\/grafik-29-768x609.png 768w\" sizes=\"auto, (max-width: 886px) 100vw, 886px\" \/><figcaption><a href=\"https:\/\/www.deutschlandfunk.de\/berater-der-us-arzneimittelbehoerde-fda-empfehlen-corona-impfstoffe-fuer-kleinere-kinder-102.html\">https:\/\/www.deutschlandfunk.de\/berater-der-us-arzneimittelbehoerde-fda-empfehlen-corona-impfstoffe-fuer-kleinere-kinder-102.html<\/a><\/figcaption><\/figure>\n\n\n\n<p>Irgendeine Nebeninformation oder Auseinandersetzung damit ist beim \u00f6ffentlich-rechtlichen Schundfunk wie immer nicht zu finden. Daf\u00fcr fahren aber die bisherigen Kritiker immer dickere Gesch\u00fctze auf:<\/p>\n\n\n\n<figure class=\"wp-block-image size-large\"><img loading=\"lazy\" decoding=\"async\" width=\"1024\" height=\"157\" src=\"https:\/\/gilbertbrands.de\/blog\/wp-content\/uploads\/2022\/06\/grafik-30-1024x157.png\" alt=\"\" class=\"wp-image-7479\" srcset=\"https:\/\/gilbertbrands.de\/blog\/wp-content\/uploads\/2022\/06\/grafik-30-1024x157.png 1024w, https:\/\/gilbertbrands.de\/blog\/wp-content\/uploads\/2022\/06\/grafik-30-300x46.png 300w, https:\/\/gilbertbrands.de\/blog\/wp-content\/uploads\/2022\/06\/grafik-30-768x118.png 768w, https:\/\/gilbertbrands.de\/blog\/wp-content\/uploads\/2022\/06\/grafik-30.png 1391w\" sizes=\"auto, (max-width: 1024px) 100vw, 1024px\" \/><figcaption><a href=\"https:\/\/www.achgut.com\/artikel\/kinderimpfung_macht_kinder_krank\">https:\/\/www.achgut.com\/artikel\/kinderimpfung_macht_kinder_krank<\/a><\/figcaption><\/figure>\n\n\n\n<p>Die Zusammenfassung der Faktenlage m\u00fcndet in dem Statement:<\/p>\n\n\n\n<figure class=\"wp-block-image size-large\"><img loading=\"lazy\" decoding=\"async\" width=\"565\" height=\"372\" src=\"https:\/\/gilbertbrands.de\/blog\/wp-content\/uploads\/2022\/06\/grafik-31.png\" alt=\"\" class=\"wp-image-7480\" srcset=\"https:\/\/gilbertbrands.de\/blog\/wp-content\/uploads\/2022\/06\/grafik-31.png 565w, https:\/\/gilbertbrands.de\/blog\/wp-content\/uploads\/2022\/06\/grafik-31-300x198.png 300w\" sizes=\"auto, (max-width: 565px) 100vw, 565px\" \/><figcaption><a href=\"https:\/\/twitter.com\/MartinNeil9\/status\/1536749306861985793\">https:\/\/twitter.com\/MartinNeil9\/status\/1536749306861985793<\/a><\/figcaption><\/figure>\n\n\n\n<p>Oder \u00fcbersetzt<\/p>\n\n\n\n<blockquote class=\"wp-block-quote is-layout-flow wp-block-quote-is-layout-flow\"><p><em>&#8222;Schlussfolgerung: Die Behandlung verursacht schwere Erkrankungen  bei Kindern. Ich sollte hinzuf\u00fcgen, dass diese Statistiken f\u00fcr die  Altersgruppe 2-4 gelten. Einige m\u00f6gen argumentieren, dass die Studie zu  wenig aussagekr\u00e4ftig ist, um eindeutige Schlussfolgerungen \u00fcber die  Wirksamkeit oder Sicherheit zu ziehen. Sie sind verblendet. Andere m\u00f6gen  argumentieren, die Beweise seien gut genug f\u00fcr eine Zulassung. Sie sind  b\u00f6se.&#8220;<\/em><\/p><\/blockquote>\n\n\n\n<p>Und selbst der deutsche Autor nimmt diese Vorlage als eigenes Statement auf:<\/p>\n\n\n\n<blockquote class=\"wp-block-quote is-layout-flow wp-block-quote-is-layout-flow\"><p>Er spricht damit aus, was bisher auch von Kritikern der modRNA-Injektionen selten in dieser Deutlichkeit gesagt wurde. Die Injektion dieser Substanzen f\u00fcr Kinder (oder eine beliebige andere Altersgruppe) zu genehmigen, durchzuf\u00fchren oder gar vorzuschreiben, ist nicht einfach nur geldgierig, verblendet, korrupt oder machtgierig. Es ist das, dessen Existenz in unserer modernen Gesellschaft gerne geleugnet wird: <strong>es ist b\u00f6se<\/strong>. <\/p><\/blockquote>\n\n\n\n<p>Von da aus ist es &#8211; man muss es wirklich mal ganz offen sagen &#8211; <strong>nur noch ein kleiner Schritt bis zum offenen Vergleich mit dem Hitler-Regime<\/strong>.\u00b9\u207e<\/p>\n\n\n\n<hr class=\"wp-block-separator\"\/>\n\n\n\n<p>Die erste Feststellung ist in der Tat zwingend: es gibt keinen wirtschaftlichen Grund f\u00fcr das Spritzen der Kleinen und Kleinsten. Wirklich keinen. Also muss man nach ideologischen Gr\u00fcnden suchen. Und da landet man bei der Gates-gesteuerten WHO, die bereits vor und seit Jahren versucht, um Zusammenspiel mit dem Vatikan in Schwarzafrika Sterilisationen unter dem Deckmantel von Impfungen vorzunehmen. Aufgeflogen ist das durch katholische Geistliche, die ihren Glaubensauftrag Ernst genommen und die Sache enttarnt haben. So ganz hat der Papst wohl doch nicht die Kontrolle \u00fcber seine Soldaten &#8211; zum Gl\u00fcck f\u00fcr die Menschheit.<\/p>\n\n\n\n<p>Die so genannten Corona-Impfungen stehen unter dem Verdacht, \u00fcber das Spike-Protein Sterilit\u00e4t ausl\u00f6sen zu k\u00f6nnen. Wie Untersuchungen gezeigt haben, wird das Protein nicht nur kurzfristig produziert, sondern bis zu 3 Monaten. Es \u00fcberschwemmt den kompletten K\u00f6rper. Bei 3 vorgesehenen Impfungen w\u00e4re Sterilit\u00e4t dann wohl garantiert (nebst anderen k\u00f6rperlichen und geistigen Sch\u00e4den). <\/p>\n\n\n\n<p>Dieser Versuch &#8211; und die Logik spricht daf\u00fcr, dass das keine Verschw\u00f6rungstheorie, sondern tats\u00e4chlich Absicht ist &#8211; ist nicht nur in der Sache abgrundtief b\u00f6se, sondern obendrein schon genial zu nennen, denn wenn sich bewahrheitet, dass die jetzt gespritzen Kinder tats\u00e4chlich keine eigenen bekommen k\u00f6nnen, ist so viel Zeit ins Land geflossen, dass den Drahtziehern nicht mehr beizukommen ist.<\/p>\n\n\n\n<hr class=\"wp-block-separator\"\/>\n\n\n\n<p>Die Reaktion des Staates auf diesen und andere Artikel k\u00f6nnte so aussehen wie im gestrigen Beitrag beschrieben.  Immerhin widersprechen die Artikel der ver\u00f6ffentlichten Staatsmeinung und k\u00f6nnten so dazu beitragen, das &#8222;Vertrauen&#8220; (was ist das noch mal?) in die Organe des Staates, wozu inzwischen ja selbst offiziell die Staatsmedien gez\u00e4hlt werden, zu ersch\u00fcttern. <\/p>\n\n\n\n<p>Erg\u00e4nzend dazu eine Analyse, wie man sie in den gleichgeschalteten Medien nat\u00fcrlich nicht findet.<\/p>\n\n\n\n<figure class=\"wp-block-image size-large\"><img loading=\"lazy\" decoding=\"async\" width=\"1024\" height=\"264\" src=\"https:\/\/gilbertbrands.de\/blog\/wp-content\/uploads\/2022\/06\/grafik-32-1024x264.png\" alt=\"\" class=\"wp-image-7481\" srcset=\"https:\/\/gilbertbrands.de\/blog\/wp-content\/uploads\/2022\/06\/grafik-32-1024x264.png 1024w, https:\/\/gilbertbrands.de\/blog\/wp-content\/uploads\/2022\/06\/grafik-32-300x77.png 300w, https:\/\/gilbertbrands.de\/blog\/wp-content\/uploads\/2022\/06\/grafik-32-768x198.png 768w, https:\/\/gilbertbrands.de\/blog\/wp-content\/uploads\/2022\/06\/grafik-32.png 1124w\" sizes=\"auto, (max-width: 1024px) 100vw, 1024px\" \/><figcaption><a href=\"https:\/\/rtde.site\/meinung\/141256-fall-alina-lipp-oder-luneburg\/\">https:\/\/rtde.site\/meinung\/141256-fall-alina-lipp-oder-luneburg\/<\/a><\/figcaption><\/figure>\n\n\n\n<p>Auch hier ist man inzwischen nur noch einen Schritt vor einem direkten Vergleich mit &#8230;.<\/p>\n\n\n\n<hr class=\"wp-block-separator\"\/>\n\n\n\n<p class=\"has-small-font-size\">\u00b9\u207e Wobei die medizinischen Versuche der NS-\u00c4rzte an Menschen ja kein Alleinstellungsmerkmal sind, wie wir bereits festgestellt haben. Andere konnten und k\u00f6nnen das genauso, sind aber etwas geschickter darin, sich aus der medialen Pr\u00e4senz zu stehlen<\/p>\n","protected":false},"excerpt":{"rendered":"<p>Die USA sind mal wieder einen Schritt voraus. Sehr zum \u00c4rger der StEKo, deren Mitgliedern es aber leider nicht gelungen ist, sich bei dem Versuch, sich vor \u00c4rger \u00fcber die \u00dcberrundung in den Hintern zu bei\u00dfen, das Genick durch \u00dcberdehnung zu brechen. Download Artikel als PDF<\/p>\n","protected":false},"author":1,"featured_media":0,"comment_status":"closed","ping_status":"closed","sticky":false,"template":"","format":"standard","meta":{"footnotes":""},"categories":[1],"tags":[],"class_list":["post-7476","post","type-post","status-publish","format-standard","hentry","category-allgemein"],"post_mailing_queue_ids":[],"_links":{"self":[{"href":"https:\/\/gilbertbrands.de\/blog\/wp-json\/wp\/v2\/posts\/7476","targetHints":{"allow":["GET"]}}],"collection":[{"href":"https:\/\/gilbertbrands.de\/blog\/wp-json\/wp\/v2\/posts"}],"about":[{"href":"https:\/\/gilbertbrands.de\/blog\/wp-json\/wp\/v2\/types\/post"}],"author":[{"embeddable":true,"href":"https:\/\/gilbertbrands.de\/blog\/wp-json\/wp\/v2\/users\/1"}],"replies":[{"embeddable":true,"href":"https:\/\/gilbertbrands.de\/blog\/wp-json\/wp\/v2\/comments?post=7476"}],"version-history":[{"count":1,"href":"https:\/\/gilbertbrands.de\/blog\/wp-json\/wp\/v2\/posts\/7476\/revisions"}],"predecessor-version":[{"id":7482,"href":"https:\/\/gilbertbrands.de\/blog\/wp-json\/wp\/v2\/posts\/7476\/revisions\/7482"}],"wp:attachment":[{"href":"https:\/\/gilbertbrands.de\/blog\/wp-json\/wp\/v2\/media?parent=7476"}],"wp:term":[{"taxonomy":"category","embeddable":true,"href":"https:\/\/gilbertbrands.de\/blog\/wp-json\/wp\/v2\/categories?post=7476"},{"taxonomy":"post_tag","embeddable":true,"href":"https:\/\/gilbertbrands.de\/blog\/wp-json\/wp\/v2\/tags?post=7476"}],"curies":[{"name":"wp","href":"https:\/\/api.w.org\/{rel}","templated":true}]}}