{"id":7424,"date":"2022-06-08T08:55:37","date_gmt":"2022-06-08T06:55:37","guid":{"rendered":"https:\/\/gilbertbrands.de\/blog\/?p=7424"},"modified":"2022-06-08T08:55:38","modified_gmt":"2022-06-08T06:55:38","slug":"was-ist-eine-geisteskrankheit","status":"publish","type":"post","link":"https:\/\/gilbertbrands.de\/blog\/2022\/06\/08\/was-ist-eine-geisteskrankheit\/","title":{"rendered":"Was ist eine &#8222;Geisteskrankheit&#8220; ?"},"content":{"rendered":"\n<p><a href=\"https:\/\/de.wikipedia.org\/wiki\/Geisteskrankheit\">wikipedia <\/a>merkt zu dem Begriff an:<\/p>\n\n\n\n<blockquote class=\"wp-block-quote is-layout-flow wp-block-quote-is-layout-flow\"><p>Als Geisteskrankheit oder  Geistesst\u00f6rung wurden fr\u00fcher unterschiedliche Verhaltensbilder und  Krankheiten bezeichnet, die sich durch Verhaltensformen ausdr\u00fccken, die  in der Gesellschaft nicht akzeptiert werden. Beide Bezeichnungen werden  heute kaum noch verwendet. \u201eGeisteskrankheiten&#8220; k\u00f6nnen heute als  Oberbegriff f\u00fcr jede Art von psychischer St\u00f6rung verstanden werden oder  spezieller als Psychose.<\/p><\/blockquote>\n\n\n\n<!--more-->\n\n\n\n<p>Da heute so ziemlich alles in der Gesellschaft akzeptiert wird, gibt es anscheinend nach dieser Definition nur noch mich, den Leser dieser Zeilen und ein paar andere, die das auch noch lesen, die in der Tat &#8222;geisteskrank&#8220; sind, weil sie die Verhaltensnormen als krankhaft gest\u00f6rt betrachten. Was man auch als vorteilhaft bezeichnen kann, denn als Geisteskranker kann man eine Menge sagen, ohne dass das direkt geahndet werden kann und auch Sicherheitsverwahrung ist bei verbalen Geisteskranken noch nicht angesagt, sonst w\u00e4ren die psychiatrischen Kliniken voll mit Tourett-Patienten oder Koprolalikern.<\/p>\n\n\n\n<p>Ich als geisteskranker empfinde es meinerseits als geisteskrank, wenn (wie bei den Inselaffen mehrfach verbucht) m\u00e4nnliche Straft\u00e4ter sich als Frauen bezeichnen, um ohne psychiatrisches Gutachten nur aufgrund ihrer eigenen Aussage in Frauenstrafanstalten eingeliefert werden. Wo sie dann auch umgehen penetrant werden (penetrant von Penis transitus, das hineingleitende m\u00e4nnliche DingsBUMS). Ob die Frauen die Vergewaltigung als &#8222;lesbische Liebe&#8220; interpretiert haben, ist nicht bekannt. Und geisteskrank ist aus meiner Sicht nicht der T\u00e4ter, der ja nur eine gesellschaftliche St\u00f6rung genutzt hat, <a href=\"https:\/\/www.bluewin.ch\/de\/news\/vermischtes\/angebliche-transgender-frau-vergreift-sich-an-mitgefangenen-158880.html\">sondern ein Gericht in einem Rechtssystem,<\/a> das das erm\u00f6glicht.<\/p>\n\n\n\n<p>Aber nicht nur das britische Rechtssystem samt seinen Richtern ist aus meiner Sicht (der eines Geisteskranken, um das noch mal anzumerken) v\u00f6llig geisteskrank, auch auf das norwegische trifft das vollumf\u00e4nglich zu. Die Feststellung, dass M\u00e4nner, die sich als Frauen ausgeben, um an (lesbische) Frauen heranzukommen, eben selbst keine Lesben sind, sondern notgeile M\u00e4nner mit dem Hang zu Au\u00dfergew\u00f6hnlichen, wird dort (m\u00f6glicherweise) h\u00e4rter bestraft als die Vergewaltigung selbst (f\u00fcr die gibt es vermutlich nur die Auflage, beim n\u00e4chsten Mal ein Kondom zu verwenden):<\/p>\n\n\n\n<figure class=\"wp-block-image size-large\"><img loading=\"lazy\" decoding=\"async\" width=\"1024\" height=\"303\" src=\"https:\/\/gilbertbrands.de\/blog\/wp-content\/uploads\/2022\/06\/grafik-7-1024x303.png\" alt=\"\" class=\"wp-image-7425\" srcset=\"https:\/\/gilbertbrands.de\/blog\/wp-content\/uploads\/2022\/06\/grafik-7-1024x303.png 1024w, https:\/\/gilbertbrands.de\/blog\/wp-content\/uploads\/2022\/06\/grafik-7-300x89.png 300w, https:\/\/gilbertbrands.de\/blog\/wp-content\/uploads\/2022\/06\/grafik-7-768x227.png 768w, https:\/\/gilbertbrands.de\/blog\/wp-content\/uploads\/2022\/06\/grafik-7.png 1126w\" sizes=\"auto, (max-width: 1024px) 100vw, 1024px\" \/><figcaption><a href=\"https:\/\/rtde.site\/europa\/140472-fuer-aussage-biologische-maenner-koennen-nicht-lesbisch-sein-drei-jahre-gefaengnis\/\">https:\/\/rtde.site\/europa\/140472-fuer-aussage-biologische-maenner-koennen-nicht-lesbisch-sein-drei-jahre-gefaengnis\/<\/a><\/figcaption><\/figure>\n\n\n\n<p>Geht es noch geisteskranker? Die Feststellung einer sichtbaren Tatsache, dass ein Mann, der mit einer Frau schlafen will, die ihrerseits auf Frauen steht, nicht dadurch zu einer Frau wird, dass er sich so definiert und seiner Partnerin nach dem Runterziehen der Unterhose nur das Angebot &#8222;suck my dick&#8220; anstelle der erwarteten &#8222;pussy&#8220; \u00b9\u207e machen kann, ist ein Hassverbrechen? \u00b2\u207e<\/p>\n\n\n\n<p>Eine Geisteskrankheit anderer Art, die das Leben vieler Menschen bedroht, hat sich im Berliner Ministerium f\u00fcr Gesundheit (oder hei\u00dft das inzwischen Volksgesundheit und Euthanasie? Als Geisteskranker darf man solche Mutma\u00dfungen ja problemlos anstellen, denn es sind die Gedanken eines Geisteskranken \u00fcber andere, die er auch f\u00fcr solche h\u00e4lt) breit gemacht:<\/p>\n\n\n\n<figure class=\"wp-block-image size-large\"><img loading=\"lazy\" decoding=\"async\" width=\"1024\" height=\"315\" src=\"https:\/\/gilbertbrands.de\/blog\/wp-content\/uploads\/2022\/06\/grafik-8-1024x315.png\" alt=\"\" class=\"wp-image-7426\" srcset=\"https:\/\/gilbertbrands.de\/blog\/wp-content\/uploads\/2022\/06\/grafik-8-1024x315.png 1024w, https:\/\/gilbertbrands.de\/blog\/wp-content\/uploads\/2022\/06\/grafik-8-300x92.png 300w, https:\/\/gilbertbrands.de\/blog\/wp-content\/uploads\/2022\/06\/grafik-8-768x236.png 768w, https:\/\/gilbertbrands.de\/blog\/wp-content\/uploads\/2022\/06\/grafik-8.png 1141w\" sizes=\"auto, (max-width: 1024px) 100vw, 1024px\" \/><figcaption><a href=\"https:\/\/rtde.site\/inland\/140396-bmg-sieht-weiterhin-keinen-bedarf\/\">https:\/\/rtde.site\/inland\/140396-bmg-sieht-weiterhin-keinen-bedarf\/<\/a><\/figcaption><\/figure>\n\n\n\n<p>Nach wie vor weigert sich die Lauterbach-Truppe, Daten zur l\u00e4ngst erledigten (eigentlich nie stattgefunden habenden) Pandemie zu erheben. Und das, obwohl der sich als <a href=\"https:\/\/www.ndr.de\/nachrichten\/info\/68-Coronavirus-Update-Harter-Lockdown-jetzt,podcastcoronavirus272.html#Dunkelziffer\">Wirrologe ausgebende Schauspieler Osten das noch unter Spahnemann<\/a> als notwendig angemahnt hat. Statt dessen kommen wirre Fantasien aus dem Mund des Ministerium f\u00fcr Zwangsneurosen:<\/p>\n\n\n\n<figure class=\"wp-block-image size-large\"><img loading=\"lazy\" decoding=\"async\" width=\"1024\" height=\"253\" src=\"https:\/\/gilbertbrands.de\/blog\/wp-content\/uploads\/2022\/06\/grafik-9-1024x253.png\" alt=\"\" class=\"wp-image-7427\" srcset=\"https:\/\/gilbertbrands.de\/blog\/wp-content\/uploads\/2022\/06\/grafik-9-1024x253.png 1024w, https:\/\/gilbertbrands.de\/blog\/wp-content\/uploads\/2022\/06\/grafik-9-300x74.png 300w, https:\/\/gilbertbrands.de\/blog\/wp-content\/uploads\/2022\/06\/grafik-9-768x190.png 768w, https:\/\/gilbertbrands.de\/blog\/wp-content\/uploads\/2022\/06\/grafik-9.png 1136w\" sizes=\"auto, (max-width: 1024px) 100vw, 1024px\" \/><figcaption><a href=\"https:\/\/rtde.site\/meinung\/140320-gesundheitminister-lauterbach-prognostiziert-vulnerable-gruppen-erneut-vulnerabel\/\">https:\/\/rtde.site\/meinung\/140320-gesundheitminister-lauterbach-prognostiziert-vulnerable-gruppen-erneut-vulnerabel\/<\/a><\/figcaption><\/figure>\n\n\n\n<p>Was im Prinzip bei Grippeekrankungen nicht ganz unrichtig ist, weil sich die Viren halt anpassen und nur eine Kreuzimmunit\u00e4t besteht. Aber darauf mit einer Nichtimpfung zu antworten, die auf einen 2 Jahre alten Erreger ausgerichtet ist, ist eigentlich schon eher pervers. Aber es geht auch noch bl\u00f6dsinniger:<\/p>\n\n\n\n<figure class=\"wp-block-image size-large\"><img loading=\"lazy\" decoding=\"async\" width=\"827\" height=\"327\" src=\"https:\/\/gilbertbrands.de\/blog\/wp-content\/uploads\/2022\/06\/grafik-10.png\" alt=\"\" class=\"wp-image-7428\" srcset=\"https:\/\/gilbertbrands.de\/blog\/wp-content\/uploads\/2022\/06\/grafik-10.png 827w, https:\/\/gilbertbrands.de\/blog\/wp-content\/uploads\/2022\/06\/grafik-10-300x119.png 300w, https:\/\/gilbertbrands.de\/blog\/wp-content\/uploads\/2022\/06\/grafik-10-768x304.png 768w\" sizes=\"auto, (max-width: 827px) 100vw, 827px\" \/><figcaption><a href=\"https:\/\/reitschuster.de\/post\/lauterbach-gibt-zu-dass-die-immunitaet-zurueckgegangen-ist\/\">https:\/\/reitschuster.de\/post\/lauterbach-gibt-zu-dass-die-immunitaet-zurueckgegangen-ist\/<\/a><\/figcaption><\/figure>\n\n\n\n<p>Sorry, aber erlauben Sie mir als Geisteskranken, dazu zu sagen, dass das nun v\u00f6lliger Bl\u00f6dsinn ist. Jeder Mensch kommt t\u00e4glich mit zig Tausend verschiedenen Keimen in Kontakt, so genannte Schutzma\u00dfnahmen hin oder her. Mit diesen wird das Immunsystem in den meisten F\u00e4llen locker fertig. Von fehlendem Training kann da wohl keine Rede sein, Herr Professor Doktor Doktor sine professio Karl &#8222;&#8230;&#8220; Lauterbach. Haben Sie \u00fcberhaupt irgendetwas gelernt oder fantasieren Sie nur? Und Autoimmundefekte haben damit gar nichts zu tun, denn dabei handelt es sich um ein grunds\u00e4tzlich nicht mehr voll aktives Immunsystem, eine Erkrankung, die nachweislich bei vielen Menschen von ihren unseligen mRNA-Spritzen ausgel\u00f6st wird.<\/p>\n\n\n\n<p>Im Sinne der Eingangsdefinition ist Lauterbach nicht geisteskrank, da sein Verhalten ja gesellschaftlich gedeckt wird. Aber!<\/p>\n\n\n\n<figure class=\"wp-block-image size-large\"><img loading=\"lazy\" decoding=\"async\" width=\"1024\" height=\"117\" src=\"https:\/\/gilbertbrands.de\/blog\/wp-content\/uploads\/2022\/06\/grafik-11-1024x117.png\" alt=\"\" class=\"wp-image-7429\" srcset=\"https:\/\/gilbertbrands.de\/blog\/wp-content\/uploads\/2022\/06\/grafik-11-1024x117.png 1024w, https:\/\/gilbertbrands.de\/blog\/wp-content\/uploads\/2022\/06\/grafik-11-300x34.png 300w, https:\/\/gilbertbrands.de\/blog\/wp-content\/uploads\/2022\/06\/grafik-11-768x88.png 768w, https:\/\/gilbertbrands.de\/blog\/wp-content\/uploads\/2022\/06\/grafik-11.png 1427w\" sizes=\"auto, (max-width: 1024px) 100vw, 1024px\" \/><figcaption><a href=\"https:\/\/www.achgut.com\/artikel\/lauterbach_Karriere_die_leichen_im_keller_\">https:\/\/www.achgut.com\/artikel\/lauterbach_Karriere_die_leichen_im_keller_<\/a><\/figcaption><\/figure>\n\n\n\n<p>Eine Gefahr f\u00fcr die Bev\u00f6lkerung ist Lauterbach allemal. Wie man dem Artikel entnehmen kann, k\u00f6nnte ein Gericht, das noch irgendeine Form von Recht vertritt, auch auf die Idee kommen, Lauterbach wegen fahrl\u00e4ssiger T\u00f6tung in mehreren Tausend F\u00e4llen zur Verantwortung zu ziehen. Leider gibt es solche Gerichte nicht mehr, sondern aus Sicht eines Geisteskranken nur noch andere Geisteskranke.<\/p>\n\n\n\n<hr class=\"wp-block-separator\"\/>\n\n\n\n<p class=\"has-small-font-size\">\u00b9\u207e Ich bin zwar kein bildhauernder Chirurg und kundigere Leser m\u00f6gen mich korrigieren, aber auch der beste Handwerker wird wohl kaum einen Umbau zustande bringen, der aus einem &#8230;  eine &#8230; oder umgekehrt macht. Was nun keinesfalls hei\u00dfen soll, dass keine innige und lebenslange Liebesbeziehung zwischen den Personen entstehen kann. Nur mit der eigentlichen k\u00f6rperlichen Definition der homosexuellen Sexualit\u00e4t hat das nicht viel zu tun.<\/p>\n\n\n\n<p class=\"has-small-font-size\">\u00b2\u207e Norweger-Pullover haben einem alten Ger\u00fccht zu Folge deshalb einen so gro\u00dfen Rollkragen, damit man das Gewinde vom Holzkopf nicht sofort entdeckt. Scheint was dran zu sein.<\/p>\n","protected":false},"excerpt":{"rendered":"<p>wikipedia merkt zu dem Begriff an: Als Geisteskrankheit oder Geistesst\u00f6rung wurden fr\u00fcher unterschiedliche Verhaltensbilder und Krankheiten bezeichnet, die sich durch Verhaltensformen ausdr\u00fccken, die in der Gesellschaft nicht akzeptiert werden. Beide Bezeichnungen werden heute kaum noch verwendet. \u201eGeisteskrankheiten&#8220; k\u00f6nnen heute als Oberbegriff f\u00fcr jede Art von psychischer St\u00f6rung verstanden werden oder spezieller als Psychose. Download Artikel &hellip; <a href=\"https:\/\/gilbertbrands.de\/blog\/2022\/06\/08\/was-ist-eine-geisteskrankheit\/\" class=\"more-link\"><span class=\"screen-reader-text\">Was ist eine &#8222;Geisteskrankheit&#8220; ?<\/span> weiterlesen <span class=\"meta-nav\">&rarr;<\/span><\/a><\/p>\n","protected":false},"author":1,"featured_media":0,"comment_status":"closed","ping_status":"closed","sticky":false,"template":"","format":"standard","meta":{"footnotes":""},"categories":[1],"tags":[],"class_list":["post-7424","post","type-post","status-publish","format-standard","hentry","category-allgemein"],"post_mailing_queue_ids":[],"_links":{"self":[{"href":"https:\/\/gilbertbrands.de\/blog\/wp-json\/wp\/v2\/posts\/7424","targetHints":{"allow":["GET"]}}],"collection":[{"href":"https:\/\/gilbertbrands.de\/blog\/wp-json\/wp\/v2\/posts"}],"about":[{"href":"https:\/\/gilbertbrands.de\/blog\/wp-json\/wp\/v2\/types\/post"}],"author":[{"embeddable":true,"href":"https:\/\/gilbertbrands.de\/blog\/wp-json\/wp\/v2\/users\/1"}],"replies":[{"embeddable":true,"href":"https:\/\/gilbertbrands.de\/blog\/wp-json\/wp\/v2\/comments?post=7424"}],"version-history":[{"count":1,"href":"https:\/\/gilbertbrands.de\/blog\/wp-json\/wp\/v2\/posts\/7424\/revisions"}],"predecessor-version":[{"id":7430,"href":"https:\/\/gilbertbrands.de\/blog\/wp-json\/wp\/v2\/posts\/7424\/revisions\/7430"}],"wp:attachment":[{"href":"https:\/\/gilbertbrands.de\/blog\/wp-json\/wp\/v2\/media?parent=7424"}],"wp:term":[{"taxonomy":"category","embeddable":true,"href":"https:\/\/gilbertbrands.de\/blog\/wp-json\/wp\/v2\/categories?post=7424"},{"taxonomy":"post_tag","embeddable":true,"href":"https:\/\/gilbertbrands.de\/blog\/wp-json\/wp\/v2\/tags?post=7424"}],"curies":[{"name":"wp","href":"https:\/\/api.w.org\/{rel}","templated":true}]}}