{"id":7408,"date":"2022-06-02T08:22:00","date_gmt":"2022-06-02T06:22:00","guid":{"rendered":"https:\/\/gilbertbrands.de\/blog\/?p=7408"},"modified":"2022-06-01T09:21:13","modified_gmt":"2022-06-01T07:21:13","slug":"steko-impfen-von-kindern-ab-5-jahren-empfohlen","status":"publish","type":"post","link":"https:\/\/gilbertbrands.de\/blog\/2022\/06\/02\/steko-impfen-von-kindern-ab-5-jahren-empfohlen\/","title":{"rendered":"StEKo: Impfen von Kindern ab 5 Jahren empfohlen"},"content":{"rendered":"\n<p>Die StEKo \u00b9\u207e beim RKI empfiehlt die Covid-Impfung nun auch f\u00fcr Kinder von 5-12. Unterst\u00fctzt wird sie dabei von &#8211; wen wundert&#8217;s noch &#8211; einem ganzen Haufen Kinder\u00e4rzte-Organisationen.<\/p>\n\n\n\n<!--more-->\n\n\n\n<p>Richtige \u00c4rzte sind entsetzt. Nun ja, zumindest einige. Die meisten Kinder\u00e4rzte und Lehrer scheint inzwischen eine Eigenschaft zu einen: einem abgrundtiefen Hass auf das Objekt ihrer Profession. Ob Giftmord durch die Spritze oder Ersticken durch Masken &#8211; den Leuten ist anscheinend jedes Mittel recht, vielleicht bis auf direktes Keulen in den Klassen oder Wartezimmern.<\/p>\n\n\n\n<p>Impfung f\u00fcr Kinder? Selbst dem Robert-Kotz- und dem Paul-L\u00fcgner-institut ist klar, dass<\/p>\n\n\n\n<ul class=\"wp-block-list\"><li>Kinder von Covid \u00fcberhaupt nicht betroffen sind (lediglich ein paar positive Testf\u00e4lle von Kindern mit schwersten Vorerkrankungen, die mit einiger Wahrscheinlichkeit ohnehin zum Tod gef\u00fchrt h\u00e4tten, sind bekannt),<\/li><li>keinerlei Erfahrungen mit dem f\u00fcr Erwachsene schon in vielen F\u00e4llen t\u00f6dlichen Giftstoff vorliegen, die zu einer Bewertung herangezogen werden k\u00f6nnten.<\/li><\/ul>\n\n\n\n<p>Wenn man fragt, was die Gr\u00fcnde sein k\u00f6nnten, wird es richtig perfide: Kinder in diesem Alter sind noch so weit in der Entwicklungsphase, dass die Gifte nahezu \u00fcberall hinkommen k\u00f6nnen, auch zu den noch in der Entwicklung befindlichen Geschlechtsorganen. Und da bestehen zwei M\u00f6glichkeiten der Sch\u00e4digung:<\/p>\n\n\n\n<ol class=\"wp-block-list\"><li>Das Spike-Protein ist nachgewiesenerma\u00dfen eines der st\u00e4rksten bekannten Gifte, was einen Blick in die wikipedia-Liste zeigt. Es spricht nach Ansicht einiger &#8222;umstrittener&#8220; Wissenschaftler einiges daf\u00fcr, dass das Gift fr\u00fchzeitig daf\u00fcr sorgt, dass die Betreffenden sp\u00e4ter unfruchtbar sind oder erhebliche Probleme mit der Erzeugung von Nachwuchs haben. \u00b2\u207e  <\/li><li>In dieser fr\u00fchen Phase ist die Wahrscheinlichkeit, dass die mRNA-Sequenzen bis in die Keimbahn gelangen und somit im Falle einer doch erfolgreichen Erzeugung von Nachkommen weiter gegeben werden, besonders hoch. Genetisch k\u00fcnstlich modifizierte Menschen in der n\u00e4chsten Generation sind somit m\u00f6glich.<\/li><\/ol>\n\n\n\n<p>Die Strategie l\u00e4uft also darauf hinaus, &#8222;unn\u00fctzes Leben&#8220;, wie es im WEF tituliert wurde, langfristig und unbemerkt auszumerzen. Wenn Kinder in 10-15 Jahren merken, dass sie keine Verh\u00fctungsmittel mehr ben\u00f6tigen, ist das zwar ein Schlag f\u00fcr die Billy-Boy-Industrie, aber ein verschmerzbarer, und au\u00dferdem zu sp\u00e4t, noch irgendetwas zu unternehmen, weil eine komplette Generation durch Vergiftung sterilisiert wurde.<\/p>\n\n\n\n<p>Vielleicht sollte man diese Strategie auch einmal unter dem Gesichtspunkt betrachten, dass Jugendliche zwar nach wie vor bei einer Brustvergr\u00f6\u00dferung oder einem Tatoo das Einverst\u00e4ndnis der Eltern brauchen, aber Brustverkleinerung oder Entnahme der Geb\u00e4rmutter, der Eierst\u00f6cke oder der Hoden selbst von der FDP als Recht auf eigene Findung des Geschlechts f\u00fcr Jugendliche ab 14 Jahren ohne Einwilligung der Eltern propagiert werden. Kleine Kostprobe \u00fcber die neue FDP gef\u00e4llig?<\/p>\n\n\n\n<blockquote class=\"wp-block-quote is-layout-flow wp-block-quote-is-layout-flow\"><p>Jetzt springt auch Mario Brandenburg von der FDP (!) auf den Menstruationszug auf: \u201eEs ist nicht hinzunehmen, dass Frauen, M\u00e4dchen <strong>und alle<\/strong> [sic!], die menstruieren noch im Jahre 2022 wegen ihrer Periode stigmatisiert und benachteiligt werden.&#8220; Echt jetzt? Meine Frau meint, sie sei in ihrem ganzen Leben noch nicht wegen ihrer Periode stigmatisiert und benachteiligt worden. Und habe das auch noch nie als gesellschaftliches Problem wahrgenommen. Ich auch nicht, ehrlich gesagt. Vielleicht sind wir einfach zu unsensibel. Haben uns noch nie Gedanken \u00fcber die traumatischen Erfahrungen von Linksh\u00e4ndern oder Rechtstr\u00e4gern gemacht. M\u00f6ge sich Woko Haram ihrer bald annehmen!<\/p><cite><a href=\"https:\/\/www.achgut.com\/artikel\/chronik_des_irrsinns_der_mai_2022\">https:\/\/www.achgut.com\/artikel\/chronik_des_irrsinns_der_mai_2022<\/a><\/cite><\/blockquote>\n\n\n\n<p>Die Verwirrung der Jugendlichen d\u00fcrfte locker dazu beitragen, das Problem noch l\u00e4nger zu verschleiern. Aber auch ein anderes Problem gibt es bei Kindern und Jugendlichen:<\/p>\n\n\n\n<figure class=\"wp-block-image size-large\"><img loading=\"lazy\" decoding=\"async\" width=\"1001\" height=\"715\" src=\"https:\/\/gilbertbrands.de\/blog\/wp-content\/uploads\/2022\/06\/grafik.png\" alt=\"\" class=\"wp-image-7409\" srcset=\"https:\/\/gilbertbrands.de\/blog\/wp-content\/uploads\/2022\/06\/grafik.png 1001w, https:\/\/gilbertbrands.de\/blog\/wp-content\/uploads\/2022\/06\/grafik-300x214.png 300w, https:\/\/gilbertbrands.de\/blog\/wp-content\/uploads\/2022\/06\/grafik-768x549.png 768w\" sizes=\"auto, (max-width: 1001px) 100vw, 1001px\" \/><figcaption><a href=\"https:\/\/www.who.int\/emergencies\/disease-outbreak-news\/item\/DON-389\">https:\/\/www.who.int\/emergencies\/disease-outbreak-news\/item\/DON-389<\/a><\/figcaption><\/figure>\n\n\n\n<p>Wie man aus dem Artikel erf\u00e4hrt, ist bei nahezu allen betroffenen Kindern ein Adenovirus diagnostiziert worden. 3\/4 aller Kinder sind j\u00fcnger als 5 Jahre. Und: die F\u00e4lle treten geh\u00e4uft in <a href=\"https:\/\/de.statista.com\/statistik\/daten\/studie\/1203308\/umfrage\/impfstoffabdeckung-der-bevoelkerung-gegen-das-coronavirus-nach-laendern\/\">L\u00e4ndern mit hoher mRNA-Impfrate<\/a> auf. <\/p>\n\n\n\n<p>Adenovirus? Da war doch was? Ja, genau, einige <a href=\"https:\/\/www.rki.de\/SharedDocs\/FAQ\/COVID-Impfen\/FAQ_Liste_Impfstofftypen.html\">Imfpstoffe verwenden Adenoviren als Vektoren<\/a>. Wobei Astra-Zeneca bereits fr\u00fch vom Markt genommen wurde, weil der Impfstoff reihenweise Affen gekillt hatte. Angeblich f\u00fcr den Menschen harmlos, aber warum dann vom Markt nehmen? Um Zootiere vor den Besuchern zu sch\u00fctzen? Egal, wer will kann jetzt mal vergleichen, welcher <a href=\"https:\/\/de.statista.com\/statistik\/daten\/studie\/1198757\/umfrage\/covid-19-impfstoff-vertraege-nach-laendern-und-herstellern\/\">Impfstoff wo in welchen Mengen verwendet wurde<\/a> und ob das mit den Hepatitis-F\u00e4llen zusammenh\u00e4ngen k\u00f6nnte.<\/p>\n\n\n\n<p>Eine Arbeitshypothese w\u00e4re, dass die modifizierten Adenoviren von Geimpften auf die Kinder \u00fcbertragen werden. Es ist hinreichend bekannt, dass sich die Viren in den Impfstoffen sehr deutlich NICHT so verhalten, wie die Pharmaverbrecher es behaupten. Und der Kontakt zwischen Eltern und Kindern ist im Alterbereich &lt;5 Jahre besonders intensiv, w\u00e4hrend sich \u00e4ltere Kinder die st\u00e4ndige Knutscherei zunehmend verbitten. Und die Erscheinungsform der Erkrankungen sind bislang unbekannt bis ungew\u00f6hnlich, was ebenfalls f\u00fcr eine Rolle der modifizierten Viren spricht, denn &#8222;normale&#8220; Adenovirenst\u00e4mme machen das anscheinend laut WHO nicht.<\/p>\n\n\n\n<p>Fazit: die geimpften Eltern (oder Gro\u00dfeltern) stecken ihre Kinder unwissentlich an und da bei den meisten eine Lebertransplantation der einzige Ausweg ist, wie die WHO schreibt, ist der Tod vieler Kinder vorprogrammiert, d.h. die Eltern bringen durch ihre Systemgl\u00e4ubigkeit ihre eigenen Kinder um (oder die anderer, denn irgendwo muss die Leberspende ja herkommen). <\/p>\n\n\n\n<p>Nur eine Hypothese, die nat\u00fcrlich so unwahrscheinlich ist, dass in der gesamten medizinischen Welt niemand auf die Idee kommt, sie zu verfolgen. Und damit auch sonst niemand auf die Idee kommt, solche Gedanken anzustellen, wird das Problem hier in den Journaillen auch gar nicht erst erw\u00e4hnt. Wenn man nicht bei der WHO direkt nachschaut, muss man schon auf RT zur\u00fcckgreifen. Da kommt auch so etwas.<\/p>\n\n\n\n<hr class=\"wp-block-separator\"\/>\n\n\n\n<p class=\"has-small-font-size\">\u00b9\u207e Nein, kein Schreibfehler. Ich habe nicht StIKo mit StEKo auf der Tastatur verwechselt. Bei dem, was diese Leute machen, die obendrein rausposaunen, dass sie ihre eigenen Kinder und Enkel NICHT impfen lassen, halte ich den Titel &#8222;St\u00e4ndige Euthanasie Kommission beim Robert-Kotz-Institut&#8220; f\u00fcr wesentlich angemessener, und dann ist die Abk\u00fcrzung StEKo korrekt.<\/p>\n\n\n\n<p class=\"has-small-font-size\">\u00b2\u207e Das kann man nur vermuten. Tierversuche mit diesen mRNA-Impfungen laufen allerdings schon so lange (das Corona-Virus wurde bereits 2008 patentiert), dass die Pharma-Drahtzieher ziemlich genau \u00fcber die Wirkungen informiert sein d\u00fcrften. Nur sagen werden sie es keinem. Die Vermutung wird mithin nicht in den leeren Raum ge\u00e4u\u00dfert.<\/p>\n","protected":false},"excerpt":{"rendered":"<p>Die StEKo \u00b9\u207e beim RKI empfiehlt die Covid-Impfung nun auch f\u00fcr Kinder von 5-12. Unterst\u00fctzt wird sie dabei von &#8211; wen wundert&#8217;s noch &#8211; einem ganzen Haufen Kinder\u00e4rzte-Organisationen. Download Artikel als PDF<\/p>\n","protected":false},"author":1,"featured_media":0,"comment_status":"closed","ping_status":"closed","sticky":false,"template":"","format":"standard","meta":{"footnotes":""},"categories":[1],"tags":[],"class_list":["post-7408","post","type-post","status-publish","format-standard","hentry","category-allgemein"],"post_mailing_queue_ids":[],"_links":{"self":[{"href":"https:\/\/gilbertbrands.de\/blog\/wp-json\/wp\/v2\/posts\/7408","targetHints":{"allow":["GET"]}}],"collection":[{"href":"https:\/\/gilbertbrands.de\/blog\/wp-json\/wp\/v2\/posts"}],"about":[{"href":"https:\/\/gilbertbrands.de\/blog\/wp-json\/wp\/v2\/types\/post"}],"author":[{"embeddable":true,"href":"https:\/\/gilbertbrands.de\/blog\/wp-json\/wp\/v2\/users\/1"}],"replies":[{"embeddable":true,"href":"https:\/\/gilbertbrands.de\/blog\/wp-json\/wp\/v2\/comments?post=7408"}],"version-history":[{"count":1,"href":"https:\/\/gilbertbrands.de\/blog\/wp-json\/wp\/v2\/posts\/7408\/revisions"}],"predecessor-version":[{"id":7410,"href":"https:\/\/gilbertbrands.de\/blog\/wp-json\/wp\/v2\/posts\/7408\/revisions\/7410"}],"wp:attachment":[{"href":"https:\/\/gilbertbrands.de\/blog\/wp-json\/wp\/v2\/media?parent=7408"}],"wp:term":[{"taxonomy":"category","embeddable":true,"href":"https:\/\/gilbertbrands.de\/blog\/wp-json\/wp\/v2\/categories?post=7408"},{"taxonomy":"post_tag","embeddable":true,"href":"https:\/\/gilbertbrands.de\/blog\/wp-json\/wp\/v2\/tags?post=7408"}],"curies":[{"name":"wp","href":"https:\/\/api.w.org\/{rel}","templated":true}]}}