{"id":7388,"date":"2022-05-29T07:04:00","date_gmt":"2022-05-29T05:04:00","guid":{"rendered":"https:\/\/gilbertbrands.de\/blog\/?p=7388"},"modified":"2022-05-26T07:09:20","modified_gmt":"2022-05-26T05:09:20","slug":"zwangsimpfung","status":"publish","type":"post","link":"https:\/\/gilbertbrands.de\/blog\/2022\/05\/29\/zwangsimpfung\/","title":{"rendered":"Zwangsimpfung"},"content":{"rendered":"\n<p>Eher saisonm\u00e4\u00dfig wurde die allgemeine Impfpflicht im Fr\u00fchjahr abgeblasen. Einige der Minister f\u00fcr Volksgesundheit und Euthanasie nehmen aber bereits jetzt einen neuen Anlauf, kr\u00e4ftig unterst\u00fctzt vom Bundesichfasseeswirklichenichtmehrgericht. Ein Anfrage, was die vorhaben, brachte folgendes Ergebnis (Kommentierung zwischen den Abs\u00e4tzen).<\/p>\n\n\n\n<!--more-->\n\n\n\n<hr class=\"wp-block-separator\"\/>\n\n\n\n<p>Betreff: AW: Impfpflicht<\/p>\n\n\n\n<p>Sehr geehrter Herr [platzhalter f\u00fcr beliebige Anfragen],<\/p>\n\n\n\n<p>vielen Dank f\u00fcr Ihre Nachricht an Herrn Staatsminister Klaus Holetschek, der uns gebeten hat, Ihnen zu antworten.<\/p>\n\n\n\n<p class=\"has-small-font-size\">\u00dcbersetzung: was bildest du bl\u00f6de Sau dir eigentlich ein, hier eine Anfrage zu schicken. Den Holetschek interessiert das einen Schei\u00dfdreck und ich darf das ausbaden.<\/p>\n\n\n\n<p>Das Bundesverfassungsgericht in Karlsruhe hat am 19.05.2022 die Verfassungsm\u00e4\u00dfigkeit der einrichtungsbezogenen COVID-19-Impfplicht, die einen Eingriff in die k\u00f6rperliche Unversehrtheit und in die Berufsfreiheit darstellt, festgestellt. Es hat ganz klar betont, dass die einrichtungsbezogene Impfpflicht verfassungsgem\u00e4\u00df und verh\u00e4ltnism\u00e4\u00dfig ist und es richtig ist, den Schutz der Bev\u00f6lkerung, insbesondere der besonders vulnerablen Personen, ganz nach vorne zu stellen.<\/p>\n\n\n\n<p class=\"has-small-font-size\">Es ist ganz klar, dass sich das Bundesichfasseeswirklichnichtmehrgericht einen Scheiss um die Fakten gek\u00fcmmert und selbst von RKI und PEI zur\u00fcckgezogenen Behauptungen als Begr\u00fcndung verwendet hat. Das sage nicht nur ich, dass kann man inzwischen ziemlich breit nachlesen; selbst einige Mainstream-Medien sind inzwischen kritisch. Auch wurde das grundlegende Recht, sich m\u00fcndlich vor Gericht \u00e4u\u00dfern zu d\u00fcrfen, missachtet. Ethisch stehen die Gesinnungsrichter des Bundesichfasseeswirklichenichtmehrgerichtes inzwischen unter dem Freislerschen Volksgerichtshof: Freisler und Co haben wenigstens noch an den Schei\u00df geglaubt, wegen dem sie Leute in den Tod geschickt haben. Diese Gesinnungsrichter urteilen nach allen vorliegenden Sachinformationen h\u00f6chstwahrscheinlich nur noch nach Korruptionsgesichtspunkten. <\/p>\n\n\n\n<p>Gleichzeitig ist aber auch nachvollziehbar, dass insbesondere Pflege- und Betreuungskr\u00e4fte, die in der Corona-Pandemie bereits \u00fcber viele Monate hinweg H\u00f6chstleistungen zum Wohle der Gemeinschaft erbracht haben und das R\u00fcckgrat der Pandemiebek\u00e4mpfung bilden, nun hinterfragen, weshalb der Bundesgesetzgeber lediglich eine einrichtungsbezogene Impfpflicht beschlossen hat, die einseitig bestimmte Personen- und Berufsgruppen zus\u00e4tzlich belastet.<\/p>\n\n\n\n<p class=\"has-small-font-size\">\u00dcbersetzung: die Pflegekr\u00e4fte fragen sich zu Recht, weshalb sie, nachdem sie 2 Jahre in den Himmel gelobt wurden, nun Opfer vors\u00e4tzlicher K\u00f6rperverletzung und Mord durch eine staatliche Giftspritze sind. Zumal sie die Auswirkungen dieser Giftspritzen t\u00e4glich sehen. Giftmord ist nebenbei nach allgemeiner Ansicht die abscheulichste Art zu morden. <\/p>\n\n\n\n<p>Vor diesem Hintergrund sollte die einrichtungsbezogene COVID-19-Impfpflicht nicht alleine stehen bleiben, sondern nur ein erster Schritt hin zu einer allgemeinen COVID-19-Impfpflicht sein. Daf\u00fcr hat sich Bayern mit Nachdruck eingesetzt. Letztlich hat sich April im Deutschen Bundestag im April jedoch keine Mehrheit f\u00fcr eine allgemeine Impfpflicht ergeben. Umso wichtiger ist es nun nach dieser Entscheidung des Bundesverfassungsgerichts zur einrichtungsbezogenen Impfpflicht, dass die Bundesregierung einen mehrheitsf\u00e4higen Vorschlag f\u00fcr eine allgemeine Impfpflicht \u2013 zumindest jedoch f\u00fcr eine altersbezogene Impfpflicht \u2013 auf den Weg bringt. Es d\u00fcrfen nicht die Menschen einseitig belastet werden, die bereits \u00fcber viele Monate hinweg H\u00f6chstleistungen zum Wohle der Gemeinschaft erbracht haben und das R\u00fcckgrat der Pandemiebek\u00e4mpfung bilden. Die \u00fcbrige Bev\u00f6lkerung muss jetzt echte Solidarit\u00e4t zeigen.<\/p>\n\n\n\n<p class=\"has-small-font-size\">Solidarit\u00e4t: es sollen sich gef\u00e4lligst alle vergiften lassen, weil einige Psychopathen und Gehirnamputierte sich das so ausdenken.<\/p>\n\n\n\n<p>Aus diesem Grund hat Bayern gemeinsam mit Baden-W\u00fcrttemberg und Hessen eine Initiative f\u00fcr eine allgemeine Impfpflicht ab 60 Jahren gestartet. Die Entscheidung des Bundesverfassungsgerichts best\u00e4tigt mit der Aussage, dass insbesondere der Schutz vulnerabler Gruppen ein legitimes Ziel ist, diesen Kurs.<\/p>\n\n\n\n<p class=\"has-small-font-size\">Das hat schon was f\u00fcr sich. Ausgerechnet die Gruppen, die tats\u00e4chlich das h\u00f6chste Risiko aufweisen, an irgendwelchen Infektionen, Krebs oder Organversagen zu sterben, und zwar auf rein nat\u00fcrliche Weise, weil das eben im Alter so ist, sollen nun noch schneller vors\u00e4tzlich umgebracht werden. Weg mit dem verdorbenen Gem\u00fcse! Alte, probiert ab und zu schon mal Blumenerde, damit ihr euch an den Geschmack gew\u00f6hnen k\u00f6nnt! <\/p>\n\n\n\n<p>Die Einf\u00fchrung einer Impfpflicht gegen COVID-19 ab 60 Jahren w\u00e4re ohne Frage ein erheblicher Eingriff in das Recht auf k\u00f6rperliche Unversehrtheit aus Art. 2 Abs. 2 Satz 1 Grundgesetz. Dieses Grundrecht kann der Staat jedoch beschr\u00e4nken. Im Rahmen der dabei erforderlichen Abw\u00e4gung sind jeweils alle Umst\u00e4nde zu ber\u00fccksichtigen und in einen angemessenen Ausgleich zu bringen.<\/p>\n\n\n\n<p class=\"has-small-font-size\">Klartext: das GG interessiert uns weniger als euer Stuhlgang bei Durchfall.<\/p>\n\n\n\n<p>In diesen Ausgleich einzustellen sind etwa die von SARS-CoV-2 ausgehenden Gesundheitsgefahren einerseits und die m\u00f6glichen Nebenwirkungen sowie die Schutzwirkung der Impfung andererseits. Danach erscheint eine altersbezogene Impfpflicht nach umfassender Abw\u00e4gung aller relevanten Umst\u00e4nde aus Sicht des Bayerischen Staatsministeriums f\u00fcr Gesundheit und Pflege geeignet, erforderlich und angemessen, um die Gefahren einer pandemischen Lage wirksam zu begrenzen.<\/p>\n\n\n\n<p class=\"has-small-font-size\">Das ist eine dreckige L\u00fcge!! Es gibt weder eine pandemisch Lage noch die Gefahr einer solchen, zumindest nicht durch eine Vireninfektion. Dass sich eine pandemische Lage durch die vielen Menschen, die ihr schon in die Invalidit\u00e4t gepritzt habt, ergeben kann (und vermutlich auch wird), ist eine andere Geschichte.<\/p>\n\n\n\n<p>Eine allgemeine Impfpflicht zumindest f\u00fcr \u00e4ltere Personen ist angesichts der wahrscheinlich im Herbst zu erwartenden n\u00e4chsten Corona-Infektionswelle von zentraler Bedeutung. Denn das Risiko f\u00fcr einen schweren Verlauf von COVID-19 steigt mit zunehmendem Alter stetig an und \u00e4ltere Personen ohne ausreichenden Immunschutz haben ein deutlich erh\u00f6htes Erkrankungsrisiko. Bedingt durch das weniger gut reagierende Immunsystem k\u00f6nnen Personen \u00fcber 60 eher schwer erkranken (Immunseneszenz). Zudem k\u00f6nnen Symptome wie Fieber, die als Reaktion auf eine Infektion auftreten, bei \u00e4lteren Personen schw\u00e4cher auftreten oder fehlen, weswegen diese h\u00e4ufig auch erst sp\u00e4ter eine \u00c4rztin oder einen Arzt aufsuchen. Auch verschiedene Grunderkrankungen wie z. B. Herzkreislauferkrankungen, Diabetes, Erkrankungen des Atmungssystems, der Leber, der Niere, Krebserkrankungen, die mit dem Alter h\u00e4ufiger werden, scheinen das Risiko f\u00fcr einen schweren Krankheitsverlauf zu erh\u00f6hen.<\/p>\n\n\n\n<p class=\"has-small-font-size\">Laber &#8230; laber &#8230; laber &#8211; dass alte Menschen eher krank werden als j\u00fcngere, ist eine nat\u00fcrliche Reaktion auf das Altwerden. Da S\u00e4belzahntiger und H\u00f6hlenl\u00f6wen f\u00fcr einen fr\u00fchen Tod heute ausfallen, \u00fcbernehmen das entweder die kleinen Infektionstierchen oder der K\u00f6rper gibt ohnehin auf. Es ist jedoch unglaublich perfide und menschenverachtend, wenn das Immunsystem obendrein vors\u00e4tzlich und systematisch durch gesch\u00e4digt oder zerst\u00f6rt wird.<\/p>\n\n\n\n<p>Zwar ist noch nicht absehbar, in welchem Umfang eine n\u00e4chste Welle im Herbst gegebenenfalls auftreten wird und vor allem auch welche Eigenschaften die dann dominierende Virusvariante haben wird. Nichtsdestotrotz sollte alles daf\u00fcr getan werden, um das Risiko f\u00fcr die besonders vulnerable Personengruppe der \u00e4lteren Menschen soweit wie m\u00f6glich zu reduzieren. Eine Impfpflicht f\u00fcr \u00e4ltere Personen kann damit auch ma\u00dfgeblich dazu beitragen, dass in einer etwaigen neuen Corona-Infektionswelle zumindest nicht mehr so schnell auf fl\u00e4chendeckende weitgehende Einschr\u00e4nkungen zur\u00fcckgegriffen werden m\u00fcsste bzw. diese Einschr\u00e4nkungen gegebenenfalls schneller wieder zur\u00fcckgefahren werden k\u00f6nnten.<\/p>\n\n\n\n<p class=\"has-small-font-size\">Klartext: wir wissen \u00fcberhaupt nichts (was korrekt ist, weil es keiner wissen kann), gehen aber davon aus, dass entgegen allen Erfahrungen der Jahrhunderte vorher es noch schlimmer kommt. Wenn diese Satanisten wirklich etwas f\u00fcr die alten Menschen tun wollen, sollten sie sich selbst umbringen. Ein Haufen durch Sepukku entleibte Minister und Ministeriale ist der beste Schutz, den ein B\u00fcrger derzeit bekommen kann. Abgesehen davon: wer besorgt ist, kann zu Hause bleiben. Einschr\u00e4nkungen haben sich als wirkungslos erwiesen und werden sich wieder als wirkungslos erweisen, es sei denn, es geht ohnehin nur darum, den Menschen den Lebensmut zu nehmen (was wohl das vornehmliche Ziel ist).<\/p>\n\n\n\n<p>Auch eine \u00dcberlastung des Gesundheitssystems kann durch eine Impfpflicht vermieden werden. F\u00fcr den Herbst ist saisonal bedingt erneut mit steigenden Zahlen von Atemwegserkrankungen zu rechnen. Zur dann ohnehin vorhandenen saisonalen Belastung des Gesundheitssystems durch Infektionen (z. B. Grippeerkrankungen) kann wieder vermehrt eine Belastung durch SARS-CoV-2-F\u00e4lle und damit einhergehende schwere Krankheitsverl\u00e4ufe treten.<\/p>\n\n\n\n<p class=\"has-small-font-size\">Es f\u00e4llt schwer, diesen Bl\u00f6dsinn noch zu kommentieren. Eine \u00dcberlastung gab es nie und eine Impfpflicht hat keinerlei Wirkung, wie alle Zahlen beweisen. Der Rest ist die \u00fcbliche Erfahrung mit saisonalen Krankheiten seit Jahrtausenden.<\/p>\n\n\n\n<p>Das Risiko f\u00fcr schwere Erkrankungen wird durch eine Grundimmunisierung (zweimalige Impfung) und insbesondere eine Auffrischungsimpfung (drei- oder viermalige Impfung) wesentlich reduziert. Auch aktuell bei Dominanz der Omikron-Variante kann f\u00fcr vollst\u00e4ndig geimpfte Personen aller Altersgruppen \u2013 insbesondere f\u00fcr Personen mit Auffrischungsimpfung \u2013 weiterhin von einem sehr guten Impfschutz gegen\u00fcber einer schweren COVID-19-Erkrankung ausgegangen werden. Die verf\u00fcgbaren Daten legen zudem nahe, dass die COVID-19-Impfung das Risiko, im Fall einer Infektion andere anzustecken, auch unter Omikron deutlich reduziert. Insgesamt kann man davon ausgehen, dass die verf\u00fcgbaren Impfstoffe auch bei etwaigen neuen Virus-Varianten zumindest einen grundlegenden Schutz bieten. Ungeimpfte Personen hingegen stehen dem Virus schutzlos gegen\u00fcber. Auch eine durchgemachte SARS-CoV-2-Infektion bietet nicht den gleichen Schutz wie eine Impfung.<\/p>\n\n\n\n<p class=\"has-small-font-size\">Nach S\u00e4tzen: L\u00dcGE und L\u00dcGE. L\u00dcGE &#8211; L\u00dcGE &#8211; L\u00dcGE. L\u00dcGE, L\u00dcGE, L\u00dcGE. L\u00dcGE, L\u00dcGE. L\u00dcGE. L\u00dcGE. An dem Absatz gibt es wirklich nichts, was nicht durch Daten und Fakten l\u00e4ngst widerlegt wurde. <\/p>\n\n\n\n<p>Unerw\u00fcnschte Wirkungen bei Impfstoffen (Nebenwirkungen) k\u00f6nnen grunds\u00e4tzlich bei allen Impfungen unabh\u00e4ngig vom Krankheitserreger oder Impfstoff auftreten, davon ist auch die COVID-19-Impfung nicht ausgenommen. Beschwerden wie zum Beispiel Schmerzen an der Einstichstelle oder grippe\u00e4hnliche Symptome (auch als Impfreaktionen bezeichnet) treten im Zusammenhang mit Impfungen h\u00e4ufiger auf und sind in der Regel kein Grund zur Sorge, sondern vielmehr ein Zeichen daf\u00fcr, dass das Immunsystem wie gew\u00fcnscht auf die Impfung reagiert.<\/p>\n\n\n\n<p class=\"has-small-font-size\">Reaktionen auf Impfungen, die in der Schwere den Reaktionen auf den Infekt entsprechen oder sogar \u00fcbersteigen &#8211; wie bei Covid-Impfungen statistisch vorhanden &#8211; sagen ziemlich deutlich, dass irgendetwas ganz beschissen l\u00e4uft. Und nein, das Immunsystem reagiert nicht wie gew\u00fcnscht auf die Impfung, sondern hat arge Probleme. Das ist derart weit neben den Impf-Paradigmen der letzten 100 Jahre, dass es gruselt. <\/p>\n\n\n\n<p>Die Erfahrungen mit vielen Impfstoffen \u00fcber viele Jahre haben gezeigt, dass die meisten Nebenwirkungen kurze Zeit, in der Regel innerhalb weniger Tage bis einige Wochen nach der Impfung auftreten. Impfstoffe werden auch nach der Zulassung durch das PEI weiter aktiv \u00fcberwacht, sodass hier immer mehr Erkenntnisse zur Langzeitsicherheit, insbesondere sehr seltenen Nebenwirkungen, in den unterschiedlichen Bev\u00f6lkerungsgruppen gewonnen werden.<\/p>\n\n\n\n<p class=\"has-small-font-size\">Auch das ist eine L\u00dcGE. Das PEI tut einen Schei\u00df und hat inzwischen, genau wie das RKI, die Statistiken vom Netz genommen, weil es sonst passieren k\u00f6nnte, dass die L\u00fcgerei dieser Betrugsinstitute doch mehr Menschen auffallen.<\/p>\n\n\n\n<p>Laut Bundeszentrale f\u00fcr gesundheitliche Aufkl\u00e4rung (BzgA) sind Nebenwirkungen, die unerwartet und erst lange Zeit (z. B. mehrere Jahre) nach der Impfung auftreten, bei noch keiner Impfung beobachtet worden und sind auch bei den COVID-19-Impfstoffen nicht zu erwarten. In der Vergangenheit kam es vor, dass sehr seltene Nebenwirkungen, die bei Geimpften kurz nach der Impfung auftraten, von Forschenden erst sp\u00e4ter erkannt wurden. Der Grund daf\u00fcr ist, dass sehr viele Menschen geimpft werden m\u00fcssen, um sehr seltene Nebenwirkungen aufzusp\u00fcren. In der Regel braucht das eine gewisse Zeit. Die COVID-19-Impfstoffe wurden in k\u00fcrzester Zeit an viele Menschen weltweit verabreicht. Deshalb k\u00f6nnen sehr seltene Nebenwirkungen schneller als sonst erkannt und beurteilt werden.<\/p>\n\n\n\n<p class=\"has-small-font-size\">Das ist nun eine der dreistesten L\u00fcgen im gesamten Text. Myokarditis und andere Herz-Kreislauf-Erkrankungen sind von vielen Impfungen bekannt und die Narkolepsie bei der Schweine-Grippe-Impfung, an der der Wiederholungst\u00e4ter Drosten ma\u00dfgeblich beteiligt war, trat definitiv erst Jahre sp\u00e4ter auf. Und gerade bei den Covid-Impfungen braucht es nicht viele Versuche. Die t\u00f6dlichen Folgen sind um einen Faktor bis zu 1000 gr\u00f6\u00dfer als bei jeder anderen Impfung. Lange beobachtet wird ohnehin nicht und das gr\u00f6\u00dfte Menschheitsverbrechen aller Zeiten liegt eben genau darin, dass ohne Kenntnis der Wirkungen (oder besser unter strikter Geheimhaltung der bekannten Risiken) Millionen geimpft wurden.<\/p>\n\n\n\n<p>Allen muss klar sein: Eine allgemeine Impfpflicht zumindest f\u00fcr \u00e4ltere Personen ist f\u00fcr die Vorbereitung auf die im Herbst zu erwartende n\u00e4chste Corona-Infektionswelle von zentraler Bedeutung. Denn das Risiko f\u00fcr einen schweren Verlauf von COVID-19 steigt mit zunehmendem Alter sowie beim Vorliegen bestimmter Vorerkrankungen.<\/p>\n\n\n\n<p>Wir hoffen, wir konnten Ihnen mit diesen Informationen weiterhelfen und w\u00fcnschen Ihnen weiterhin alles Gute, vor allem Gesundheit.<\/p>\n\n\n\n<p class=\"has-small-font-size\">Es scheint geraten, sich Gedanken dar\u00fcber zu machen, wie man reagiert, wenn der Todspritzer demn\u00e4chst vor der T\u00fcr steht. Gedanken laut zu \u00e4u\u00dfern oder auch nur in den Verdacht zu geraten wird in diesem Land allerdings von Tag zu Tag lebensgef\u00e4hrlicher \u00b9\u207e<\/p>\n\n\n\n<p>Mit freundlichen Gr\u00fc\u00dfen<\/p>\n\n\n\n<p>Ihre<\/p>\n\n\n\n<p>Servicestelle im<\/p>\n\n\n\n<p>Bayerischen Staatsministerium f\u00fcr Gesundheit und Pflege<\/p>\n\n\n\n<hr class=\"wp-block-separator\"\/>\n\n\n\n<p>Ich muss sagen, es f\u00e4llt schwer, dieses Land nicht mit aller Inbrunst zu hassen. Mit gelingt es nicht mehr. Derzeit satteln die Satanisten auch noch kr\u00e4ftig drauf:<\/p>\n\n\n\n<figure class=\"wp-block-image size-large\"><img loading=\"lazy\" decoding=\"async\" width=\"1018\" height=\"585\" src=\"https:\/\/gilbertbrands.de\/blog\/wp-content\/uploads\/2022\/05\/grafik-23.png\" alt=\"\" class=\"wp-image-7389\" srcset=\"https:\/\/gilbertbrands.de\/blog\/wp-content\/uploads\/2022\/05\/grafik-23.png 1018w, https:\/\/gilbertbrands.de\/blog\/wp-content\/uploads\/2022\/05\/grafik-23-300x172.png 300w, https:\/\/gilbertbrands.de\/blog\/wp-content\/uploads\/2022\/05\/grafik-23-768x441.png 768w\" sizes=\"auto, (max-width: 1018px) 100vw, 1018px\" \/><figcaption><a href=\"https:\/\/tkp.at\/2022\/05\/25\/affenpocken-impfung-myocarditis-bei-mehr-als-10-prozent-der-geimpften\/\">https:\/\/tkp.at\/2022\/05\/25\/affenpocken-impfung-myocarditis-bei-mehr-als-10-prozent-der-geimpften\/<\/a><\/figcaption><\/figure>\n\n\n\n<p>Rechnen wir hoch, wenn &#8211; wie zu erwarten &#8211; Euthanasie-Minister Lauterbach auch eine bundesweite Affenpocken-Impfung durchsetzt und weiterhin brav alle dort hin marschieren. Bei 82 Mio Einwohnern macht das ca. 50 Mio geimpfte (bei 60% Impfquote), von denen ca. 5 Mio an Myocarditis erkranken. Eine Behandlung ist bei der Anzahl nicht mehr m\u00f6glich. Statistisch sterben 50% innerhalb von 3-5 Jahren und die anderen haben auch nur begrenzte \u00dcberlebenschancen, besonders wenn eben \u00e4rztliche Hilfe gar nicht mehr m\u00f6glich ist. Das sind im schlimmsten Fall 1 Mio zus\u00e4tzliche (!) Tote pro Jahr. Da kann man nur noch sagen: blo\u00df keine Bagger als Hilfen an die Ukraine liefern, denn mit der Schaufel ist das nicht mehr zu bew\u00e4ltigen.<\/p>\n\n\n\n<hr class=\"wp-block-separator\"\/>\n\n\n\n<p>\u00b9\u207e Zumindest in Berlin gen\u00fcgt es inzwischen offenbar, anonym der Kritik am System denunziert zu werden &#8211; ob nun zutreffend oder nicht &#8211; oder die falschen Leute zu kennen, um die Verw\u00fcstung der eigenen Wohnung durch ein Terroristenkommado der so genannten Polizei zu riskieren:<\/p>\n\n\n\n<figure class=\"wp-block-image size-large\"><img loading=\"lazy\" decoding=\"async\" width=\"804\" height=\"348\" src=\"https:\/\/gilbertbrands.de\/blog\/wp-content\/uploads\/2022\/05\/grafik-24.png\" alt=\"\" class=\"wp-image-7391\" srcset=\"https:\/\/gilbertbrands.de\/blog\/wp-content\/uploads\/2022\/05\/grafik-24.png 804w, https:\/\/gilbertbrands.de\/blog\/wp-content\/uploads\/2022\/05\/grafik-24-300x130.png 300w, https:\/\/gilbertbrands.de\/blog\/wp-content\/uploads\/2022\/05\/grafik-24-768x332.png 768w\" sizes=\"auto, (max-width: 804px) 100vw, 804px\" \/><figcaption><a href=\"https:\/\/reitschuster.de\/post\/und-taeglich-gruesst-der-denunziant\/\">https:\/\/reitschuster.de\/post\/und-taeglich-gruesst-der-denunziant\/<\/a><\/figcaption><\/figure>\n\n\n\n<p>In der Art, wie sich die Aggressivit\u00e4t und \u00dcbergriffigkeit des Terrorstaates zuspitzt, d\u00fcrfte es wohl nur noch eine Frage der Zeit sein, bis erste Todesschwadronen nach s\u00fcdamerikanischem Muster unter Kritikern aufr\u00e4umen. <\/p>\n","protected":false},"excerpt":{"rendered":"<p>Eher saisonm\u00e4\u00dfig wurde die allgemeine Impfpflicht im Fr\u00fchjahr abgeblasen. Einige der Minister f\u00fcr Volksgesundheit und Euthanasie nehmen aber bereits jetzt einen neuen Anlauf, kr\u00e4ftig unterst\u00fctzt vom Bundesichfasseeswirklichenichtmehrgericht. Ein Anfrage, was die vorhaben, brachte folgendes Ergebnis (Kommentierung zwischen den Abs\u00e4tzen). Download Artikel als PDF<\/p>\n","protected":false},"author":1,"featured_media":0,"comment_status":"closed","ping_status":"closed","sticky":false,"template":"","format":"standard","meta":{"footnotes":""},"categories":[1],"tags":[],"class_list":["post-7388","post","type-post","status-publish","format-standard","hentry","category-allgemein"],"post_mailing_queue_ids":[],"_links":{"self":[{"href":"https:\/\/gilbertbrands.de\/blog\/wp-json\/wp\/v2\/posts\/7388","targetHints":{"allow":["GET"]}}],"collection":[{"href":"https:\/\/gilbertbrands.de\/blog\/wp-json\/wp\/v2\/posts"}],"about":[{"href":"https:\/\/gilbertbrands.de\/blog\/wp-json\/wp\/v2\/types\/post"}],"author":[{"embeddable":true,"href":"https:\/\/gilbertbrands.de\/blog\/wp-json\/wp\/v2\/users\/1"}],"replies":[{"embeddable":true,"href":"https:\/\/gilbertbrands.de\/blog\/wp-json\/wp\/v2\/comments?post=7388"}],"version-history":[{"count":2,"href":"https:\/\/gilbertbrands.de\/blog\/wp-json\/wp\/v2\/posts\/7388\/revisions"}],"predecessor-version":[{"id":7393,"href":"https:\/\/gilbertbrands.de\/blog\/wp-json\/wp\/v2\/posts\/7388\/revisions\/7393"}],"wp:attachment":[{"href":"https:\/\/gilbertbrands.de\/blog\/wp-json\/wp\/v2\/media?parent=7388"}],"wp:term":[{"taxonomy":"category","embeddable":true,"href":"https:\/\/gilbertbrands.de\/blog\/wp-json\/wp\/v2\/categories?post=7388"},{"taxonomy":"post_tag","embeddable":true,"href":"https:\/\/gilbertbrands.de\/blog\/wp-json\/wp\/v2\/tags?post=7388"}],"curies":[{"name":"wp","href":"https:\/\/api.w.org\/{rel}","templated":true}]}}