{"id":7228,"date":"2022-03-19T09:42:36","date_gmt":"2022-03-19T08:42:36","guid":{"rendered":"https:\/\/gilbertbrands.de\/blog\/?p=7228"},"modified":"2022-03-19T09:42:38","modified_gmt":"2022-03-19T08:42:38","slug":"hate-speech","status":"publish","type":"post","link":"https:\/\/gilbertbrands.de\/blog\/2022\/03\/19\/hate-speech\/","title":{"rendered":"Hate Speech ?"},"content":{"rendered":"\n<p>Karl Lauterbach aktuell zur Impfpflicht:<\/p>\n\n\n\n<figure class=\"wp-block-video\"><video controls src=\"https:\/\/gilbertbrands.de\/blog\/wp-content\/uploads\/2022\/03\/video_2022-03-19_09-17-38.mp4\"><\/video><\/figure>\n\n\n\n<!--more-->\n\n\n\n<p>Hate Speech ? Schlie\u00dflich ist Hate Speech ja inzwischen ein Grund, B\u00fcrger, die ihre Kritik zu laut \u00e4u\u00dfern, zur Kasse zu bitten oder einzusperren, <a href=\"https:\/\/www.ndr.de\/nachrichten\/hamburg\/Cum-Ex-Keine-Ermittlungen-gegen-Scholz-und-Tschentscher-,cumex442.html\">w\u00e4hrend die Ermittlungen gegen gewisse mutma\u00dfliche Betr\u00fcger ganz einfach eingestellt werden, weil die Stasi-Anw\u00e4lte Kartoffeln auf den Augen haben und nichts sehen k\u00f6nnen<\/a> (nebenbei: von den lukrativen Maskendeals der CDU-CSU-Abgeordneten und der Selbstbedienungsmentalit\u00e4t der Gr\u00fcnen h\u00f6rt man auch nichts mehr; Gro\u00dfe-Fresse-Korruptionsland, wie es leibt und lebt).<\/p>\n\n\n\n<p>Ist das Hate Speech? Muss Karl Lauterbach wegen Volksverhetzung belangt werden? Eigentlich schon, allerdings w\u00fcrde das Verfahren, wenn es denn stattfinden w\u00fcrde (Politiker d\u00fcrfen ja ungestraft hetzen, bis der Mund blutet), meiner Ansicht nach anders enden. Ich halte Lauterbach n\u00e4mlich f\u00fcr schuldunf\u00e4hig. Wenn man diese Auslassung neben die alleine der letzten 14 Tage legt, kann man nur zu dem Schluss kommen: der Mann ist hochgradig verwirrt (so wird das doch immer genannt, wenn jemand mutma\u00dflich schwer einen an der Waffel hat, oder?). Normalerweise w\u00fcrde ein Gericht, wenn es zu diesem Schluss kommt, psychiatrische Behandlung anordnen und den Betreffenden f\u00fcr nicht gesch\u00e4ftsf\u00e4hig erkl\u00e4ren. Wenn solche Menschen hier auch noch Minister spielen d\u00fcrfen und ein Parlament ihm zujubelt, sagt das eine Menge \u00fcber Gro\u00dfe-Fresse-Land aus, worauf ich aber aus Hate Speech Gr\u00fcnden besser nicht detailliert eingehe.<\/p>\n\n\n\n<p>Trotz allem drehen die so genannten Abgeordneten in Berlin weiterhin am Impfpflichtrad. Der hier sagt aber recht deutlich, um was es sich dabei wirklich handelt: <\/p>\n\n\n\n<figure class=\"wp-block-video\"><video controls src=\"https:\/\/gilbertbrands.de\/blog\/wp-content\/uploads\/2022\/03\/Impfpflicht_Todesstrafe.mp4\"><\/video><\/figure>\n\n\n\n<p>Ich zitiere mal: es handelt sich um Mord, und Mord ist Mord. Man kann dar\u00fcber sinnieren, ob man den Deutschen Bundestag in Deutschen Mordtag umbennent, sollten die das wirklich beschlie\u00dfen.<\/p>\n\n\n\n<p>Auch die Feinheiten drum herum muss man sich zu Gem\u00fcte f\u00fchren. Am 20.3.22 endet das IfSG, das, so daneben es auch ist, immerhin noch eine (entartete) Grundlage f\u00fcr die uns\u00e4glichen Verordnungen liefert. Die Verordnungsorgie geht aber trotzdem weiter, anscheinend auch ohne gesetzliche Grundlage und auch eine Impfpflicht auf Vorrat w\u00e4re eine letztlich durch Verordnungen und nicht durch ein Gesetz eingef\u00fchrte Impfpflicht. Ich meine, man sollte doch besser gleich N\u00e4gel mit K\u00f6pfen machen:<\/p>\n\n\n\n<ul class=\"wp-block-list\"><li>Aufl\u00f6sung des v\u00f6llig \u00fcberfl\u00fcssigen Bundestages.<\/li><li>Einsatz der dadurch frei werdenden 1,5 Mrd. \u20ac zur F\u00f6rderung der Ermordung ukrainischer und russischer Zivilisten durch Einsatzgruppen.<\/li><li>Umbenennung von &#8222;Verordnungen&#8220; in &#8222;F\u00fchrerbefehle&#8220;.<\/li><\/ul>\n","protected":false},"excerpt":{"rendered":"<p>Karl Lauterbach aktuell zur Impfpflicht: Download Artikel als PDF<\/p>\n","protected":false},"author":1,"featured_media":0,"comment_status":"closed","ping_status":"closed","sticky":false,"template":"","format":"standard","meta":{"footnotes":""},"categories":[1],"tags":[],"class_list":["post-7228","post","type-post","status-publish","format-standard","hentry","category-allgemein"],"post_mailing_queue_ids":[],"_links":{"self":[{"href":"https:\/\/gilbertbrands.de\/blog\/wp-json\/wp\/v2\/posts\/7228","targetHints":{"allow":["GET"]}}],"collection":[{"href":"https:\/\/gilbertbrands.de\/blog\/wp-json\/wp\/v2\/posts"}],"about":[{"href":"https:\/\/gilbertbrands.de\/blog\/wp-json\/wp\/v2\/types\/post"}],"author":[{"embeddable":true,"href":"https:\/\/gilbertbrands.de\/blog\/wp-json\/wp\/v2\/users\/1"}],"replies":[{"embeddable":true,"href":"https:\/\/gilbertbrands.de\/blog\/wp-json\/wp\/v2\/comments?post=7228"}],"version-history":[{"count":1,"href":"https:\/\/gilbertbrands.de\/blog\/wp-json\/wp\/v2\/posts\/7228\/revisions"}],"predecessor-version":[{"id":7231,"href":"https:\/\/gilbertbrands.de\/blog\/wp-json\/wp\/v2\/posts\/7228\/revisions\/7231"}],"wp:attachment":[{"href":"https:\/\/gilbertbrands.de\/blog\/wp-json\/wp\/v2\/media?parent=7228"}],"wp:term":[{"taxonomy":"category","embeddable":true,"href":"https:\/\/gilbertbrands.de\/blog\/wp-json\/wp\/v2\/categories?post=7228"},{"taxonomy":"post_tag","embeddable":true,"href":"https:\/\/gilbertbrands.de\/blog\/wp-json\/wp\/v2\/tags?post=7228"}],"curies":[{"name":"wp","href":"https:\/\/api.w.org\/{rel}","templated":true}]}}