{"id":7114,"date":"2022-01-24T08:18:38","date_gmt":"2022-01-24T07:18:38","guid":{"rendered":"https:\/\/gilbertbrands.de\/blog\/?p=7114"},"modified":"2022-01-24T08:18:38","modified_gmt":"2022-01-24T07:18:38","slug":"schlimmer-als-der-ns-staat","status":"publish","type":"post","link":"https:\/\/gilbertbrands.de\/blog\/2022\/01\/24\/schlimmer-als-der-ns-staat\/","title":{"rendered":"Schlimmer als der NS-Staat"},"content":{"rendered":"\n<p>Vergleiche mit NS-Deutschland dr\u00e4ngen sich schon eine geraume Zeit auf. &#8222;<strong>Solche Vergleiche sind unzul\u00e4ssig!<\/strong>&#8220; dr\u00f6hnt es stets aus den Reihen des Staatsfunks und der Politik. Verst\u00e4ndlich, denn inzwischen f\u00e4llt ein Vergleich qualitativ zu Gunsten des NS-Staates aus.<\/p>\n\n\n\n<!--more-->\n\n\n\n<p>&#8222;Qualitativ&#8220; bedeutet &#8222;rein formal&#8220; aus Sicht der aktiven Beteiligten. Aus Sicht der Opfer, also quantitativ, wird man ein Urteil erst in einigen Jahren f\u00e4llen k\u00f6nnen und wie das ausfallen wird, bleibt abzuwarten. Das eine oder andere Detail wie die Zerst\u00f6rung der Wirtschaft und die bereits 2019, also vor der Pandemie erfolgte Weichenstellung zur Enteignung der Bev\u00f6lkerung aufgrund von Impfsch\u00e4den l\u00e4sst allerdings bef\u00fcrchten, dass auch quantitativ der NS-Staat m\u00f6glicherweise besser abschneidet.<\/p>\n\n\n\n<p>Beginnen wir mit dem Beginn: am Anfang stand damals ein &#8222;Gesetz zur Wiederherstellung des Berufsbeamtentums&#8220;, das Juden aus dem \u00f6ffentlichen Leben katapultieren sollte, heute ein Infektionsschutzgesetz. Beides hatte in etwa die gleiche Wirkung: bestimmte Bev\u00f6lkerungsteile wurden willk\u00fcrlichen Pressalien unterworfen. Danach verabschiedete sich das damalige Parlament, der Reichstag, aus dem Reigen der Akteure, genau wie hier lange Zeit der Bundestag. \u00c4hnlich ist noch die Ausschaltung der Oppositionsparteien, die damals recht schnell abgeschlossen war, hier bis jetzt aber nur zu einer Blockbildung gef\u00fchrt hat, w\u00e4hrend die AfD immer noch existiert. Pluspunkt f\u00fcr heute? Meiner Ansicht nach eher ein Feigenbl\u00e4ttchen, da die Eingriffe heute noch tiefer gehen und man irgendein Hoffnungsventil stehen l\u00e4sst, dass nat\u00fcrlich nie aktiv wird.<\/p>\n\n\n\n<p>Weiter ging es mit willk\u00fcrlichen Verordnungen von Regierungsebene aus, wobei die Willk\u00fcr heute viel weiter geht, denn st\u00e4ndig wird daran geschraubt, ohne dass ein wirklicher Grund erkennbar w\u00e4re. Nach dem Brand des Reichstages fand keine Parlamentssitzung mehr statt. Hitler als Reichskanzler und Reichspr\u00e4sident hatte das nicht n\u00f6tig. Hier meldete sich 1,5 Jahre sp\u00e4ter das Parlament zur\u00fcck, um formal ein paar Beruhigungstabletten auszuteilen. Hitler und sein Regime hat nie einen Hehl darauf gemacht, wohin gewisse Dinge laufen sollen, gr\u00fcndlicher gelogen als die Parteien im Bundestag haben Parlamentarier aber wohl noch nie zuvor. Pluspunkt f\u00fcr den NS-Staat wegen Gradlinigkeit. <\/p>\n\n\n\n<p>Die NS-Rassengesetze haben wir l\u00e4ngst ebenfalls, allerdings mit ein paar Unterschieden: wurden die damals von der F\u00fchrungsclique verk\u00fcndet, macht das heute ein so genanntes Parlament. War damals eindeutig festgelegt, wer als Jude gilt, ist das heute ins Belieben der F\u00fchrungsclique gestellt: jeder kann nach Belieben vom Juden zum Arier und wieder zum Juden umdefiniert werden (Neusprech geimpft &#8211; ungeimpft). Die Entscheidungen treffen Leute in Minister\u00e4mtern, die inzwischen selbst in vielen Medien ganz offen als mutma\u00dflich manische Zwangsneurotiker bezeichnet werden. Die Nazis waren sicher verr\u00fcckt, aber nicht so offen verr\u00fcckt wie die F\u00fchrungsclique heute.<\/p>\n\n\n\n<p>Auch das &#8222;Gesetz zur Wiederherstellung &#8230;&#8220; erlebt st\u00e4ndig Neuauflagen, in dem f\u00fcr bestimmte Berufsgruppen ein Impfzwang auferlegt wird, verbunden mit arbeitsrechtlichen Erm\u00e4chtigungen von Unternehmen, die vor 2020 noch v\u00f6llig undenkbar gewesen w\u00e4ren. Offene N\u00f6tigung ist heute Standard und auch was das angeht schneidet der NS-Staat besser ab. Man wusste damals, worauf man sich einl\u00e4sst, w\u00e4hrend heute das korrekte Handeln jetzt das staatsfeindliche Handeln morgen bedeutet und die Konsequenzen &#8211; von einer durchgeknallten, auf Tilidin schwimmenden so genannte Polizei willk\u00fcrlich zusammen gepr\u00fcgelt &#8211; \u00e4hnlich sind. Und eben nicht verh\u00e4ngt durch eine kleine Regierungsclique, sondern durch ein so genanntes Parlament, das vorgibt, vom B\u00fcrger gew\u00e4hlt zu sein und seine Interessen zu vertreten. Gerade der Verrat an den hier betroffenen Gruppen kann eklatanter nicht sein.<\/p>\n\n\n\n<p>Eines hat es im NS-Staat nicht gegeben, n\u00e4mlich ein offizielles<\/p>\n\n\n\n<h5 class=\"has-text-align-center wp-block-heading\">Gesetz zur Ermordung von B\u00fcrgern<\/h5>\n\n\n\n<p>F\u00fcr die Mordaktionen des NS-Regimes existieren keine Gesetze, teilweise noch nicht einmal wirkliche schriftliche Anordnungen. Heute wird von einigen Abgeordneten exakt so ein Mordgesetz ins Parlament eingebracht. Es hei\u00dft &#8222;allgemeine Impfpflicht&#8220; oder so, aber es ist de fakto, wenn man sich die Wirkungen dieser gentechnischen Giftspritze anschaut, nichts anderes als ein den staatlichen Mord an seinen B\u00fcrgern legitimierenden Gesetzes. <\/p>\n\n\n\n<p>Die Dystopie wird weiter gehen, schon alleine, weil nach wie vor die Mehrheit der Bev\u00f6lkerung den eigenen Untergang nach wie vor bejubelt. Wie gut man noch aus diesem Winter herauskommt, ist fraglich, aber die Chancen, dass hier im n\u00e4chsten Herbst Zust\u00e4nde wie im Warschauer Ghetto herrschen, sind nicht gerade klein.<\/p>\n","protected":false},"excerpt":{"rendered":"<p>Vergleiche mit NS-Deutschland dr\u00e4ngen sich schon eine geraume Zeit auf. &#8222;Solche Vergleiche sind unzul\u00e4ssig!&#8220; dr\u00f6hnt es stets aus den Reihen des Staatsfunks und der Politik. Verst\u00e4ndlich, denn inzwischen f\u00e4llt ein Vergleich qualitativ zu Gunsten des NS-Staates aus. Download Artikel als PDF<\/p>\n","protected":false},"author":1,"featured_media":0,"comment_status":"closed","ping_status":"closed","sticky":false,"template":"","format":"standard","meta":{"footnotes":""},"categories":[1],"tags":[],"class_list":["post-7114","post","type-post","status-publish","format-standard","hentry","category-allgemein"],"post_mailing_queue_ids":[],"_links":{"self":[{"href":"https:\/\/gilbertbrands.de\/blog\/wp-json\/wp\/v2\/posts\/7114","targetHints":{"allow":["GET"]}}],"collection":[{"href":"https:\/\/gilbertbrands.de\/blog\/wp-json\/wp\/v2\/posts"}],"about":[{"href":"https:\/\/gilbertbrands.de\/blog\/wp-json\/wp\/v2\/types\/post"}],"author":[{"embeddable":true,"href":"https:\/\/gilbertbrands.de\/blog\/wp-json\/wp\/v2\/users\/1"}],"replies":[{"embeddable":true,"href":"https:\/\/gilbertbrands.de\/blog\/wp-json\/wp\/v2\/comments?post=7114"}],"version-history":[{"count":1,"href":"https:\/\/gilbertbrands.de\/blog\/wp-json\/wp\/v2\/posts\/7114\/revisions"}],"predecessor-version":[{"id":7115,"href":"https:\/\/gilbertbrands.de\/blog\/wp-json\/wp\/v2\/posts\/7114\/revisions\/7115"}],"wp:attachment":[{"href":"https:\/\/gilbertbrands.de\/blog\/wp-json\/wp\/v2\/media?parent=7114"}],"wp:term":[{"taxonomy":"category","embeddable":true,"href":"https:\/\/gilbertbrands.de\/blog\/wp-json\/wp\/v2\/categories?post=7114"},{"taxonomy":"post_tag","embeddable":true,"href":"https:\/\/gilbertbrands.de\/blog\/wp-json\/wp\/v2\/tags?post=7114"}],"curies":[{"name":"wp","href":"https:\/\/api.w.org\/{rel}","templated":true}]}}