{"id":7108,"date":"2022-01-22T06:42:00","date_gmt":"2022-01-22T05:42:00","guid":{"rendered":"https:\/\/gilbertbrands.de\/blog\/?p=7108"},"modified":"2022-01-21T07:02:55","modified_gmt":"2022-01-21T06:02:55","slug":"ard-zdf-heute","status":"publish","type":"post","link":"https:\/\/gilbertbrands.de\/blog\/2022\/01\/22\/ard-zdf-heute\/","title":{"rendered":"ARD\/ZDF heute"},"content":{"rendered":"\n<p>Es gab in der NS-Zeit eines der \u00fcbelsten jemals erschienenen Hetzbl\u00e4tter, den St\u00fcrmer, der mit Titeln wie den folgenden Punkte sammelte:<\/p>\n\n\n\n<!--more-->\n\n\n\n<figure class=\"wp-block-image size-large\"><img loading=\"lazy\" decoding=\"async\" width=\"925\" height=\"787\" src=\"https:\/\/gilbertbrands.de\/blog\/wp-content\/uploads\/2022\/01\/grafik-1.png\" alt=\"\" class=\"wp-image-7109\" srcset=\"https:\/\/gilbertbrands.de\/blog\/wp-content\/uploads\/2022\/01\/grafik-1.png 925w, https:\/\/gilbertbrands.de\/blog\/wp-content\/uploads\/2022\/01\/grafik-1-300x255.png 300w, https:\/\/gilbertbrands.de\/blog\/wp-content\/uploads\/2022\/01\/grafik-1-768x653.png 768w\" sizes=\"auto, (max-width: 925px) 100vw, 925px\" \/><\/figure>\n\n\n\n<p>Einer der Titel lautete<\/p>\n\n\n\n<figure class=\"wp-block-image\"><img decoding=\"async\" src=\"https:\/\/upload.wikimedia.org\/wikipedia\/commons\/7\/7e\/Der_St%C3%BCrmer_Juli_1933_Schlagzeile.jpg\" alt=\"Datei:Der St\u00fcrmer Juli 1933 Schlagzeile.jpg \u2013 Wikipedia\"\/><\/figure>\n\n\n\n<p>Zu Fritz Rosenfelder siehe <a href=\"https:\/\/de.wikipedia.org\/wiki\/Fritz_Rosenfelder\">https:\/\/de.wikipedia.org\/wiki\/Fritz_Rosenfelder<\/a><\/p>\n\n\n\n<p>Was hat das mit ARD und ZDF zu tun? Die notorische Hetze der \u00d6ffis gegen Impf- und andere Kritiker ist ja schon legend\u00e4r. Schauen wir uns ein Beispiel dazu an:<\/p>\n\n\n\n<p class=\"has-small-font-size\"><strong>[Weitergeleitet aus Eva Herman Offiziell]<br> Leserzuschrift an die Tagesschau &#8211; und die Antwort aus dem ARD-Hauptstadt-Studio<\/strong><\/p>\n\n\n\n<p>Nachricht des Zuschauers:<\/p>\n\n\n\n<p><strong>&#8222;Selbst die Impflicht f\u00fchrt ja dazu, dass man sich zum Schluss freiwillig impfen l\u00e4sst.&#8220; (Lauterbach)<\/strong> &#8211; Sie senden so etwas.<\/p>\n\n\n\n<p>Nachweislich. Ich weise darauf hin, dass Sie alle, die NICHT durch Widerspruch (also Schweigen oder Zustimmung) aufgefallen sind, zuk\u00fcnftig  pers\u00f6nlich haftend schwer bestraft werden nach Straf-, V\u00f6lker- und\/oder Kriegsrecht. Wenn es so weit ist, werde ich die Anklage nach Kr\u00e4ften  unterst\u00fctzen, um Sie Ihrer gerechten Strafe zuzuf\u00fchren. International verb\u00fcnden sich derzeit die funktionierenden Reste der Gerichtsbarkeit  und initiieren so etwas wie &#8222;N\u00fcrnberger Prozesse&#8220;, um das Unrecht aufzuarbeiten. Viel Gl\u00fcck!<\/p>\n\n\n\n<p>?Und hier die Antwort aus dem ARD-Hauptstadt-Studio:<\/p>\n\n\n\n<p>Sehr geehrter Herr \u2026,<\/p>\n\n\n\n<p>vielen Dank f\u00fcr ihre Reaktion.<\/p>\n\n\n\n<p>Auch ich finde die Aussage von Minister Lauterbach bemerkenswert, aber in ganz anderer Hinsicht: Willkommen in der Demokratie und im Rechtstaat! Nat\u00fcrlich bedeutet &#8222;Impfpflicht&#8220; in einem Land wie der Bundesrepublik nicht das gleiche wie vielleicht in autorit\u00e4ren Regimen.<\/p>\n\n\n\n<p>Menschen werden hier gl\u00fccklicherweise auch bei staatlicherseits festgelegten &#8222;Verpflichtungen&#8220; nicht k\u00f6rperlich fixiert und bekommen anschlie\u00dfend auch nicht die Nadel in den Arm gerammt. Dieses Bild wird unter Impfskeptikern m\u00f6glicherweise gern bem\u00fcht, hat aber mit der Realit\u00e4t in unserem demokratisch verfassten Land zum Gl\u00fcck nichts zu tun.<\/p>\n\n\n\n<p>Vielmehr bringt Lauterbach mit seiner Aussage auf den Punkt, worauf die Impfpflicht hinaus l\u00e4uft: Es wird noch unangenehmer f\u00fcr Ungeimpfte. Der Staat setzt Regeln (\u00fcbrigens unter parlamentarischer Kontrolle), er wird nachfragen, pr\u00fcfen und m\u00f6glicherweise Sanktionen verh\u00e4ngen. Am Ende aber bleibt die Freiheit: sich doch endlich f\u00fcr eine Impfung zu entscheiden oder eben mit den Sanktionen zu leben, wie weit diese im Einzelfall auch gehen m\u00f6gen.<\/p>\n\n\n\n<p>Mit freundlichen Gr\u00fc\u00dfen<\/p>\n\n\n\n<p>Tom Schneider<br>\nFernsehkorrespondent<br>\nARD Hauptstadtstudio<br>\nwww.ard-hauptstadtstudio.de<\/p>\n\n\n\n<hr class=\"wp-block-separator\"\/>\n\n\n\n<p>N\u00f6tigung zum Selbstmord, entweder direkt oder durch eine staatliche Giftspritze &#8211; genau so war die Haltung der Redakteure beim St\u00fcrmer. ARD und ZDF unterscheiden sich nicht wesentlich von den NS-Hetzmedien. Selbst der Titel &#8222;<strong><em>\u00d6RR im Kampfe um die Wahrheit<\/em><\/strong>&#8220; ist vom St\u00fcrmer gekupfert.<\/p>\n","protected":false},"excerpt":{"rendered":"<p>Es gab in der NS-Zeit eines der \u00fcbelsten jemals erschienenen Hetzbl\u00e4tter, den St\u00fcrmer, der mit Titeln wie den folgenden Punkte sammelte: Download Artikel als PDF<\/p>\n","protected":false},"author":1,"featured_media":0,"comment_status":"closed","ping_status":"closed","sticky":false,"template":"","format":"standard","meta":{"footnotes":""},"categories":[1],"tags":[],"class_list":["post-7108","post","type-post","status-publish","format-standard","hentry","category-allgemein"],"post_mailing_queue_ids":[],"_links":{"self":[{"href":"https:\/\/gilbertbrands.de\/blog\/wp-json\/wp\/v2\/posts\/7108","targetHints":{"allow":["GET"]}}],"collection":[{"href":"https:\/\/gilbertbrands.de\/blog\/wp-json\/wp\/v2\/posts"}],"about":[{"href":"https:\/\/gilbertbrands.de\/blog\/wp-json\/wp\/v2\/types\/post"}],"author":[{"embeddable":true,"href":"https:\/\/gilbertbrands.de\/blog\/wp-json\/wp\/v2\/users\/1"}],"replies":[{"embeddable":true,"href":"https:\/\/gilbertbrands.de\/blog\/wp-json\/wp\/v2\/comments?post=7108"}],"version-history":[{"count":1,"href":"https:\/\/gilbertbrands.de\/blog\/wp-json\/wp\/v2\/posts\/7108\/revisions"}],"predecessor-version":[{"id":7110,"href":"https:\/\/gilbertbrands.de\/blog\/wp-json\/wp\/v2\/posts\/7108\/revisions\/7110"}],"wp:attachment":[{"href":"https:\/\/gilbertbrands.de\/blog\/wp-json\/wp\/v2\/media?parent=7108"}],"wp:term":[{"taxonomy":"category","embeddable":true,"href":"https:\/\/gilbertbrands.de\/blog\/wp-json\/wp\/v2\/categories?post=7108"},{"taxonomy":"post_tag","embeddable":true,"href":"https:\/\/gilbertbrands.de\/blog\/wp-json\/wp\/v2\/tags?post=7108"}],"curies":[{"name":"wp","href":"https:\/\/api.w.org\/{rel}","templated":true}]}}