{"id":7083,"date":"2022-01-05T10:03:54","date_gmt":"2022-01-05T09:03:54","guid":{"rendered":"https:\/\/gilbertbrands.de\/blog\/?p=7083"},"modified":"2022-01-05T10:03:55","modified_gmt":"2022-01-05T09:03:55","slug":"voelkermord-an-den-europaeern","status":"publish","type":"post","link":"https:\/\/gilbertbrands.de\/blog\/2022\/01\/05\/voelkermord-an-den-europaeern\/","title":{"rendered":"V\u00f6lkermord an den Europ\u00e4ern"},"content":{"rendered":"\n<p>V\u00f6lkermord ist eine ernste Sache. Sowohl f\u00fcr die Ermordeten  als auch die M\u00f6rder selbst, die einiges an M\u00fche zu investieren haben. Obwohl seit 1948 durch internationale Abkommen strafrechtlich verfolgt feiert er weiterhin fr\u00f6hliche Urst\u00e4nd, auch und besonders in Europa.<\/p>\n\n\n\n<!--more-->\n\n\n\n<p>V\u00f6lkermord hat eine ganze Reihe verschiedener Facetten, wobei auch die einzelnen Facetten bereits als V\u00f6lkermord angesehen werden. Die unscheinbarste Facette ist wohl die Vernichtung der kulturellen Identit\u00e4t eines Volkes. Auch dieser Vorgang wird aber bereits als justiziabler V\u00f6lkermord betrachtet.<\/p>\n\n\n\n<p>In Europa l\u00e4uft das schon eine ganze Weile ab. In Deutschland als Kriegsverlierer beschleunigter als woanders, aber auch Frankreich, Schweden, D\u00e4nemark, die Niederlande und andere sind betroffen. Wenn eine Aydan \u00d6zugus &#8211; der Name ist anscheinend Programm &#8211; sich hinstellen und behaupten kann<\/p>\n\n\n\n<blockquote class=\"wp-block-quote is-layout-flow wp-block-quote-is-layout-flow\"><p>Eine deutsche Kultur ist nicht identifizierbar<\/p><cite><a href=\"https:\/\/www.achgut.com\/artikel\/eine_deutsche_kultur_ist_nicht_identifizierbar\">https:\/\/www.achgut.com\/artikel\/eine_deutsche_kultur_ist_nicht_identifizierbar<\/a><\/cite><\/blockquote>\n\n\n\n<p>dann kann man dazu nur anmerken:<\/p>\n\n\n\n<ol class=\"wp-block-list\"><li>Das ist eine unglaubliche Frechheit einer hier hochgep\u00e4ppelten Zugezogenen und vergleichbar mit der genauso unversch\u00e4mten, verwerflichen und vermutlich &#8211; wenn Ernst gemeint &#8211; justiziablen Frage, ob ihr Name eine Anspielung auf eine sexuelle Handlung ist, die mit vollem Mund ausgesprochen wird.<\/li><li>Die Frau hat absolut Recht! Es gibt sp\u00e4testens jetzt, 2022, keine Deutsche Kultur mehr.<\/li><\/ol>\n\n\n\n<p>\u00dcber Jahre hinweg wurde die deutsche Kultur ausgeh\u00f6hlt, auch und besonders immer mehr, was die Sprache angeht. Eine Masterarbeit in der Physik, in der &#8222;Elektron&#8220; im Plural nicht korrekt gegendert wird (m\/w\/s\/l\/&#8230;), hat inzwischen kaum noch eine Chance auf eine bessere Note als 4.0, unabh\u00e4ngig vom physikalischen Inhalt. Gecancelt werden auch Stra\u00dfennamen, Gerichte in Restaurants, B\u00fccherinhalte, Bezeichnungen von Gem\u00e4lden, &#8230; und wer heute den Nachnamen &#8222;Neger&#8220; f\u00fchrt, hat mehr Probleme als vor 40 Jahren eine Aydan \u00d6zugus beim Versuch, mit Kopftuch und einem solchen Namen ein Haus in einer Schicky-Micky-Siedlung am Starnberger See oder auf Sylt zu mieten. <\/p>\n\n\n\n<p>Bereits seit Jahren werden auch die K\u00fcnstler verschiedener Gattungen auf Einheitskultur gedrillt &#8211; mit der Folge, dass eine Karte in einem vom Staat getragenen Theaterbetrieb nicht nur 50\u20ac kostet, sondern mit weiteren 150\u20ac bezuschusst werden muss, weil niemand den Scheiss anschauen will. Corona hat nun den Rest erledigt: Volksfeste, Volksmusik, Karneval, Silvester, Jahrm\u00e4rkte, Weihnachtsm\u00e4rkte &#8211; alles weg. No culture in Germany, Frau \u00d6zugus hat vollst\u00e4ndig Recht.<\/p>\n\n\n\n<p>V\u00f6lkermord findet auch statt, wenn die wirtschaftliche Grundlage beseitigt wird &#8211; und das wird sie. Die Filetst\u00fccke der deutsche Industrie werden gerade im Klimawahn nachhaltig geschlachtet, aber schon seit l\u00e4ngerem d\u00fcrfte klar sein: wenn China nicht st\u00e4ndig neue Fernseher liefern w\u00fcrde, g\u00e4be es schon l\u00e4ngst keine GEZ-Geb\u00fchr mehr, da niemand den Scheiss sehen k\u00f6nnte, weil hier niemand in der Lage ist, so ein Ger\u00e4t zu bauen. Und das gilt f\u00fcr mehr als 90% aller Produkte: nicht hier hergestellt, kann hier auch nicht repariert werden, bitte neues Ger\u00e4t aus China kaufen.<\/p>\n\n\n\n<p>Damit das so bleibt, muss als weiterer Baustein im V\u00f6lkermordbaukasten die Bildung torpediert werden. Auch das durchaus erfolgreich: schon seit Jahren sind viele europ\u00e4ische Staaten kaum noch auf einem h\u00f6heren Niveau als viele Entwicklungsl\u00e4nder. Wer heute studiert, kann rechnen, schreiben oder lesen, mit exklusivem Oder, als entweder &#8230; oder &#8230; oder &#8230; Auch die Hochschulen sind auf Ramschniveau angekommen. Damit das so bleibt, erleben die meisten Sch\u00fcler seit fast zwei Jahren die Schule als H\u00f6lle auf Erden, durchgezogen von einer Lehrerschaft, die ihren Beruf wohl eher aus der Neigung zum Qu\u00e4len von Kindern ergriffen hat als aus anderen.<\/p>\n\n\n\n<p>Wenn man da angekommen ist, kann man auch noch einen Schritt weitergehen und einen Teil der Lebensgrundlage, die Energieversorgung, sabotieren. Das muss man wohl nicht weiter kommentieren; es ist wohl eher erstaunlich, dass das meiste trotz allem noch funktioniert. Aber der Eindruck t\u00e4uscht: in den Privathaushalten funktioniert bislang das meiste noch, in den Industrieunternehmen schon lange nicht mehr. Die m\u00fcssen sich schon seit Jahren regelm\u00e4\u00dfig Abschaltungen gefallen lassen. <\/p>\n\n\n\n<p>Inzwischen ist man auch bei der letzten Stufe des V\u00f6lkermords, der K\u00f6nigsdisziplin, der physischen Vernichtung des Volkes angekommen. Die Impfung &#8211; in Wahrheit eine experimentelle Gentherapie &#8211; die in noch wahrheitlicherer Wahrheit gar nicht experimentell ist, sondern deren Wirkungen den Pharmaunternehmen und Verbrechern wie Fauci u.a. genau bekannt sind, wie in Senatsanh\u00f6rungen in den USA immer mehr zum Vorschein kommt &#8211; soll es richten. L\u00e4uft anscheinend leider nicht so reibungslos wie erwartet, weil sich immer noch viele weigern, sich tot spritzen zu lassen. Trotzdem ein Erfolg: der Bodycount alleine f\u00fcr Deutschland bel\u00e4uft sich bislang, knapp ein Jahr nach Beginn der Aktion, auf 15.000 &#8211; 30.000 Impftote, ein Zahlenbereich, in den man mit den verschiedensten Ans\u00e4tzen immer wieder landet, unabh\u00e4ngig von den offiziellen L\u00fcgen. Und nach allem, was die so genannten Verschw\u00f6rungstheoretiker bef\u00fcrchten, hat es noch nicht mal richtig begonnen. Bislang hatten sie mit den Verschw\u00f6rungstheorien recht. Es steht zu bef\u00fcrchten, dass das so bleibt.<\/p>\n\n\n\n<p>Medien und Politik sind bislang der Ansicht<\/p>\n\n\n\n<h4 class=\"wp-block-heading\">Ceterum censeo genocidia complendam esse<\/h4>\n\n\n\n<p>Mal sehen, wer \u00fcberlebt.<\/p>\n\n\n\n<hr class=\"wp-block-separator\"\/>\n\n\n\n<p class=\"has-small-font-size\">Bilanz im pers\u00f6nlichen Bekanntenkreis: 2 symptomatisch an Corona Erkrankten, beide genesen und wieder voll auf dem Damm, stehen 2 Schwergesch\u00e4digte gegen\u00fcber, denen trotz vorhandener Kapazit\u00e4ten im Krankenhaus die Behandlung verweigert wurde, sowie eine Verstorbene aus den gleichen Gr\u00fcnden. Eine weitere Person liegt aufgrund von Impfsch\u00e4den seit 5 Monaten in einer Spezialklinik, bislang ohne Aussicht auf Besserung, eine weitere Person ist an mutma\u00dflichen Impfsch\u00e4den vor einigen Tagen verstorben.<\/p>\n\n\n\n<p class=\"has-normal-font-size\"><strong>Spielstand: Corona: 2 &#8211; V\u00f6lkermord: 5<\/strong><\/p>\n\n\n\n<p class=\"has-small-font-size\"><a href=\"https:\/\/www.voelkermordkonvention.de\/\">https:\/\/www.voelkermordkonvention.de\/<\/a><\/p>\n","protected":false},"excerpt":{"rendered":"<p>V\u00f6lkermord ist eine ernste Sache. Sowohl f\u00fcr die Ermordeten als auch die M\u00f6rder selbst, die einiges an M\u00fche zu investieren haben. Obwohl seit 1948 durch internationale Abkommen strafrechtlich verfolgt feiert er weiterhin fr\u00f6hliche Urst\u00e4nd, auch und besonders in Europa. Download Artikel als PDF<\/p>\n","protected":false},"author":1,"featured_media":0,"comment_status":"closed","ping_status":"closed","sticky":false,"template":"","format":"standard","meta":{"footnotes":""},"categories":[1],"tags":[],"class_list":["post-7083","post","type-post","status-publish","format-standard","hentry","category-allgemein"],"post_mailing_queue_ids":[],"_links":{"self":[{"href":"https:\/\/gilbertbrands.de\/blog\/wp-json\/wp\/v2\/posts\/7083","targetHints":{"allow":["GET"]}}],"collection":[{"href":"https:\/\/gilbertbrands.de\/blog\/wp-json\/wp\/v2\/posts"}],"about":[{"href":"https:\/\/gilbertbrands.de\/blog\/wp-json\/wp\/v2\/types\/post"}],"author":[{"embeddable":true,"href":"https:\/\/gilbertbrands.de\/blog\/wp-json\/wp\/v2\/users\/1"}],"replies":[{"embeddable":true,"href":"https:\/\/gilbertbrands.de\/blog\/wp-json\/wp\/v2\/comments?post=7083"}],"version-history":[{"count":1,"href":"https:\/\/gilbertbrands.de\/blog\/wp-json\/wp\/v2\/posts\/7083\/revisions"}],"predecessor-version":[{"id":7084,"href":"https:\/\/gilbertbrands.de\/blog\/wp-json\/wp\/v2\/posts\/7083\/revisions\/7084"}],"wp:attachment":[{"href":"https:\/\/gilbertbrands.de\/blog\/wp-json\/wp\/v2\/media?parent=7083"}],"wp:term":[{"taxonomy":"category","embeddable":true,"href":"https:\/\/gilbertbrands.de\/blog\/wp-json\/wp\/v2\/categories?post=7083"},{"taxonomy":"post_tag","embeddable":true,"href":"https:\/\/gilbertbrands.de\/blog\/wp-json\/wp\/v2\/tags?post=7083"}],"curies":[{"name":"wp","href":"https:\/\/api.w.org\/{rel}","templated":true}]}}