{"id":6860,"date":"2021-11-23T06:45:00","date_gmt":"2021-11-23T05:45:00","guid":{"rendered":"https:\/\/gilbertbrands.de\/blog\/?p=6860"},"modified":"2021-11-19T07:32:42","modified_gmt":"2021-11-19T06:32:42","slug":"bruchstuecke-des-irrsinns","status":"publish","type":"post","link":"https:\/\/gilbertbrands.de\/blog\/2021\/11\/23\/bruchstuecke-des-irrsinns\/","title":{"rendered":"Bruchst\u00fccke des Irrsinns"},"content":{"rendered":"\n<h4 class=\"wp-block-heading\">Northstream II<\/h4>\n\n\n\n<p>Die Gaspreise steigen rasant, die L\u00e4ger sind ziemlich leer, die Niederl\u00e4nder und Norweger drosseln die Produktion und die USA, die jahrelang Northstream II verhindert hat, um ihr Fracking-Gas zu verkaufen, liefert derzeit nur nach Asien, weil dort besser bezahlt wird. Aber zum Gl\u00fcck ist Northstream II ja fertig geworden.<\/p>\n\n\n\n<!--more-->\n\n\n\n<p>Fertig ja, aber nicht Betrieb. Nach Jahren der Planung und des Baus hat die Bundesnetzagentur n\u00e4mlich jetzt festgestellt, dass die Betreiberfirma, die ihren Sitz in der Schweiz hat, ein Unternehmen nach deutschen Recht sein muss. Die Inbetriebnahme der Pipeline wurde deshalb untersagt. Bis eine entsprechende Unternehmens\u00e4nderung durch ist, d\u00fcrfte es durchaus April werden und dann braucht man das Gas eigentlich nicht mehr so n\u00f6tig &#8230;.<\/p>\n\n\n\n<h4 class=\"wp-block-heading\">Impfpflicht<\/h4>\n\n\n\n<p>Die Covid-Impfpflicht wird kommen. Viele fordern das, auch Unternehmen, aber keiner stellt das in Frage. Eigentlich erstaunlich.<\/p>\n\n\n\n<p>Eine Impfpflicht gibt es bislang nur f\u00fcr Masern. Die Masern-Schutzimpfung ist eine regul\u00e4re, \u00fcber Jahrzehnte erprobte Impfung, die lebenslange Immunit\u00e4t verleiht und relativ ungef\u00e4hrlich ist, weil sie nach offiziellen Statistiken in einem Jahr nur so viele Impfopfer produziert wie die Masern in f\u00fcnf Jahren, aber einige Nebenwirkungen von Masern nicht aufweist.\u00b9\u207e <\/p>\n\n\n\n<p>Kleine Sch\u00f6nheitsfehler:<\/p>\n\n\n\n<ol class=\"wp-block-list\"><li>Es gibt keinen einzelnen Masernimpfstoff. Es gibt ihn nur im 4er-Pack mit 3 anderen Impfstoffen. Mit der Masernpflichtimpfung wird man zur Impfung mit 3 anderen Impfstoffen gezwungen, f\u00fcr die keine Impfpflicht besteht, die man als ablehnen kann, aber nur in der Theorie.<\/li><li>Selbst das durch und durch korrupte Bundesverfassungsgericht hat sich bislang vor einer Entscheidung gedr\u00fcckt, ob die Impfpflicht grundgesetzkonform ist. Die Pflichtimpfung gegen Masern ist somit rechtlich alles andere als eine Pflicht und wer es richtig anpackt, kann dem Staat eine Menge Geld aus den Rippen leiern, sollte die Pflicht nicht best\u00e4tigt werden.<\/li><\/ol>\n\n\n\n<p>Das muss man jetzt mit der Covid-Pflichtimpfung in Relation setzen: ein experimenteller Impfstoff, der nachweislich keinerlei Immunit\u00e4t verleiht, nur eine Notfallzulassung besitzt, fast die 1000-fache Anzahl an Todesf\u00e4llen verusacht \u00b9\u207e und \u00fcber den keinerlei Daten \u00fcber Langfristfolgen vorliegen. Und alle werden brav nicken, wenn eine Impfpflicht kommt, statt den Stinkefinger zu zeigen.<\/p>\n\n\n\n<h4 class=\"wp-block-heading\">Impfen, Impfen, Impfen<\/h4>\n\n\n\n<p>&#8222;Booster nur ab 60&#8220; so die StIKo. Ein paar Tage sp\u00e4ter: &#8222;Booster ab 18&#8220;, weil die Impfung nur <s>12 , 6 ,<\/s> 4 Monate sch\u00fctzt. Bei den meisten 18-J\u00e4hrigen ist die Impfung aber weniger als 4 Monate her, trotzdem Booster.<\/p>\n\n\n\n<p>Die Impfung der 12-18-J\u00e4hrigen ist noch gar nicht so lange im Gang, da ist schon die 10-fache Anzahl an Jugendlichen im unmittelbaren Zusammenhang mit der Impfung verstorben wie in 2 Jahren Covid.\u00b9\u207e Trotzdem wird die StIKo jetzt die Impfung f\u00fcr die 6-12-J\u00e4hrigen empfehlen. Die Impfbusse werden ab Januar vor den Grundschulen stehen. Die Aufkl\u00e4rung der Kleinen l\u00e4uft schon: &#8222;<strong><em>Die Schanktall kricht so eine schicke \u00c4pp auf ihr H\u00e4ndi, weil sie sich impfen l\u00e4sst! Das will ich auch haben!<\/em><\/strong>&#8222;<\/p>\n\n\n\n<p>Derweil laufen die Kinderkliniken voll, wie man allerdings nur durch anonyme Mitarbeitermeldungen erf\u00e4hrt: Myokarditis, Perikarditis, Blutkrebs, Milzerkrankungen und allerlei anderes, in der Reihenfolge. Offiziell wird das unterdr\u00fcckt: eine Klinik in Ostdeutschland hat auf einige Totenscheine &#8222;Folge der Impfung&#8220; geschrieben, worauf die Bullen in der Klinik und bei den Angeh\u00f6rigen eine Hausdurchsuchung durchgef\u00fchrt und alle Unterlagen beschlagnahmt haben. Auch anderswo werden Leichen schnell verbrannt, bevor genauere Untersuchungen durchgef\u00fchrt werden k\u00f6nnen.<\/p>\n\n\n\n<h4 class=\"wp-block-heading\">Schule<\/h4>\n\n\n\n<p>Ein Ehepaar aus Hannover hat vor Gericht das Recht auf eine &#8222;erdnussfreie Schule&#8220; erstritten. Kein Witz! Es reicht nicht, dass die Eltern dem Balg Nahrung ohne Erdnusszutaten mitgeben, auch nicht, dass die Schule das wei\u00df und f\u00fcr eine entsprechende Di\u00e4t sorgt, nein, anscheinend ist das Balg obendrein auch noch so verbl\u00f6det, Mitsch\u00fcler um ein St\u00fcck vom Snickers-Riegel zu bitten, weshalb die auch keine erdnusshaltigen Sachen mehr mitbringen d\u00fcrfen. Zus\u00e4tzlich zum t\u00e4glichen C-Schnelltest m\u00fcssen jetzt vermutlich alle Taschen kontrolliert werden, ob jemand einen Energie-Riegel bei sich hat.<\/p>\n\n\n\n<p>In eine Hamburger Schule treibt ein &#8222;verhaltensauff\u00e4lliges&#8220; Kind sein Unwesen, im Klartext: es verpr\u00fcgelt willk\u00fcrlich Mitsch\u00fcler (die sich wie immer nicht wehren anstatt dem Idioten mal zu zeigen, wo der Frosch die Locken hat). Beschwerden der Eltern bei der Schullleitung n\u00fctzen nichts: die Schule hatte vor einigen Jahren einen \u00e4hnlichen Fall und den Sch\u00fcler von der Schule verwiesen, worauf der ein paar Monate sp\u00e4ter seinen Adoptivvater abstach. Nach rot-gr\u00fcner Diktion trifft die Schule die Schuld: h\u00e4tte sie ihn nicht der Schule verwiesen, h\u00e4tte er nicht gemordet. Also kann die Schule jetzt nichts machen. Jedenfalls fast nichts: gegen das Pr\u00fcgeln kann sie nicht einschreiten, hat den Sch\u00fcler aber bereits mehrfach von den Eltern abholen lassen, weil der die Corona-Abstandsregeln verletzt hat. Noch Fragen?<\/p>\n\n\n\n<h4 class=\"wp-block-heading\">Schweden<\/h4>\n\n\n\n<p>Man muss bekanntlich 18 sein, um eine Flasche Schnaps oder eine Packung Zigaretten k\u00e4uflich erwerben zu d\u00fcrfen. Was Gr\u00fcne und Rote nicht hindert, nach dem Wahlrecht ab 12 auch das ab 6 oder 7 zu fordern. <\/p>\n\n\n\n<p>Schweden toppt das noch durch ein Gesetz, dass Geschlechtsumbauten ab 12 Jahren erm\u00f6glicht. Also Pubert\u00e4t und der ganze Kram gerade angefangen, aber jedes Kind ist trotzdem zu irreversiblen Umbauten aus irgendeiner Laune heraus berechtigt.<\/p>\n\n\n\n<hr class=\"wp-block-separator\"\/>\n\n\n\n<p>Trotzdem man schon einiges gewohnt ist, fasst man sich an den Kopf bei solchen Sachen. Weil der Kopf der Sitz des Verstandes ist. Rote und Gr\u00fcne fassen sich vermutlich inzwischen in den Schritt, weil die dort siedelnden Genitalpilze wohl das Intelligenteste an diesen Gestalten sind. <\/p>\n\n\n\n<hr class=\"wp-block-separator\"\/>\n\n\n\n<p>\u00b9\u207e Die Zahlen sind kein Verdreher. <\/p>\n","protected":false},"excerpt":{"rendered":"<p>Northstream II Die Gaspreise steigen rasant, die L\u00e4ger sind ziemlich leer, die Niederl\u00e4nder und Norweger drosseln die Produktion und die USA, die jahrelang Northstream II verhindert hat, um ihr Fracking-Gas zu verkaufen, liefert derzeit nur nach Asien, weil dort besser bezahlt wird. Aber zum Gl\u00fcck ist Northstream II ja fertig geworden. Download Artikel als PDF<\/p>\n","protected":false},"author":1,"featured_media":0,"comment_status":"closed","ping_status":"closed","sticky":false,"template":"","format":"standard","meta":{"footnotes":""},"categories":[1],"tags":[],"class_list":["post-6860","post","type-post","status-publish","format-standard","hentry","category-allgemein"],"post_mailing_queue_ids":[],"_links":{"self":[{"href":"https:\/\/gilbertbrands.de\/blog\/wp-json\/wp\/v2\/posts\/6860","targetHints":{"allow":["GET"]}}],"collection":[{"href":"https:\/\/gilbertbrands.de\/blog\/wp-json\/wp\/v2\/posts"}],"about":[{"href":"https:\/\/gilbertbrands.de\/blog\/wp-json\/wp\/v2\/types\/post"}],"author":[{"embeddable":true,"href":"https:\/\/gilbertbrands.de\/blog\/wp-json\/wp\/v2\/users\/1"}],"replies":[{"embeddable":true,"href":"https:\/\/gilbertbrands.de\/blog\/wp-json\/wp\/v2\/comments?post=6860"}],"version-history":[{"count":1,"href":"https:\/\/gilbertbrands.de\/blog\/wp-json\/wp\/v2\/posts\/6860\/revisions"}],"predecessor-version":[{"id":6861,"href":"https:\/\/gilbertbrands.de\/blog\/wp-json\/wp\/v2\/posts\/6860\/revisions\/6861"}],"wp:attachment":[{"href":"https:\/\/gilbertbrands.de\/blog\/wp-json\/wp\/v2\/media?parent=6860"}],"wp:term":[{"taxonomy":"category","embeddable":true,"href":"https:\/\/gilbertbrands.de\/blog\/wp-json\/wp\/v2\/categories?post=6860"},{"taxonomy":"post_tag","embeddable":true,"href":"https:\/\/gilbertbrands.de\/blog\/wp-json\/wp\/v2\/tags?post=6860"}],"curies":[{"name":"wp","href":"https:\/\/api.w.org\/{rel}","templated":true}]}}