{"id":6819,"date":"2021-11-17T08:10:00","date_gmt":"2021-11-17T07:10:00","guid":{"rendered":"https:\/\/gilbertbrands.de\/blog\/?p=6819"},"modified":"2021-11-16T09:11:59","modified_gmt":"2021-11-16T08:11:59","slug":"pogrome-in-sicht","status":"publish","type":"post","link":"https:\/\/gilbertbrands.de\/blog\/2021\/11\/17\/pogrome-in-sicht\/","title":{"rendered":"Pogrome in Sicht !"},"content":{"rendered":"\n<p>Das Corona-Narrativ bricht t\u00e4glich faktenm\u00e4\u00dfig mehr in sich zusammen:<\/p>\n\n\n\n<ul class=\"wp-block-list\"><li>Die so genannte Impfung weist keinerlei Schutzeffekte auf.<\/li><li>Sie sch\u00e4digt das Immunsystem und macht anf\u00e4llig f\u00fcr andere Krankheiten.<\/li><li>Sie hat hohe Sterbezahlen und viele lebenslange Behinderungen als unmittelbare Folge, besonders bei Kindern, Jugendlichen und j\u00fcngeren Erwachsenen.<\/li><li>Sie ist eine Abtreibungsspritze und sch\u00e4digt oder t\u00f6tet S\u00e4uglinge w\u00e4hrend der Stillzeit.<\/li><li>Die Sp\u00e4tfolgen sind unabsehbar und d\u00fcrften ab dem Fr\u00fchling 2022 sichtbar werden.<\/li><li>Sie f\u00f6rdert offenbar Krebs.<\/li><\/ul>\n\n\n\n<!--more-->\n\n\n\n<p>Das alles ist durch Studien abgesichert, die aber nur in Fachzeitschriften ver\u00f6ffentlicht werden und in der L\u00fcgenpresse keine Erw\u00e4hnung finden. Trotzdem sind diese Ver\u00f6ffentlichungen Darstellungen der Realit\u00e4t. Und trotzdem wird die Schraube immer weiter angezogen:<\/p>\n\n\n\n<ul class=\"wp-block-list\"><li>Der Bundespr\u00e4sident bet\u00e4tigt sich als Volksverhetzer.<\/li><li>Die \u00c4rztekammern geben Empfehlungen heraus, wie man <s>Juden<\/s> Ungeimpften die Behandlung verweigern darf.<\/li><li>Krankenh\u00e4user melden einen k\u00fcnstlich herbeigef\u00fchrten Notstand an, weil mehr als 1\/4 der Kapazit\u00e4t in den letzten zwei Jahren abgebaut wurde und aufgrund der personellen <s>Spahn<\/s>Sparma\u00dfnahmen bis zu 40% der verbleibenden Betten inzwischen nicht mehr bewirtschaftet werden k\u00f6nnen.<\/li><li>Ein &#8222;Ethikrat&#8220;, von dem man inzwischen nicht mehr wei\u00df, ob man ihn mit Hitler\/Rosenberg\/Goebbels\/Himmler, einer Horde marodierender Schweine oder einer Rattenplage synonymisieren soll, predigt eine Impfpflicht und eine komplette Ausgrenzung der Ungeimpften.<\/li><li>\u00dcber die <s>Schweine<\/s>Mainstreampresse muss man sich nicht weiter auslassen.<\/li><li>3G\/2G\/2G+ usw werden beliebig verh\u00e4ngt.<\/li><\/ul>\n\n\n\n<p>Es gibt inzwischen keine Zahl und keinen Fakt mehr in der \u00f6ffentlichen Darstellung, die\/der nicht gelogen w\u00e4re. <\/p>\n\n\n\n<ul class=\"wp-block-list\"><li>Nur Ungeimpfte werden getestet, Geimpfte nur, wenn es sich aufgrund der Symptome nicht mehr vermeiden l\u00e4sst.<\/li><li>Positiv getestet Ungeimpfte gelten als Corona-Erkrankte, unabh\u00e4ngig davon, an was sie wirklich erkrankt sind.<\/li><li>Positiv getestete Geimpfte werden in Kliniken kurzerhand zu Ungeimpften erkl\u00e4rt, damit die Zahlen stimmen.<\/li><li>Hohe Inzidenzen werden erfunden, ohne dass es \u00fcberhaupt Erkrankte gibt (in Aurich\/Emden z.B. einen offiziellen C-Fall in 3 Kliniken bei insgesamt fast 240.000 Einwohnern)<\/li><\/ul>\n\n\n\n<p>Der zunehmende Druck auf diejenigen, die sich aus gutem Grund nicht impfen lassen wollen, scheint immer weniger zu n\u00fctzen. Deshalb zieht man inzwischen eine andere Karte: man qu\u00e4lt auch mehr und mehr die Geimpften mit Kontrollen, bald auch wieder mit Tests, Verboten usw. Grund: die Ungeimpften! Geimpfte m\u00fcssen sich Testen lassen, weil Ungeimpfte die Impfung verweigern. Geimpfte werden in der Freiz\u00fcgigkeit beschr\u00e4nkt, weil Ungeimpfte sie gef\u00e4hrden. Geimpfte &#8230;<\/p>\n\n\n\n<p>Kurz gesagt: weil der Druck auf die Ungeimpften sich zunehmen als unwirksam erweist, wird der Druck auf die Geimpften wieder erh\u00f6ht und als Ursache die Ungeimpften dargestellt. Das nimmt inzwischen Ausma\u00dfe an, dass selbst bei den Protokollanten des Wahnsinns auf der &#8222;Achse des Guten&#8220; anscheinend so etwas wie Panik aufkommt:<\/p>\n\n\n\n<p><a href=\"https:\/\/www.achgut.com\/artikel\/bericht_zur_coronalage_vom_15.11.202_entmnenschlichung\">https:\/\/www.achgut.com\/artikel\/bericht_zur_coronalage_vom_15.11.202_entmnenschlichung<\/a><\/p>\n\n\n\n<p>Alle m\u00fcssen geimpft sein, damit sp\u00e4ter verborgen werden kann, welche Sch\u00e4den alleine die so genannte Impfung anrichtet, wenn alles zusammen gebrochen ist. Super-GAU: die Ungeimpften bleiben gesund. Dann kann man die Sch\u00e4den nicht auf Covid schieben und vorgeben, die Schlacht h\u00e4tte man leider verloren. Folglich m\u00fcssen die Ungeimpften weg &#8211; egal wie. Sie werden derzeit zu den Schuldigen an allem erkl\u00e4rt, was den Ungeimpften zust\u00f6\u00dft &#8211; leider mit Erfolg.<\/p>\n\n\n\n<p>Man muss sich klarmachen, dass die Gesellschaft die NS-Zeit hinter sich l\u00e4sst: gegen die Juden hatten nur wenige etwas und es gab keine Progrome (selbst bei der Reichskristallnacht ist nicht ganz klar, ob die Befehle von der NS-F\u00fchrung kamen oder vom britischen Geheimdienst). Sie verschwanden einfach. Jetzt l\u00e4uft es anders: die Millionen der Geimpften werden gegen die kleinere, aber ebenfalls Millionen z\u00e4hlende Gruppe der Ungeimpften in Stellung gebracht und aufgehetzt. Was sich hier derzeit anbahnt, ist eher mit Bosnien oder Ruanda vergleichbar, wo das Volk der Hutu (=Geimpfte) das Volk der Tutsi (Ungeimpfte) massakrierte. Genau da steuert die Republik derzeit hin. Genau dieser zum Genozid f\u00fchrende Hass wird derzeit von Politikern, \u00c4rztefunktion\u00e4ren, Lehrerfunktion\u00e4ren, Journalisten, Justiz und anderen Funktion\u00e4ren mit Meinungsreichweite gepredigt. Sie wissen, was sie tun, und sie tun es trotzdem. Und sie tun es mit zunehmendem Druck, weil ihnen die Zeit davon l\u00e4uft.<\/p>\n\n\n\n<p>Womit ziemlich sicher zu rechnen ist:<\/p>\n\n\n\n<ul class=\"wp-block-list\"><li>Reisen werden eingeschr\u00e4nkt oder verboten. Grund: die Ungeimpften!<\/li><li>3G und Maskenregeln in der \u00d6ffentlichkeit. Grund: die Ungeimpften!<\/li><li>Teillockdowns oder Lockdowns werden nacheinander kommen. Grund: die Ungeimpften!<\/li><li>Kontaktverbote werden kommen. Grund: die Ungeimpften!<\/li><li>Das Gesundheitssystem wird an die Grenzen kommen, erstmalig w\u00e4hrend der Pandemie und k\u00fcnstlich herbeigef\u00fchrt. Grund: die Ungeimpften!<\/li><li>Der Staat wird ganz offiziell jegliche Benachteiligung von Ungeimpften bis hin zu unterlassener Hilfeleistung und Mord absegnen, als Beispiel f\u00fcr die Zivilgesellschaft. Grund: die Ungeimpften!<\/li><li>Notsituationen bei Energie und Nahrung, auch k\u00fcnstliche herbeigef\u00fchrt. Grund: die Ungeimpften!<\/li><li>Die Pandemie und ihre Einschr\u00e4nkungen werden nicht enden, allen Terminvorgaben zu Trotz. Es wird weitergehen. Grund: die Ungeimpften!<\/li><li>Es werden immer neue Booster-Impfungen notwendig werden, weil die Impfungen unwirksam sind. Grund: die Ungeimpften!<\/li><\/ul>\n\n\n\n<p>Das alles wird bewusst angeheizt. Gewaltsame Pogrome, unterst\u00fctzt von einer Schl\u00e4gertruppe namens Polizei und abgesegnet von der Justiz, in den n\u00e4chsten 3-4 Monaten sind sehr wahrscheinlich. Eine Auffallen der zunehmend gr\u00f6\u00dfer werdenden L\u00fccke zwischen Realit\u00e4t und Narrativ ist sehr unwahrscheinlich.<\/p>\n","protected":false},"excerpt":{"rendered":"<p>Das Corona-Narrativ bricht t\u00e4glich faktenm\u00e4\u00dfig mehr in sich zusammen: Die so genannte Impfung weist keinerlei Schutzeffekte auf. Sie sch\u00e4digt das Immunsystem und macht anf\u00e4llig f\u00fcr andere Krankheiten. Sie hat hohe Sterbezahlen und viele lebenslange Behinderungen als unmittelbare Folge, besonders bei Kindern, Jugendlichen und j\u00fcngeren Erwachsenen. Sie ist eine Abtreibungsspritze und sch\u00e4digt oder t\u00f6tet S\u00e4uglinge w\u00e4hrend &hellip; <a href=\"https:\/\/gilbertbrands.de\/blog\/2021\/11\/17\/pogrome-in-sicht\/\" class=\"more-link\"><span class=\"screen-reader-text\">Pogrome in Sicht !<\/span> weiterlesen <span class=\"meta-nav\">&rarr;<\/span><\/a><\/p>\n","protected":false},"author":1,"featured_media":0,"comment_status":"closed","ping_status":"closed","sticky":false,"template":"","format":"standard","meta":{"footnotes":""},"categories":[1],"tags":[],"class_list":["post-6819","post","type-post","status-publish","format-standard","hentry","category-allgemein"],"post_mailing_queue_ids":[],"_links":{"self":[{"href":"https:\/\/gilbertbrands.de\/blog\/wp-json\/wp\/v2\/posts\/6819","targetHints":{"allow":["GET"]}}],"collection":[{"href":"https:\/\/gilbertbrands.de\/blog\/wp-json\/wp\/v2\/posts"}],"about":[{"href":"https:\/\/gilbertbrands.de\/blog\/wp-json\/wp\/v2\/types\/post"}],"author":[{"embeddable":true,"href":"https:\/\/gilbertbrands.de\/blog\/wp-json\/wp\/v2\/users\/1"}],"replies":[{"embeddable":true,"href":"https:\/\/gilbertbrands.de\/blog\/wp-json\/wp\/v2\/comments?post=6819"}],"version-history":[{"count":2,"href":"https:\/\/gilbertbrands.de\/blog\/wp-json\/wp\/v2\/posts\/6819\/revisions"}],"predecessor-version":[{"id":6826,"href":"https:\/\/gilbertbrands.de\/blog\/wp-json\/wp\/v2\/posts\/6819\/revisions\/6826"}],"wp:attachment":[{"href":"https:\/\/gilbertbrands.de\/blog\/wp-json\/wp\/v2\/media?parent=6819"}],"wp:term":[{"taxonomy":"category","embeddable":true,"href":"https:\/\/gilbertbrands.de\/blog\/wp-json\/wp\/v2\/categories?post=6819"},{"taxonomy":"post_tag","embeddable":true,"href":"https:\/\/gilbertbrands.de\/blog\/wp-json\/wp\/v2\/tags?post=6819"}],"curies":[{"name":"wp","href":"https:\/\/api.w.org\/{rel}","templated":true}]}}