{"id":6602,"date":"2021-09-21T08:29:50","date_gmt":"2021-09-21T06:29:50","guid":{"rendered":"https:\/\/gilbertbrands.de\/blog\/?p=6602"},"modified":"2021-09-21T08:29:51","modified_gmt":"2021-09-21T06:29:51","slug":"presseschau","status":"publish","type":"post","link":"https:\/\/gilbertbrands.de\/blog\/2021\/09\/21\/presseschau\/","title":{"rendered":"Presseschau"},"content":{"rendered":"\n<p>Heute nur ein paar Kurzmeldungen.<\/p>\n\n\n\n<p>Erwischt es jetzt die Impfbef\u00fcrworter? Wenn jemand im Rahmen der Impfung verstirbt, muss das keiner zur Kenntnis nehmen, es sei denn, es handelt sich um eine so genannte &#8222;prominente Pers\u00f6nlichkeit&#8220;.<\/p>\n\n\n\n<!--more-->\n\n\n\n<p>Auch das wird nicht gro\u00df aufgemacht, aber es gibt Leute, die auf die Feinheiten achten, wie z.B. beim pl\u00f6tzlichen Tod eines erst 47-j\u00e4hrigen Oberb\u00fcrgermeisters:<\/p>\n\n\n\n<p><a href=\"https:\/\/corona-blog.net\/2021\/09\/20\/oberbuergermeister-dr-jesko-vogel-47-aus-zwickau-wirbt-fuer-die-corona-impfung-nun-ist-er-ploetzlich-verstorben\/\">https:\/\/corona-blog.net\/2021\/09\/20\/oberbuergermeister-dr-jesko-vogel-47-aus-zwickau-wirbt-fuer-die-corona-impfung-nun-ist-er-ploetzlich-verstorben\/<\/a><\/p>\n\n\n\n<p>Und der ist nicht der einzige<\/p>\n\n\n\n<p><a href=\"https:\/\/corona-blog.net\/2021\/09\/20\/udo-maehrmann-spd-ratsmitglied-doppelt-geimpft-mit-58-jahren-verstorben\/\">https:\/\/corona-blog.net\/2021\/09\/20\/udo-maehrmann-spd-ratsmitglied-doppelt-geimpft-mit-58-jahren-verstorben\/<\/a><\/p>\n\n\n\n<p>sondern inzwischen mindestens der dritte. Ein Zusammenhang mit der Impfung wird nat\u00fcrlich offiziell nicht hergestellt, sollte es aber besser:<\/p>\n\n\n\n<p><a href=\"https:\/\/de.rt.com\/inland\/124390-lymphozyten-laufen-amok-pathologen-untersuchen-todesfaelle-nach-impfung\/\">https:\/\/de.rt.com\/inland\/124390-lymphozyten-laufen-amok-pathologen-untersuchen-todesfaelle-nach-impfung\/<\/a><\/p>\n\n\n\n<p>Nur in 2 von 10 F\u00e4llen stellten die Pathologen fest, dass sie keinen Zusammenhang mit der Impfung sehen. In 7 F\u00e4llen passiert anscheinend genau das, wovor Wodarg, Bhakdi u.a. gewarnt haben: die Lymphozyten laufen Amok gegen den eigenen K\u00f6rper. Das sind genau die Anzeichen f\u00fcr so genannte &#8222;Sp\u00e4tfolgen&#8220; \u00b9\u207e, vor denen gewarnt wird.<\/p>\n\n\n\n<p>Kernaussage: &#8222;90% gehen uns durch die Lappen&#8220; &#8211; 90% der Impftodesf\u00e4lle, Grund &#8222;weil Obduktionen oft verhindert werden&#8220;. Man denke da z.B. an den Stuttgarter Generalstaatsanwalt, der in seinem Bezirk Obduktionen von Staats wegen untersagt hat, was nat\u00fcrlich &#8211; wen wundert&#8217;s? &#8211; niemand als Strafvereitelung im Amt sehen will. <\/p>\n\n\n\n<p>Derweil \u00fcbt sich das PEI weiterhin im verschleiern: bei den inzwischen \u00fcber 1400 gemeldeten und nicht zu verschweigenden Todesf\u00e4llen will das PEI kaum Zusammenh\u00e4nge mit dem Impfungen sehen. &#8222;Studien w\u00fcrden das nicht belegen&#8220;, wobei die Details der Studien allerdings krampfhaft verschwiegen werden. Au\u00dfer der Summe 1400 ist vom PEI nichts zu erfahren (siehe Sicherheitsbericht).<\/p>\n\n\n\n<p>In Deutschland setzt derzeit eine neue Jagd der Gutmenschen ein: die auf Inhaber von gef\u00e4lschten Impfpasseintr\u00e4gen:<\/p>\n\n\n\n<p><a href=\"https:\/\/de.rt.com\/meinung\/124392-jagerin-falschen-impfpasses-apothekerin-entlarvt\/\">https:\/\/de.rt.com\/meinung\/124392-jagerin-falschen-impfpasses-apothekerin-entlarvt\/<\/a><\/p>\n\n\n\n<p>Einen Verdacht auf eine Straftat anzuzeigen ist eine Sache, sich als Denunziant auch noch damit \u00f6ffentlich zu br\u00fcsten, eine andere. <\/p>\n\n\n\n<p>Daf\u00fcr soll es nun anderen an den Kragen gehen: einige US-Staaten fordern Sanktionen gegen Australien, einem Land, in dem es inzwischen zugeht wie im KZ:<\/p>\n\n\n\n<p><a href=\"https:\/\/de.rt.com\/international\/124385-us-republikaner-wollen-australien-sanktionieren\/\">https:\/\/de.rt.com\/international\/124385-us-republikaner-wollen-australien-sanktionieren\/<\/a><\/p>\n\n\n\n<p>Es w\u00e4re vielleicht besser, erst einmal im eigenen Land zu kehren. In New York hat die geistesgest\u00f6rte Gouverneurin eine Maskenpflicht f\u00fcr Kinder ab 2 Jahren verh\u00e4ngt. Kein Witz! Ab 2 Jahren!<\/p>\n\n\n\n<p><a href=\"https:\/\/de.rt.com\/nordamerika\/124337-new-york-maskenpflicht-fur-kinder-zwei-jahren-loest-heftige-debatten\/#:~:text=New%20York%3A%20Maskenpflicht%20f%C3%BCr%20Kinder%20ab%20zwei%20Jahren,Videos%20ihrer%20weinenden%20Kinder%20in%20sozialen%20Medien%20posten.\">https:\/\/de.rt.com\/nordamerika\/124337-new-york-maskenpflicht-fur-kinder-zwei-jahren-loest-heftige-debatten\/#:~:text=New%20York%3A%20Maskenpflicht%20f%C3%BCr%20Kinder%20ab%20zwei%20Jahren,Videos%20ihrer%20weinenden%20Kinder%20in%20sozialen%20Medien%20posten.<\/a><\/p>\n\n\n\n<p>Interessant ist, wenn man das im Internet sucht: hier die Google-Suche<\/p>\n\n\n\n<figure class=\"wp-block-image size-large\"><img loading=\"lazy\" decoding=\"async\" width=\"978\" height=\"660\" src=\"https:\/\/gilbertbrands.de\/blog\/wp-content\/uploads\/2021\/09\/grafik-19.png\" alt=\"\" class=\"wp-image-6603\" srcset=\"https:\/\/gilbertbrands.de\/blog\/wp-content\/uploads\/2021\/09\/grafik-19.png 978w, https:\/\/gilbertbrands.de\/blog\/wp-content\/uploads\/2021\/09\/grafik-19-300x202.png 300w, https:\/\/gilbertbrands.de\/blog\/wp-content\/uploads\/2021\/09\/grafik-19-768x518.png 768w\" sizes=\"auto, (max-width: 978px) 100vw, 978px\" \/><\/figure>\n\n\n\n<p>und hier das Ergebnis mit BING<\/p>\n\n\n\n<figure class=\"wp-block-image size-large\"><img loading=\"lazy\" decoding=\"async\" width=\"971\" height=\"840\" src=\"https:\/\/gilbertbrands.de\/blog\/wp-content\/uploads\/2021\/09\/grafik-20.png\" alt=\"\" class=\"wp-image-6604\" srcset=\"https:\/\/gilbertbrands.de\/blog\/wp-content\/uploads\/2021\/09\/grafik-20.png 971w, https:\/\/gilbertbrands.de\/blog\/wp-content\/uploads\/2021\/09\/grafik-20-300x260.png 300w, https:\/\/gilbertbrands.de\/blog\/wp-content\/uploads\/2021\/09\/grafik-20-768x664.png 768w\" sizes=\"auto, (max-width: 971px) 100vw, 971px\" \/><\/figure>\n\n\n\n<p>Noch Fragen zur Zensur in der gr\u00f6\u00dften Suchmaschine?<\/p>\n\n\n\n<hr class=\"wp-block-separator\"\/>\n\n\n\n<p>\u00b9\u207e Sp\u00e4tfolgen = erst nach einigen Monaten und nicht innert 14 Tagen nach der Impfung.<\/p>\n","protected":false},"excerpt":{"rendered":"<p>Heute nur ein paar Kurzmeldungen. Erwischt es jetzt die Impfbef\u00fcrworter? Wenn jemand im Rahmen der Impfung verstirbt, muss das keiner zur Kenntnis nehmen, es sei denn, es handelt sich um eine so genannte &#8222;prominente Pers\u00f6nlichkeit&#8220;. Download Artikel als PDF<\/p>\n","protected":false},"author":1,"featured_media":0,"comment_status":"closed","ping_status":"closed","sticky":false,"template":"","format":"standard","meta":{"footnotes":""},"categories":[1],"tags":[],"class_list":["post-6602","post","type-post","status-publish","format-standard","hentry","category-allgemein"],"post_mailing_queue_ids":[],"_links":{"self":[{"href":"https:\/\/gilbertbrands.de\/blog\/wp-json\/wp\/v2\/posts\/6602","targetHints":{"allow":["GET"]}}],"collection":[{"href":"https:\/\/gilbertbrands.de\/blog\/wp-json\/wp\/v2\/posts"}],"about":[{"href":"https:\/\/gilbertbrands.de\/blog\/wp-json\/wp\/v2\/types\/post"}],"author":[{"embeddable":true,"href":"https:\/\/gilbertbrands.de\/blog\/wp-json\/wp\/v2\/users\/1"}],"replies":[{"embeddable":true,"href":"https:\/\/gilbertbrands.de\/blog\/wp-json\/wp\/v2\/comments?post=6602"}],"version-history":[{"count":1,"href":"https:\/\/gilbertbrands.de\/blog\/wp-json\/wp\/v2\/posts\/6602\/revisions"}],"predecessor-version":[{"id":6605,"href":"https:\/\/gilbertbrands.de\/blog\/wp-json\/wp\/v2\/posts\/6602\/revisions\/6605"}],"wp:attachment":[{"href":"https:\/\/gilbertbrands.de\/blog\/wp-json\/wp\/v2\/media?parent=6602"}],"wp:term":[{"taxonomy":"category","embeddable":true,"href":"https:\/\/gilbertbrands.de\/blog\/wp-json\/wp\/v2\/categories?post=6602"},{"taxonomy":"post_tag","embeddable":true,"href":"https:\/\/gilbertbrands.de\/blog\/wp-json\/wp\/v2\/tags?post=6602"}],"curies":[{"name":"wp","href":"https:\/\/api.w.org\/{rel}","templated":true}]}}