{"id":6591,"date":"2021-09-17T07:19:00","date_gmt":"2021-09-17T05:19:00","guid":{"rendered":"https:\/\/gilbertbrands.de\/blog\/?p=6591"},"modified":"2021-09-17T08:25:56","modified_gmt":"2021-09-17T06:25:56","slug":"frage-und-antwort","status":"publish","type":"post","link":"https:\/\/gilbertbrands.de\/blog\/2021\/09\/17\/frage-und-antwort\/","title":{"rendered":"Frage und Antwort"},"content":{"rendered":"\n<p>Die Frage an das Bundesgesundheitsministerium:<\/p>\n\n\n\n<p><strong>Betreff:<\/strong> ct-Werte bei Tests in Kliniken<\/p>\n\n\n\n<!--more-->\n\n\n\n<p>Sehr geehrte Damen und Herren,<\/p>\n\n\n\n<p>mir liegen Informationen vor, nach denen bei PCR-Eingangstests in \nKliniken zwischen Geimpften und nicht Geimpften differenziert wird:<\/p>\n\n\n\n<ul class=\"wp-block-list\"><li>\nBei geimpften Personen wird der Test bis zum ct ~30 durchgef\u00fchrt,<\/li><li>\nbei nicht geimpften Personen wird die Zykluszahl vor dem Abbruch bis ct 45 hochgefahren.<\/li><\/ul>\n\n\n\n<p>Ich bitte um eine Stellungnahme.<\/p>\n\n\n\n<p>Viele Gr\u00fc\u00dfe<\/p>\n\n\n\n<hr class=\"wp-block-separator\"\/>\n\n\n\n<p>Die Antwort vom Bundesgesundheitsministerium:<\/p>\n\n\n\n<p>Sehr geehrter Herr &#8230;,<\/p>\n\n\n\n<p>vielen Dank\nf\u00fcr Ihre E-Mail 11. September 2021 und\nf\u00fcr\n Ihr Interesse zu Fragen der SARS-CoV-2 Testungen in Deutschland. Gerne \nkann ich Ihnen einige Informationen geben, bitte jedoch um Verst\u00e4ndnis, \ndass\n aufgrund der Vielzahl an hier eingehenden Anfragen nicht alle Fragen \nbeantwortet werden k\u00f6nnen.<\/p>\n\n\n\n<p>Zwei\n wesentliche Parameter f\u00fcr die operative Zuverl\u00e4ssigkeit (Validit\u00e4t) \neines diagnostischen Tests sind die sogenannte\n Sensitivit\u00e4t und Spezifit\u00e4t. Weiterhin wird die Richtigkeit des \nErgebnisses von diagnostischen Tests auch von der Verbreitung einer \nErkrankung beeinflusst. Der Test wird im Vorhersagewert besser, wenn \nPopulationen mit einer h\u00f6heren Vortestwahrscheinlichkeit\n getestet werden. In einer Population mit einer Pr\u00e4valenz von \nSARS-CoV-2-Infektionen im einstelligen Prozentbereich &#8211; wie derzeit \naufgrund von Zwischenergebnissen serologischer Studien anzunehmen &#8211; \nf\u00fchrt eine damit einhergehende geringere Vortestwahrscheinlichkeit,\n dass eine zu testende Person infiziert ist, zu einem h\u00f6heren Anteil \nfalsch-positiver Ergebnisse. Liegt die Pr\u00e4valenz von SARS-CoV-2 in der \nBev\u00f6lkerung h\u00f6her, f\u00fchrt die damit einhergehende h\u00f6here \nVortestwahrscheinlichkeit der zu testenden Person dazu, dass\n der Anteil an falsch-positiven Ergebnissen geringer ist.<\/p>\n\n\n\n<p>Hinweise zu Testungen und zur Teststrategie finden Sie auf den Internet Seiten des Robert Koch-Instituts (RKI):<\/p>\n\n\n\n<p><a href=\"https:\/\/www.rki.de\/DE\/Content\/InfAZ\/N\/Neuartiges_Coronavirus\/Teststrategie\/Nat-Teststrat.html\">https:\/\/www.rki.de\/DE\/Content\/InfAZ\/N\/Neuartiges_Coronavirus\/Teststrategie\/Nat-Teststrat.html<\/a><\/p>\n\n\n\n<p><a href=\"https:\/\/www.rki.de\/DE\/Content\/InfAZ\/N\/Neuartiges_Coronavirus\/Vorl_Testung_nCoV.html\">https:\/\/www.rki.de\/DE\/Content\/InfAZ\/N\/Neuartiges_Coronavirus\/Vorl_Testung_nCoV.html<\/a><\/p>\n\n\n\n<p>F\u00fcr\n die Bewertung von in vitro Diagnostika sind in Deutschland das \nBundesinstitut f\u00fcr Arzneimittel und Medizinprodukte\n (BfArM) bzw. das Paul-Ehrlich-Institut (PEI) zust\u00e4ndig. Die Angaben zur\n Sensitivit\u00e4t und Spezifit\u00e4t der SARS-CoV-2 Tests finden sich jeweils in\n den Gebrauchsanweisungen der Hersteller (CE-Kennzeichnung). Die \neinzelnen Labore entscheiden sich selbstst\u00e4ndig\n f\u00fcr einen geeigneten Test, anhand der Herstellerangaben \u00fcber die \nTestparameter, des Preises, der im Labor verf\u00fcgbaren Ausstattung etc.<\/p>\n\n\n\n<p>Nach\n \u00a7 9 Absatz 1 der Medizinprodukte-Betreiberverordnung hat derjenige, der\n laboratoriumsmedizinische Untersuchungen\n durchf\u00fchrt, ein Qualit\u00e4tssicherungssystem nach dem Stand der \nmedizinischen Wissenschaft und Technik zur Aufrechterhaltung der \nerforderlichen Qualit\u00e4t, Sicherheit und Leistung bei der Anwendung von \nIn-vitro-Diagnostika sowie zur Sicherstellung der Zuverl\u00e4ssigkeit\n der damit erzielten Ergebnisse einzurichten.<\/p>\n\n\n\n<p>Zus\u00e4tzlich\n ist die \u00fcberwiegende Mehrheit der Labore in Deutschland, die die \nPCR-Tests zum Nachweis von SARS-CoV-2\n durchf\u00fchren, nach der h\u00f6chsten Qualit\u00e4tsnorm f\u00fcr medizinische \nLaboratorien (DIN ISO EN 15189) akkreditiert und erf\u00fcllen \nuneingeschr\u00e4nkt die Richtlinie der Bundes\u00e4rztekammer zur \nQualit\u00e4tssicherung Laboratoriums-medizinischer Untersuchungen (RiliB\u00c4K).<\/p>\n\n\n\n<p><strong>Informationen zu den Testparametern m\u00fcssten Sie daher direkt bei den Laboren erfragen, z.B. bei &#8218;Akkreditierte Labore  in der Medizin&#8216; <a href=\"https:\/\/www.alm-ev.de\/\">https:\/\/www.alm-ev.de\/<\/a>.<\/strong>   [hervorgehoben von mir]<\/p>\n\n\n\n<p>Weitere Informationen:\n<a href=\"https:\/\/www.rki.de\/DE\/Content\/InfAZ\/N\/Neuartiges_Coronavirus\/Laborkapazitaeten.pdf?__blob=publicationFile\">https:\/\/www.rki.de\/DE\/Content\/InfAZ\/N\/Neuartiges_Coronavirus\/Laborkapazitaeten.pdf?__blob=publicationFile<\/a><\/p>\n\n\n\n<p>Wir hoffen, Ihnen hiermit weitergeholfen zu haben.<\/p>\n\n\n\n<p>Mit freundlichen Gr\u00fc\u00dfen<\/p>\n\n\n\n<p>Im Auftrag<\/p>\n\n\n\n<hr class=\"wp-block-separator\"\/>\n\n\n\n<p>Im Fr\u00fchjahr habe ich bei den Gesundheits\u00e4mtern angefragt, welche Testparameter verwendet werden. Sie wussten es nicht. Das heutige Ergebnis: sie wissen es immer noch nicht und es interessiert sie auch nicht, da es darum geht, effektiv zu l\u00fcgen.<\/p>\n\n\n\n<p>Zur Effektivit\u00e4t der L\u00fcge noch ein Nachtrag:<\/p>\n\n\n\n<figure class=\"wp-block-image size-large\"><img loading=\"lazy\" decoding=\"async\" width=\"1024\" height=\"754\" src=\"https:\/\/gilbertbrands.de\/blog\/wp-content\/uploads\/2021\/09\/grafik-17-1024x754.png\" alt=\"\" class=\"wp-image-6592\" srcset=\"https:\/\/gilbertbrands.de\/blog\/wp-content\/uploads\/2021\/09\/grafik-17-1024x754.png 1024w, https:\/\/gilbertbrands.de\/blog\/wp-content\/uploads\/2021\/09\/grafik-17-300x221.png 300w, https:\/\/gilbertbrands.de\/blog\/wp-content\/uploads\/2021\/09\/grafik-17-768x565.png 768w, https:\/\/gilbertbrands.de\/blog\/wp-content\/uploads\/2021\/09\/grafik-17.png 1080w\" sizes=\"auto, (max-width: 1024px) 100vw, 1024px\" \/><\/figure>\n\n\n\n<ol class=\"wp-block-list\"><li>Offenbar ist die Buchf\u00fchrung von Geimpften ziemlich l\u00fcckenhaft.<\/li><li>Bei Ungeimpften gen\u00fcgt ein positiver PCR-Test und der Betreffende gilt als Seuchenherd.<\/li><li>Bei Geimpften muss ein positiver Test UND Symptome her. Jeweils einzeln z\u00e4hlt nicht, obwohl Geimpfte nicht selten ein Viefaches der Virenlast eines Ungeimpften tragen.<\/li><\/ol>\n\n\n\n<p>Und noch war zur Impfstatistik vom PEI:<\/p>\n\n\n\n<ol class=\"wp-block-list\"><li>Ein Todesfall innerhalb 14 Tagen nach der Impfung gilt als Covid-Todesfall (nicht Impftodesfall), wenn ein PCR-Test positiv ist.<\/li><li>Ein Todesfall innerhalb 14 Tagen nach der Impfung gilt als nat\u00fcrlicher Todesfall, der nichts mit der Impfung zu tun hat, wenn der Geimpfte \u00fcber 70 Jahre alt ist.<\/li><li>Die Wahrscheinlichkeit, dass ein Todesfall, der sp\u00e4ter als 14 Tage nach der Impfung, nicht als nat\u00fcrlich eingestuft wird, sinkt exponentiell mit der Zeit.<\/li><\/ol>\n\n\n\n<p>Nur bei wenigen Todesf\u00e4llen (so um die 1.500) konnte man diese Art der Z\u00e4hlung nicht durchhalten.<\/p>\n","protected":false},"excerpt":{"rendered":"<p>Die Frage an das Bundesgesundheitsministerium: Betreff: ct-Werte bei Tests in Kliniken Download Artikel als PDF<\/p>\n","protected":false},"author":1,"featured_media":0,"comment_status":"closed","ping_status":"closed","sticky":false,"template":"","format":"standard","meta":{"footnotes":""},"categories":[1],"tags":[],"class_list":["post-6591","post","type-post","status-publish","format-standard","hentry","category-allgemein"],"post_mailing_queue_ids":[],"_links":{"self":[{"href":"https:\/\/gilbertbrands.de\/blog\/wp-json\/wp\/v2\/posts\/6591","targetHints":{"allow":["GET"]}}],"collection":[{"href":"https:\/\/gilbertbrands.de\/blog\/wp-json\/wp\/v2\/posts"}],"about":[{"href":"https:\/\/gilbertbrands.de\/blog\/wp-json\/wp\/v2\/types\/post"}],"author":[{"embeddable":true,"href":"https:\/\/gilbertbrands.de\/blog\/wp-json\/wp\/v2\/users\/1"}],"replies":[{"embeddable":true,"href":"https:\/\/gilbertbrands.de\/blog\/wp-json\/wp\/v2\/comments?post=6591"}],"version-history":[{"count":1,"href":"https:\/\/gilbertbrands.de\/blog\/wp-json\/wp\/v2\/posts\/6591\/revisions"}],"predecessor-version":[{"id":6593,"href":"https:\/\/gilbertbrands.de\/blog\/wp-json\/wp\/v2\/posts\/6591\/revisions\/6593"}],"wp:attachment":[{"href":"https:\/\/gilbertbrands.de\/blog\/wp-json\/wp\/v2\/media?parent=6591"}],"wp:term":[{"taxonomy":"category","embeddable":true,"href":"https:\/\/gilbertbrands.de\/blog\/wp-json\/wp\/v2\/categories?post=6591"},{"taxonomy":"post_tag","embeddable":true,"href":"https:\/\/gilbertbrands.de\/blog\/wp-json\/wp\/v2\/tags?post=6591"}],"curies":[{"name":"wp","href":"https:\/\/api.w.org\/{rel}","templated":true}]}}