{"id":6492,"date":"2021-08-23T07:05:00","date_gmt":"2021-08-23T05:05:00","guid":{"rendered":"https:\/\/gilbertbrands.de\/blog\/?p=6492"},"modified":"2021-08-23T08:10:02","modified_gmt":"2021-08-23T06:10:02","slug":"jedem-seinen-einlauf-australien","status":"publish","type":"post","link":"https:\/\/gilbertbrands.de\/blog\/2021\/08\/23\/jedem-seinen-einlauf-australien\/","title":{"rendered":"Jedem seinen Einlauf: Australien"},"content":{"rendered":"\n<p>Die australische Regierung ist zusammen mit der neuseel\u00e4ndischen, vorsichtig ausgedr\u00fcckt, total bekloppt. Nicht nur Totallockdown des komplette Landes bei einem (1!) positiven Test, auch Zwangsimpfungen sind inzwischen an der Tagesordnung.<\/p>\n\n\n\n<!--more-->\n\n\n\n<p>Wie das aussieht, kann man sich auch in Videos anschauen. Die Szenen \u00e4hneln Szenen aus Holocaustfilmen an der Rampe in Auschwitz, wobei der Unterschied darin besteht. dass die SS das im Verborgenen gemacht hat, die australische Regierung aber mutma\u00dflich ganz offen und im Internet zug\u00e4nglich. Bei dem, was man in der letzten Zeit so vorgesetzt bekommt, ist das Video mutma\u00dflich authentisch. Ich habe mal beim australischen Botschafter nachgefragt, ob dem so ist und wie er sich dazu stellt:<\/p>\n\n\n\n<hr class=\"wp-block-separator\"\/>\n\n\n\n<p>\n<strong>Betreff\nVerletzung von Menschenrechten in Australien<\/strong><\/p>\n\n\n\n<p>Sehr\ngeehrter Botschafter Green,<\/p>\n\n\n\n<p>das\nfolgende Video stammt nach Angaben der Verbreiter aus Ihrem Land:<\/p>\n\n\n\n<p><a href=\"https:\/\/t.me\/WE_R_Q\/45168\">https:\/\/t.me\/WE_R_Q\/45168<\/a><\/p>\n\n\n\n<p>Es\nzeigt ein Kind, dass sich schutzsuchend an seinen Vater klammert und\nvon medizinischem Personal und Polizisten mit Gewalt von seinem Vater\nweggerissen wird. W\u00e4hrend das Kind verzweifelt versucht, zu\nentkommen, aber schlie\u00dflich vom medizinischen Personal mit Gewalt\neiner Covid-Zwangsimpfung zugef\u00fchrt wrird \u2013 so der\nInformationstext dazu \u2013 wird der Vater kurzerhand von den 3\nPolizisten brutal zusammen geschlagen, wozu sich weitere\nInformationen er\u00fcbrigen.<\/p>\n\n\n\n<p>Die\nSzene erinnert nicht von ungef\u00e4hr den mutma\u00dflichen Vorg\u00e4ngen beim\nSortieren von Juden an der Bahnhofsrampe von Auschwitz, sowohl was\ndie Zuf\u00fchrung zu Zwangsbehandlungen als auch die Brutalit\u00e4t der\nVorgehensweise angeht. F\u00fcr uns Deutsche war das kein Ruhmesblatt,\nIhr Vorgehen setzt den NS-Verbrechen aber noch eins drauf: die SS hat\nihre Verbrechen immerhin noch im Geheimen vollzogen, Sie machen das\nungeniert und \u00f6ffentlich in den Internetmedien.<\/p>\n\n\n\n<p>Ich\nerwarte eine Stellungnahme von Ihnen. Sollte die Angaben zum Video\nnicht auf Tatsachen beruhen, k\u00f6nnen Sie das dementieren.<\/p>\n\n\n\n<p>Mit\nfreundlichen Gr\u00fc\u00dfen<\/p>\n\n\n\n<hr class=\"wp-block-separator\"\/>\n\n\n\n<p>Ist das zu hart? Ich glaube nicht. Man ist zwar bei Informationen auf soziale Netwerke und Quellen angewiesen, deren Vertrauensw\u00fcrdigkeit man nicht so ohne Weiteres kontrollieren kann, aber die Inhalte sind zu konform und eindeutig, als dass alles frei erfunden sein k\u00f6nnte. Hier:<\/p>\n\n\n\n<figure class=\"wp-block-embed-wordpress wp-block-embed is-type-wp-embed is-provider-unser-mitteleuropa\"><div class=\"wp-block-embed__wrapper\">\nhttps:\/\/unser-mitteleuropa.com\/covid-19-und-die-verhausschweinung-des-menschen\/\n<\/div><\/figure>\n\n\n\n<p>wird u.a. \u00fcber die Gef\u00e4hrlichkeit der Covid-Impfungen bei Kindern berichtet. Die Zahlen sind so hoch, dass sie vielleicht nicht ganz stimmen m\u00f6gen, aber wenn sie nur zu einem Bruchteil zutreffen, ist das schon starker Tobak, der nicht tolerierbar ist (Empfehlung: auch die angegebene englische Quelle sichten). P\u00fcnktlich zur Abschussfreigabe von Kindern und Jugendlichen durch die STIKO und deren Pr\u00e4sidenten Mertens berichtet das PEI im aktuellen &#8222;Sicherheitsbericht&#8220; \u00fcber den ersten toten Jugendlichen, einen 15-J\u00e4hrigen. Man muss wohl &#8222;erster offizieller Toter&#8220; sagen, denn seri\u00f6s gesch\u00e4tzt landen nur 10-20% der Todesf\u00e4lle tats\u00e4chlich in den PEI-Statistiken (Quelle: achgut), wenn der Abstand zur Impfung gr\u00f6\u00dfer wird, d\u00fcrfte das eher in Richtung 1% gehen, da \u00c4rzte zwar nichts \u00fcber die Wirkungen des Impfstoffs wissen, wie sie selbst zugeben, aber immer zu 100% sicher ist, dass ein Schaden nichts mit der Impfung zu tun hat.<\/p>\n\n\n\n<p>Zur\u00fcck zu Australien:<\/p>\n\n\n\n<figure class=\"wp-block-embed-wordpress wp-block-embed is-type-wp-embed is-provider-uncut-news-ch\"><div class=\"wp-block-embed__wrapper\">\n<blockquote class=\"wp-embedded-content\" data-secret=\"mRuOGatogC\"><a href=\"https:\/\/uncutnews.ch\/veteran-der-australischen-armee-3-von-den-24-000-kindern-die-im-stadion-geimpft-wurden-sind-jetzt-tot\/\">Veteran der australischen Armee: 3 von den 24.000 Kindern, die im Stadion geimpft wurden, sind jetzt tot!<\/a><\/blockquote><iframe loading=\"lazy\" class=\"wp-embedded-content\" sandbox=\"allow-scripts\" security=\"restricted\" style=\"position: absolute; visibility: hidden;\" title=\"&#8222;Veteran der australischen Armee: 3 von den 24.000 Kindern, die im Stadion geimpft wurden, sind jetzt tot!&#8220; &#8212; uncut-news.ch\" src=\"https:\/\/uncutnews.ch\/veteran-der-australischen-armee-3-von-den-24-000-kindern-die-im-stadion-geimpft-wurden-sind-jetzt-tot\/embed\/#?secret=T41xFPwYBu#?secret=mRuOGatogC\" data-secret=\"mRuOGatogC\" width=\"600\" height=\"338\" frameborder=\"0\" marginwidth=\"0\" marginheight=\"0\" scrolling=\"no\"><\/iframe>\n<\/div><\/figure>\n\n\n\n<p>Australien steckt den Eltern weggenommen Kinder in Konzentrationslager. Ob das Stadion eines war, geht nicht sicher aus dem Text hervor, es schimmert aber durch. Kinder von impfunwilligen Eltern kommen ins Konzentrationslager (es gibt auch andere Nachrichten mit diesem Tenor; nat\u00fcrlich nicht in den Gutmedien, die alles strickt verschweigen). Hier sind von 24.000 drei unmittelbar an der Impfung verreckt, dass macht 1 totes Kind auf 8000 Impfungen oder eine Inzidenz von 13 Kindern, die nach einer Impfung symptomlos tot sind. Meist gesunde Kinder. Dem gegen\u00fcber steht 1 mit (oder an) Covid verstorbenes Kind auf 1.700.000. <\/p>\n\n\n\n<p>Wir impfen, um Leben zu retten! Euthanasie first!<\/p>\n\n\n\n<p>Deshalb glaube ich nicht, dass der Brieftext zu hart ist.<\/p>\n","protected":false},"excerpt":{"rendered":"<p>Die australische Regierung ist zusammen mit der neuseel\u00e4ndischen, vorsichtig ausgedr\u00fcckt, total bekloppt. Nicht nur Totallockdown des komplette Landes bei einem (1!) positiven Test, auch Zwangsimpfungen sind inzwischen an der Tagesordnung. Download Artikel als PDF<\/p>\n","protected":false},"author":1,"featured_media":0,"comment_status":"closed","ping_status":"closed","sticky":false,"template":"","format":"standard","meta":{"footnotes":""},"categories":[1],"tags":[],"class_list":["post-6492","post","type-post","status-publish","format-standard","hentry","category-allgemein"],"post_mailing_queue_ids":[],"_links":{"self":[{"href":"https:\/\/gilbertbrands.de\/blog\/wp-json\/wp\/v2\/posts\/6492","targetHints":{"allow":["GET"]}}],"collection":[{"href":"https:\/\/gilbertbrands.de\/blog\/wp-json\/wp\/v2\/posts"}],"about":[{"href":"https:\/\/gilbertbrands.de\/blog\/wp-json\/wp\/v2\/types\/post"}],"author":[{"embeddable":true,"href":"https:\/\/gilbertbrands.de\/blog\/wp-json\/wp\/v2\/users\/1"}],"replies":[{"embeddable":true,"href":"https:\/\/gilbertbrands.de\/blog\/wp-json\/wp\/v2\/comments?post=6492"}],"version-history":[{"count":3,"href":"https:\/\/gilbertbrands.de\/blog\/wp-json\/wp\/v2\/posts\/6492\/revisions"}],"predecessor-version":[{"id":6495,"href":"https:\/\/gilbertbrands.de\/blog\/wp-json\/wp\/v2\/posts\/6492\/revisions\/6495"}],"wp:attachment":[{"href":"https:\/\/gilbertbrands.de\/blog\/wp-json\/wp\/v2\/media?parent=6492"}],"wp:term":[{"taxonomy":"category","embeddable":true,"href":"https:\/\/gilbertbrands.de\/blog\/wp-json\/wp\/v2\/categories?post=6492"},{"taxonomy":"post_tag","embeddable":true,"href":"https:\/\/gilbertbrands.de\/blog\/wp-json\/wp\/v2\/tags?post=6492"}],"curies":[{"name":"wp","href":"https:\/\/api.w.org\/{rel}","templated":true}]}}