{"id":6030,"date":"2021-03-16T08:05:24","date_gmt":"2021-03-16T07:05:24","guid":{"rendered":"https:\/\/gilbertbrands.de\/blog\/?p=6030"},"modified":"2021-03-16T08:05:24","modified_gmt":"2021-03-16T07:05:24","slug":"schwere-flugzeugkatastrophe","status":"publish","type":"post","link":"https:\/\/gilbertbrands.de\/blog\/2021\/03\/16\/schwere-flugzeugkatastrophe\/","title":{"rendered":"Schwere Flugzeugkatastrophe"},"content":{"rendered":"\n<p>In den fr\u00fchen Morgendstunden st\u00fcrzte ein voll beladenes Frachtflugzeug unmittelbar nach dem Start in eine gro\u00dfe Wohnsiedlung mit mehreren Hochh\u00e4usern. Maschine und H\u00e4user brannten teilweise komplett aus.<\/p>\n\n\n\n<!--more-->\n\n\n\n<p>Die meisten Menschen wurde im Schlaf \u00fcberrascht. Nach ersten Meldungen der ARD starben mindestens 250 Menschen in den Flammen, zum Gl\u00fcck nicht an Corona. Etwa 180 Menschen, zum Teil mit schweren Verbrennungen, k\u00f6nnen nicht in den Kliniken behandelt werden, weil der PCR-Test negativ war. Bei weiteren 150 Personen besteht noch Hoffnung, da die Testergebnisse noch ausstehen.<\/p>\n\n\n\n<p>Auch am Rande des Geschehens kam es zu dramatischen Szenen. Die Polizei l\u00f6ste mittels Tr\u00e4nengaseinsatz eine Versammlung von 170 Menschen auf, die eng in Gruppen stehend nach ihren Angeh\u00f6rigen in den Flammen riefen. Es wurden 38 Bu\u00dfgeldverfahren wegen zu geringer Abst\u00e4nde und Verst\u00f6\u00dfen gegen die Maskenpflicht eingeleitet. Zudem wurden 12 Personen festgenommen, die trotz Quarant\u00e4nevorschriften ihre brennenden Wohnungen verlie\u00dfen. &#8222;Das Verhalten ist unverantwortlich und gef\u00e4hrdet Leben!&#8220; erkl\u00e4rte ein Polizeisprecher und wies auf eine knapp 7 km entfernte PVA (Pflegevollzugsanstalt, Anm. d. Redaktion) hin, die seit 12 Monaten hermetisch von der Umgebung abgeriegelt ist. <\/p>\n\n\n\n<p>Die Landesregierung hat inzwischen unb\u00fcrokratische Soforthilfe f\u00fcr die \u00dcberlebenden angek\u00fcndigt. Diese soll sofort ausgezahlt werden, wenn die 932 Fl\u00fcchtlinge aus Afrika und Syrien versorgt sind, die heute mit 5 Flugzeugen ankommen sollen. Dies soll sp\u00e4testens bis April 2022 geschehen sein. Au\u00dferdem wird erwogen, die Lockdownma\u00dfnahmen auf Sanit\u00e4tsdienste und Feuerwehr auszuweiten. &#8222;So lange die Mitarbeiter nicht geimpft sind, k\u00f6nnen wir eine Gef\u00e4hrdung durch Eins\u00e4tze nicht risikieren.&#8220; erkl\u00e4rte der B\u00fcrgermeister der Stadt.<\/p>\n\n\n\n<p>Kommen noch schlimmere Nachrichten auf uns zu? Nach Informationen von dpa soll in Indien ein Sack Reis umgefallen und aufgeplatzt sein, der nach Ansicht des SPD-Politikers Karl Lauterbach m\u00f6glicherweise ein mit Corona infiziertes Reiskorn enthielt. &#8222;Es k\u00f6nnte sein, dass das durch seine wei\u00dfe Farbe leicht unter den gleichfarbigen anderen Reisk\u00f6rnern erkennbare Korn \u00fcbersehen und verspeist wird.&#8220; erkl\u00e4rte Lauterbach und forderte ein sofortiges mindestens 4-w\u00f6chiges Verbot jeglicher Nahrungsaufnahme in ganz Indien. Das Bundesgesundheitsministerium denkt bereits \u00fcber eine Masken- und Impfpflicht f\u00fcr alle Reisk\u00f6rner nach. <\/p>\n","protected":false},"excerpt":{"rendered":"<p>In den fr\u00fchen Morgendstunden st\u00fcrzte ein voll beladenes Frachtflugzeug unmittelbar nach dem Start in eine gro\u00dfe Wohnsiedlung mit mehreren Hochh\u00e4usern. Maschine und H\u00e4user brannten teilweise komplett aus. Download Artikel als PDF<\/p>\n","protected":false},"author":1,"featured_media":0,"comment_status":"closed","ping_status":"closed","sticky":false,"template":"","format":"standard","meta":{"footnotes":""},"categories":[1],"tags":[],"class_list":["post-6030","post","type-post","status-publish","format-standard","hentry","category-allgemein"],"post_mailing_queue_ids":[],"_links":{"self":[{"href":"https:\/\/gilbertbrands.de\/blog\/wp-json\/wp\/v2\/posts\/6030","targetHints":{"allow":["GET"]}}],"collection":[{"href":"https:\/\/gilbertbrands.de\/blog\/wp-json\/wp\/v2\/posts"}],"about":[{"href":"https:\/\/gilbertbrands.de\/blog\/wp-json\/wp\/v2\/types\/post"}],"author":[{"embeddable":true,"href":"https:\/\/gilbertbrands.de\/blog\/wp-json\/wp\/v2\/users\/1"}],"replies":[{"embeddable":true,"href":"https:\/\/gilbertbrands.de\/blog\/wp-json\/wp\/v2\/comments?post=6030"}],"version-history":[{"count":1,"href":"https:\/\/gilbertbrands.de\/blog\/wp-json\/wp\/v2\/posts\/6030\/revisions"}],"predecessor-version":[{"id":6031,"href":"https:\/\/gilbertbrands.de\/blog\/wp-json\/wp\/v2\/posts\/6030\/revisions\/6031"}],"wp:attachment":[{"href":"https:\/\/gilbertbrands.de\/blog\/wp-json\/wp\/v2\/media?parent=6030"}],"wp:term":[{"taxonomy":"category","embeddable":true,"href":"https:\/\/gilbertbrands.de\/blog\/wp-json\/wp\/v2\/categories?post=6030"},{"taxonomy":"post_tag","embeddable":true,"href":"https:\/\/gilbertbrands.de\/blog\/wp-json\/wp\/v2\/tags?post=6030"}],"curies":[{"name":"wp","href":"https:\/\/api.w.org\/{rel}","templated":true}]}}