{"id":5948,"date":"2021-02-22T17:09:00","date_gmt":"2021-02-22T16:09:00","guid":{"rendered":"https:\/\/gilbertbrands.de\/blog\/?p=5948"},"modified":"2021-02-21T09:18:47","modified_gmt":"2021-02-21T08:18:47","slug":"das-fatum-der-bullerei","status":"publish","type":"post","link":"https:\/\/gilbertbrands.de\/blog\/2021\/02\/22\/das-fatum-der-bullerei\/","title":{"rendered":"Das Fatum der Bullerei"},"content":{"rendered":"\n<p>Die Polizei hat sich im letzten Jahr von der letzten staatlichen Institution, der noch Vertrauen in gr\u00f6\u00dferem Umfang entgegen gebracht wurde, zu der in gr\u00f6\u00dferen Teilen der Bev\u00f6lkerung wohl meist gehassten entwickelt. Politisch gewollt und &#8211; so muss man leider sagen &#8211; selbst verschuldet.<\/p>\n\n\n\n<!--more-->\n\n\n\n<p>Es ist schwer zu sagen, wie gro\u00df der Anteil derjenigen ist, die das aus \u00dcberzeugung machen, aber Polizeikr\u00e4fte, die auf spielende Kinder losgehen, in Kampfmontour zu f\u00fcnft Rentner zu Boden zwingen oder friedlich demonstrierende mit chemischen Kampfstoffen bespr\u00fchen, rufen nun nicht gerade Zuneigung hervor. Der erste der unten eingelinkten Artikel beschreibt dieses Erscheinungsbild, was inzwischen sogar dazu f\u00fchrt, dass pensionierte Polizisten sich von der Truppe lossagen und sich ihrer sch\u00e4men &#8211; ziemlich einmalig f\u00fcr bewaffnete Verb\u00e4nde.<\/p>\n\n\n\n<p>Die anderen vier Artikel beschreiben die Situation aus der Sicht der Truppe. Es empfiehlt sich, hier auch einen Blick auf die Kommentare zu werfen. Bei nicht wenigen Leuten, die sich vermutlich noch vor einiger Zeit auf der Seite der positiv eingestellten befanden, macht sich blanker Hass breit. Die drei Affen (nichts sehen, nichts h\u00f6ren, nicht sprechen) feiern fr\u00f6hliche Urst\u00e4nd.<\/p>\n\n\n\n<p>Wenn man sich die Artikel mit etwas Abstand anschaut, stellt man fest:<\/p>\n\n\n\n<ol class=\"wp-block-list\"><li>Der Dienstalltag &#8211; politisch so gewollt &#8211; erinnert an das psychische Brechen \u00e0 la &#8222;Full Metal Jacket&#8220;. Irgendwann denkt keiner mehr dar\u00fcber nach, was er tut, sondern macht eben, und wenn es um das Einnebeln von friedlichen Demonstranten mit Chemie-Wasserwerfern geht.<\/li><li>Ein Rechtsstaat existiert hier schon lange nicht mehr. Die Staatsanwaltschaften beugen (ebenfalls auf Anweisung) beliebig das Recht. Das in Filmen und Romanen viel benutzte Bild des Staatsanwalts als Vertreter der organisierten Kriminalit\u00e4t entspricht wohl eher der Realit\u00e4t als nur dramaturgisches Hilfsmittel zu sein.<\/li><li>Das Geweine des Polizisten ist leider vielfach nur vorgeschobene Heuchelei. Auch wenn hartes Vorgehen von der Politik gefordert wird, k\u00f6nnten die Beamten vor Ort das Vorgehen gegen Kinder als nicht durchsetzbar aussetzen (die Begr\u00fcndung wird ja auch benutzt, um gegen eine Versammlung wehrhafter Ausl\u00e4nder nichts zu unternehmen)<\/li><\/ol>\n\n\n\n<p>Der Diensteid verpflichtet, Recht und Gesetz zu wahren, aber nicht, die willk\u00fcrlichen Befehle durchgeknallter korrupter Politiker zu befolgen. Leider ist aber genau das seit mehr als 10 Jahren Standard in diesem Land und wird immer schlimmer.<\/p>\n\n\n\n<hr class=\"wp-block-separator\"\/>\n\n\n\n<figure class=\"wp-block-embed-wordpress wp-block-embed is-type-wp-embed is-provider-tichys-einblick\"><div class=\"wp-block-embed__wrapper\">\n<blockquote class=\"wp-embedded-content\" data-secret=\"M47yT5EmwL\"><a href=\"https:\/\/www.tichyseinblick.de\/meinungen\/polizei-entfremdet-sich-von-der-bevoelkerung\/\">Polizei entfremdet sich von der Bev\u00f6lkerung<\/a><\/blockquote><iframe loading=\"lazy\" class=\"wp-embedded-content\" sandbox=\"allow-scripts\" security=\"restricted\" style=\"position: absolute; visibility: hidden;\" title=\"&#8222;Polizei entfremdet sich von der Bev\u00f6lkerung&#8220; &#8212; Tichys Einblick\" src=\"https:\/\/www.tichyseinblick.de\/meinungen\/polizei-entfremdet-sich-von-der-bevoelkerung\/embed\/#?secret=7xJtssQ59x#?secret=M47yT5EmwL\" data-secret=\"M47yT5EmwL\" width=\"600\" height=\"338\" frameborder=\"0\" marginwidth=\"0\" marginheight=\"0\" scrolling=\"no\"><\/iframe>\n<\/div><\/figure>\n\n\n\n<p><a href=\"https:\/\/www.achgut.com\/artikel\/polizistenalltag_teil_1_papierkrieg_und_frust_mit_der_justiz\">https:\/\/www.achgut.com\/artikel\/polizistenalltag_teil_1_papierkrieg_und_frust_mit_der_justiz<\/a><\/p>\n\n\n\n<p><a href=\"https:\/\/www.achgut.com\/artikel\/polizistenalltag_teil_2_erfahrungen_mit_migranten\">https:\/\/www.achgut.com\/artikel\/polizistenalltag_teil_2_erfahrungen_mit_migranten<\/a><\/p>\n\n\n\n<p><a href=\"https:\/\/www.achgut.com\/artikel\/polizistenalltag_teil_3_die_polizei_und_die_politik\">https:\/\/www.achgut.com\/artikel\/polizistenalltag_teil_3_die_polizei_und_die_politik<\/a><\/p>\n\n\n\n<p><a href=\"https:\/\/www.achgut.com\/artikel\/polizistenalltag_teil_4_der_innere_zustand_der_polizei\">https:\/\/www.achgut.com\/artikel\/polizistenalltag_teil_4_der_innere_zustand_der_polizei<\/a><\/p>\n","protected":false},"excerpt":{"rendered":"<p>Die Polizei hat sich im letzten Jahr von der letzten staatlichen Institution, der noch Vertrauen in gr\u00f6\u00dferem Umfang entgegen gebracht wurde, zu der in gr\u00f6\u00dferen Teilen der Bev\u00f6lkerung wohl meist gehassten entwickelt. Politisch gewollt und &#8211; so muss man leider sagen &#8211; selbst verschuldet. Download Artikel als PDF<\/p>\n","protected":false},"author":1,"featured_media":0,"comment_status":"closed","ping_status":"closed","sticky":false,"template":"","format":"standard","meta":{"footnotes":""},"categories":[1],"tags":[],"class_list":["post-5948","post","type-post","status-publish","format-standard","hentry","category-allgemein"],"post_mailing_queue_ids":[],"_links":{"self":[{"href":"https:\/\/gilbertbrands.de\/blog\/wp-json\/wp\/v2\/posts\/5948","targetHints":{"allow":["GET"]}}],"collection":[{"href":"https:\/\/gilbertbrands.de\/blog\/wp-json\/wp\/v2\/posts"}],"about":[{"href":"https:\/\/gilbertbrands.de\/blog\/wp-json\/wp\/v2\/types\/post"}],"author":[{"embeddable":true,"href":"https:\/\/gilbertbrands.de\/blog\/wp-json\/wp\/v2\/users\/1"}],"replies":[{"embeddable":true,"href":"https:\/\/gilbertbrands.de\/blog\/wp-json\/wp\/v2\/comments?post=5948"}],"version-history":[{"count":4,"href":"https:\/\/gilbertbrands.de\/blog\/wp-json\/wp\/v2\/posts\/5948\/revisions"}],"predecessor-version":[{"id":5963,"href":"https:\/\/gilbertbrands.de\/blog\/wp-json\/wp\/v2\/posts\/5948\/revisions\/5963"}],"wp:attachment":[{"href":"https:\/\/gilbertbrands.de\/blog\/wp-json\/wp\/v2\/media?parent=5948"}],"wp:term":[{"taxonomy":"category","embeddable":true,"href":"https:\/\/gilbertbrands.de\/blog\/wp-json\/wp\/v2\/categories?post=5948"},{"taxonomy":"post_tag","embeddable":true,"href":"https:\/\/gilbertbrands.de\/blog\/wp-json\/wp\/v2\/tags?post=5948"}],"curies":[{"name":"wp","href":"https:\/\/api.w.org\/{rel}","templated":true}]}}