{"id":577,"date":"2016-07-17T07:50:20","date_gmt":"2016-07-17T05:50:20","guid":{"rendered":"http:\/\/gilbertbrands.de\/blog\/?p=577"},"modified":"2016-07-17T07:50:20","modified_gmt":"2016-07-17T05:50:20","slug":"putsch-in-der-tuerkei-oder-in-deutschland","status":"publish","type":"post","link":"https:\/\/gilbertbrands.de\/blog\/2016\/07\/17\/putsch-in-der-tuerkei-oder-in-deutschland\/","title":{"rendered":"Putsch in der T\u00fcrkei &#8211; oder in Deutschland ?"},"content":{"rendered":"<p>Da haben die T\u00fcrken den 20. Juli doch tats\u00e4chlich schon am 15. Juli begangen. Dummerweise nicht so konsequent wie die deutschen Putschisten, aber genauso erfolglos. Und vermutlich<!--more--> mit den gleichen Folgen: irgendwelche Fr\u00fcsl\u00fcrs oder wie die Richter der t\u00fcrkischen V\u00fclksger\u00fcchtsh\u00fcfe auch hei\u00dfen m\u00f6gen, werden unter der Opposition, gleich ob sie am Putsch beteiligt war oder nicht, kr\u00e4ftig aufr\u00e4umen.<\/p>\n<p>Doch genug zu dem Thema. Dar\u00fcber zerrei\u00dfen sich selbst deutsche Qualit\u00e4tsmedien schon genug das Maul. Werfen wir einen Blick ins Inland: Tausenden demonstrieren in nahezu allen deutschen Gro\u00dfst\u00e4dten mit t\u00fcrkischen Fahnen und lebensgro\u00dfen Erdogankonterfeis. Und keinem f\u00e4llt etwas auf?<\/p>\n<p>Sollte es aber: genau diese Reaktionen der so genannten Deutscht\u00fcrken zeigen, dass die so genannte Integration in Deutschland noch sehr viel kl\u00e4glicher gescheitert ist als der Putsch in der T\u00fcrkei. Leute, die in eigenen Vierteln leben (und gl\u00fccklicherweise selten aus diesen herauskommen), nicht Deutsch sprechen, wenn es sich nicht unbedingt vermeiden l\u00e4sst, ihr eigenes Recht pflegen und auch noch bei Vorg\u00e4ngen in einem v\u00f6llig anderen Land zeigen, was sie als ihre eigentliche Heimat betrachten, bei Vorg\u00e4ngen wie Terroranschl\u00e4gen hier aber auffallend zur\u00fcckhaltend sind, sind hier nicht angekommen und werden es auch nie, es sei denn, wie Erdogan selbst auf Veranstaltungen in Deutschland herumbr\u00fcllen durfte, als Soldaten, die eine Gro\u00dft\u00fcrkei errichten.<\/p>\n<p>Selbst Integrierte, die bereits sehr lange in Deutschland leben, gestehen in Interviews ein, dass sie anl\u00e4\u00dflich \u00e4hnlicher Putsche in der Vergangenheit in die BRD gekommen und aufgrund der Verfolgungswellen nach den Putschen nicht unbedingt freiweillig hiergeblieben sind. Wobei es sich oft um Integrierte, aber nicht Inkludierte handelt, d.h. sie engagieren sich f\u00fcr Gruppenrechte von T\u00fcrken, die nicht unbedingt mit deutschen Interessen \u00fcbereinstimmen (<a href=\"https:\/\/de.wikipedia.org\/wiki\/Integration_(Soziologie)\" target=\"_blank\">zur Begriffsdefinition von Integration<\/a>). Vermutlich steht auch jetzt wieder zu erwarten, dass Deutschland um eine ganze Reihe von Leuten reicher ist, wenn der abzusehende Erdogan-Terror abflaut, und diesmal sogar mit schlagenden Argumenten der politischen Verfolgung, wenn sie hier ankommen.<\/p>\n<p>Zeilen wie diese werden mit Sicherheit wieder den Schrei der Hetze auf sich ziehen, weil das einfacher ist, als einmal \u00fcber die Sache nachzudenken. Integration ist so was wie in den USA: im Notfall kann man alle unter einer Fahne versammeln und alle sprechen zumindest eine Sprache, aber bei passender Gelegenheit fallen die weitgehend immer noch getrennten Gruppen der Wei\u00dfen, Schwarzen, Latinos und wer sich da noch organisiert \u00fcbereinander her. Wollen wir solche Zust\u00e4nde? Ich nicht. Und wo steht Deutschland? Das ist noch nicht mal bei der Integration angekommen: explizite Abgrenzung durch Sprache und gesellschaftliche Werte, und eine gemeinsame Fahne, unter der man sich versammeln kann, existiert allenfalls partiell beim Fussball. Es wird Zeit, mit der Selbstbeweihr\u00e4ucherung aufzuh\u00f6ren, um zu retten, was noch zu retten ist.<\/p>\n","protected":false},"excerpt":{"rendered":"<p>Da haben die T\u00fcrken den 20. Juli doch tats\u00e4chlich schon am 15. Juli begangen. Dummerweise nicht so konsequent wie die deutschen Putschisten, aber genauso erfolglos. Und vermutlich Download Artikel als PDF<\/p>\n","protected":false},"author":1,"featured_media":0,"comment_status":"open","ping_status":"open","sticky":false,"template":"","format":"standard","meta":{"footnotes":""},"categories":[12,4,6],"tags":[],"class_list":["post-577","post","type-post","status-publish","format-standard","hentry","category-gesellschaft","category-migration","category-politik"],"post_mailing_queue_ids":[],"_links":{"self":[{"href":"https:\/\/gilbertbrands.de\/blog\/wp-json\/wp\/v2\/posts\/577","targetHints":{"allow":["GET"]}}],"collection":[{"href":"https:\/\/gilbertbrands.de\/blog\/wp-json\/wp\/v2\/posts"}],"about":[{"href":"https:\/\/gilbertbrands.de\/blog\/wp-json\/wp\/v2\/types\/post"}],"author":[{"embeddable":true,"href":"https:\/\/gilbertbrands.de\/blog\/wp-json\/wp\/v2\/users\/1"}],"replies":[{"embeddable":true,"href":"https:\/\/gilbertbrands.de\/blog\/wp-json\/wp\/v2\/comments?post=577"}],"version-history":[{"count":1,"href":"https:\/\/gilbertbrands.de\/blog\/wp-json\/wp\/v2\/posts\/577\/revisions"}],"predecessor-version":[{"id":578,"href":"https:\/\/gilbertbrands.de\/blog\/wp-json\/wp\/v2\/posts\/577\/revisions\/578"}],"wp:attachment":[{"href":"https:\/\/gilbertbrands.de\/blog\/wp-json\/wp\/v2\/media?parent=577"}],"wp:term":[{"taxonomy":"category","embeddable":true,"href":"https:\/\/gilbertbrands.de\/blog\/wp-json\/wp\/v2\/categories?post=577"},{"taxonomy":"post_tag","embeddable":true,"href":"https:\/\/gilbertbrands.de\/blog\/wp-json\/wp\/v2\/tags?post=577"}],"curies":[{"name":"wp","href":"https:\/\/api.w.org\/{rel}","templated":true}]}}