{"id":5424,"date":"2020-10-25T13:49:00","date_gmt":"2020-10-25T12:49:00","guid":{"rendered":"https:\/\/gilbertbrands.de\/blog\/?p=5424"},"modified":"2020-10-24T14:36:19","modified_gmt":"2020-10-24T12:36:19","slug":"die-erbaermlichkeit-heisst-reinhardt","status":"publish","type":"post","link":"https:\/\/gilbertbrands.de\/blog\/2020\/10\/25\/die-erbaermlichkeit-heisst-reinhardt\/","title":{"rendered":"Die Erb\u00e4rmlichkeit hei\u00dft Reinhardt"},"content":{"rendered":"\n<p>Also nicht mit Vornamen. Da hei\u00dft sie Klaus und ist Mediziner und Pr\u00e4sident der Bundes\u00e4rztekammer. Ist also wer und nicht irgendwer. Und sie hat am 21.10.2020 im ZDF folgendes gesagt:<\/p>\n\n\n\n<!--more-->\n\n\n\n<blockquote class=\"wp-block-quote is-layout-flow wp-block-quote-is-layout-flow\"><p>ZDF Markus Lanz: Interview mit Klaus Reinhardt, Pr\u00e4sident der Bundes\u00e4rztekammer \u2013 Auszug: Lanz: \u201eWas ist mit den Mund-Nasenschutz-Masken? Sind Sie davon \u00fcberzeugt\u201c \u2013 Reinhardt: \u201eNein, ich bin davon nicht \u00fcberzeugt, weil es tats\u00e4chlich auch keine wissenschaftliche Evidenz dar\u00fcber gibt, dass die tats\u00e4chlich hilfreich sind. Schon gar nicht im Selbstschutz und wahrscheinlich auch nur ganz wenig im Schutz, andere anzustecken. (\u2026) Die Viren werden dadurch nicht aufgehalten.\u201c \u00b9\u207e \u2013 Lanz: \u201eErnsthaft jetzt?\u201c \u2013 Reinhardt: \u201eJa, das ist meine pers\u00f6nliche Auffassung und dazu gibt es auch wissenschaftliche Studien, dass man, glaube ich, 200.000 Masken dieser Art tragen muss um eine Infektion zu vermeiden. (\u2026) Ich finde, dass wir dar\u00fcber nachdenken d\u00fcrfen in dieser Gesellschaft, ob die Vermummung und sich vermummt gegen\u00fcberzutreten ein Standard werden soll und muss. (\u2026) \u2013 Lanz: \u201eAber medizinisch kann es doch nicht ernsthaft eine Frage geben, ob Masken was bringen oder nicht.\u201c \u2013 Reinhardt: \u201eDoch.\u201c <\/p><cite><a href=\"https:\/\/www.zdf.de\/gesellschaft\/markus-lanz\/markus-lanz-vom-21-oktober-2020-100.html\">https:\/\/www.zdf.de\/gesellschaft\/markus-lanz\/markus-lanz-vom-21-oktober-2020-100.html<\/a><\/cite><\/blockquote>\n\n\n\n<p>Was nat\u00fcrlich nicht im Sinne von Drosten, Spahn und <s>Streicher<\/s> S\u00f6der ist. Weshalb sie sofort bearbeitet wurde und bereits am 23.10.2020 nach 2 Tagen intensivem <s>Waterboarding<\/s> Maskenboarding zu folgender Erkenntnis kam:<\/p>\n\n\n\n<blockquote class=\"wp-block-quote is-layout-flow wp-block-quote-is-layout-flow\"><p>&#8222;Die aktuelle Evidenz aus vielf\u00e4ltigen Studien  spricht f\u00fcr einen Nutzen des Mund-Nasen-Schutzes&#8220;, teilte er mit. Seine  Aussagen h\u00e4tten zu erheblichen Irritationen gef\u00fchrt, die er sehr  bedauere. Die Studien wiesen darauf hin, dass sowohl die  \u00dcbertragung auf andere als auch die Selbstansteckung durch Alltagsmasken  verringert werde, erkl\u00e4rte er weiter. &#8222;Aus diesen Daten resultiert die  klare Empfehlung zum Tragen eines Mund-Nasen-Schutzes.&#8220;<\/p><cite><a href=\"https:\/\/www.tagesschau.de\/inland\/diskussion-alltagsmasken-103.html\">https:\/\/www.tagesschau.de\/inland\/diskussion-alltagsmasken-103.html<\/a><\/cite><\/blockquote>\n\n\n\n<p>Gl\u00fccklicherweise habe ich einige schlaue Bekannte, die mich darauf aufmerksam machten, dass zwischen diesen beiden Aussagen infinitesimale Unterschiede bestehen. Eigentlich ist doch alles klar, wenn man das so zusammen fasst:<\/p>\n\n\n\n<blockquote class=\"wp-block-quote is-layout-flow wp-block-quote-is-layout-flow\"><p>Masken: es [gibt] tats\u00e4chlich auch keine wissenschaftliche Evidenz dar\u00fcber <s>gibt<\/s>, dass die tats\u00e4chlich hilfreich sind. Schon gar nicht im Selbstschutz und wahrscheinlich auch nur ganz wenig im Schutz, andere anzustecken. (\u2026) Die Viren werden dadurch nicht aufgehalten. Aus diesen Daten resultiert die  klare Empfehlung zum Tragen eines Mund-Nasen-Schutzes<\/p><\/blockquote>\n\n\n\n<p>Na, so ist das doch eindeutig und v\u00f6llig logisch, oder? Da macht doch auch der Blockwartaufruf des WDR Sinn:<\/p>\n\n\n\n<blockquote class=\"wp-block-quote is-layout-flow wp-block-quote-is-layout-flow\"><p>Wer eine Arztpraxis betritt, sollte sich umschauen und ein Auge darauf  haben, ob die allgemeinen Hygiene-Vorschriften eingehalten werden.  Tragen alle Masken? Gibt es eine Plexiglaswand am Empfangstisch? Wird  auf gen\u00fcgend Abstand geachtet, auch im Wartezimmer? Bei Abweichungen:  Unbedingt das Praxisteam ansprechen. Und dem Arzt widersprechen, falls  er alles als harmlos hinstellt. Hinweise \u00fcber entsprechende F\u00e4lle bitte  der zust\u00e4ndigen \u00c4rztekammer melden. &#8222;Wir gehen dann der Sache nach.&#8220;<\/p><cite><a href=\"https:\/\/www1.wdr.de\/nachrichten\/themen\/coronavirus\/aerzte-coronavirus-verharmlosen-leugnen-folgen-102.html\">https:\/\/www1.wdr.de\/nachrichten\/themen\/coronavirus\/aerzte-coronavirus-verharmlosen-leugnen-folgen-102.html<\/a><\/cite><\/blockquote>\n\n\n\n<p>Denunzieren, bis der Arzt kommt &#8211; ach so, man ist ja schon da! H\u00f6rt der Abgesandte des Papstes auf den Titel <a href=\"https:\/\/de.wikipedia.org\/wiki\/Apostolischer_Nuntius\">Nuntius<\/a>, dann sollte der oberste WDR-Vertreter seine Bezeichnung von Intendant besser auf Denuntius \u00e4ndern. Wobei man, wenn man den Artikel liest, auch gleich \u00fcber den Gebrauch der Sprache und Worte aufgekl\u00e4rt wird. Denn \u00c4rzte, die der Ansicht sind, die in medizinischen Fragen fachlich doch wesentlich korpulenteren Journalisten w\u00fcrden bei Corona \u00fcbertreiben, &#8222;leugnen&#8220; Corona. Zum alten Begriff &#8222;leugnen&#8220; findet man folgende Definition,<\/p>\n\n\n\n<figure class=\"wp-block-image size-large\"><img loading=\"lazy\" decoding=\"async\" width=\"645\" height=\"146\" src=\"https:\/\/gilbertbrands.de\/blog\/wp-content\/uploads\/2020\/10\/grafik-5.png\" alt=\"\" class=\"wp-image-5425\" srcset=\"https:\/\/gilbertbrands.de\/blog\/wp-content\/uploads\/2020\/10\/grafik-5.png 645w, https:\/\/gilbertbrands.de\/blog\/wp-content\/uploads\/2020\/10\/grafik-5-300x68.png 300w\" sizes=\"auto, (max-width: 645px) 100vw, 645px\" \/><\/figure>\n\n\n\n<p>zu der man nun <\/p>\n\n\n\n<pre class=\"wp-block-preformatted\">vernichtendes Verb\n3. die <a href=\"https:\/\/de.wikipedia.org\/wiki\/P%C3%A4pstliche_Unfehlbarkeit\">Infallibilit\u00e4t<\/a> eines Journalisten durch eigene Meinung anzweifeln<\/pre>\n\n\n\n<p>hinzuf\u00fcgen muss, also in dem Sinn: der Papst kann nicht irren, der ARD-Journalist kann <em>\u00fcberhaupt<\/em> nicht irren.<\/p>\n\n\n\n<p>Aber zur\u00fcck zur Erb\u00e4rmlichkeit: wie reinhardt und armselig muss man sich verhalten, um Pr\u00e4sident der <a href=\"https:\/\/de.wikipedia.org\/wiki\/Bundes%C3%A4rztekammer\">Bundes\u00e4rztekammer<\/a> zu werden? Ist das nun eine Institution der Selbstverwaltung oder Selbstvergewaltigung? Hat der Mann es mit 60 immer noch n\u00f6tig, nicht zu sich selbst zu stehen und beim leisesten Pups umzufallen? Aus meiner Sicht kann man ihn wie Lesch, Schellnhuber, Rahmstorf, Kemfert und ein paar andere behandeln: die Titel weglassen. <\/p>\n\n\n\n<hr class=\"wp-block-separator\"\/>\n\n\n\n<p>\u00b9\u207e Reinhardt zitiert an dieser Stelle &#8230; na? schon erraten? &#8230; Genau, Christian Drosten, und der muss es ja wissen. Er ist schlie\u00dflich keine linke Bazille, sondern Wirologe (oder Ichologe ?).<\/p>\n","protected":false},"excerpt":{"rendered":"<p>Also nicht mit Vornamen. Da hei\u00dft sie Klaus und ist Mediziner und Pr\u00e4sident der Bundes\u00e4rztekammer. Ist also wer und nicht irgendwer. Und sie hat am 21.10.2020 im ZDF folgendes gesagt: Download Artikel als PDF<\/p>\n","protected":false},"author":1,"featured_media":0,"comment_status":"closed","ping_status":"closed","sticky":false,"template":"","format":"standard","meta":{"footnotes":""},"categories":[1],"tags":[],"class_list":["post-5424","post","type-post","status-publish","format-standard","hentry","category-allgemein"],"post_mailing_queue_ids":[],"_links":{"self":[{"href":"https:\/\/gilbertbrands.de\/blog\/wp-json\/wp\/v2\/posts\/5424","targetHints":{"allow":["GET"]}}],"collection":[{"href":"https:\/\/gilbertbrands.de\/blog\/wp-json\/wp\/v2\/posts"}],"about":[{"href":"https:\/\/gilbertbrands.de\/blog\/wp-json\/wp\/v2\/types\/post"}],"author":[{"embeddable":true,"href":"https:\/\/gilbertbrands.de\/blog\/wp-json\/wp\/v2\/users\/1"}],"replies":[{"embeddable":true,"href":"https:\/\/gilbertbrands.de\/blog\/wp-json\/wp\/v2\/comments?post=5424"}],"version-history":[{"count":2,"href":"https:\/\/gilbertbrands.de\/blog\/wp-json\/wp\/v2\/posts\/5424\/revisions"}],"predecessor-version":[{"id":5427,"href":"https:\/\/gilbertbrands.de\/blog\/wp-json\/wp\/v2\/posts\/5424\/revisions\/5427"}],"wp:attachment":[{"href":"https:\/\/gilbertbrands.de\/blog\/wp-json\/wp\/v2\/media?parent=5424"}],"wp:term":[{"taxonomy":"category","embeddable":true,"href":"https:\/\/gilbertbrands.de\/blog\/wp-json\/wp\/v2\/categories?post=5424"},{"taxonomy":"post_tag","embeddable":true,"href":"https:\/\/gilbertbrands.de\/blog\/wp-json\/wp\/v2\/tags?post=5424"}],"curies":[{"name":"wp","href":"https:\/\/api.w.org\/{rel}","templated":true}]}}