{"id":5405,"date":"2020-10-18T18:13:51","date_gmt":"2020-10-18T16:13:51","guid":{"rendered":"https:\/\/gilbertbrands.de\/blog\/?p=5405"},"modified":"2020-10-18T18:13:51","modified_gmt":"2020-10-18T16:13:51","slug":"lock-me-down","status":"publish","type":"post","link":"https:\/\/gilbertbrands.de\/blog\/2020\/10\/18\/lock-me-down\/","title":{"rendered":"LOCK &#8211; ME &#8211; DOWN !!!"},"content":{"rendered":"\n<p>Von den \u00fcblichen Psychopathen, zu denen sich inzwischen ein weiterer von Gates &amp; Co. finanzierter Fachmann f\u00fcr get\u00fcrkte Berichte und Prognosen hinzu gesellt hat, wird unter Applaus der geistesgest\u00f6rten Mainstream-Journaille inzwischen von v\u00f6lliger Abriegelung von Millionenst\u00e4dten wie Berlin, M\u00fcnchen, K\u00f6ln, Frankfurt (ok, etwas weniger als 1 Mio) und anderen gefaselt. Weil Corona &#8222;au\u00dfer Kontrolle&#8220; geraten k\u00f6nnte.<\/p>\n\n\n\n<!--more-->\n\n\n\n<p>Das einzige, was au\u00dfer Kontrolle geraten ist, sind diese Spinner. Bereits jetzt werden wegen der Gefahr (welcher eigentlich?) in den St\u00e4dten auch im Freien Maskengebote aufgelegt, das ganze bei 0,023% &#8211; 0,04% Leutchen mit positiven Test. Die Zahlen setzen sich aus False-Positives + inaktiven Viren + aktiven Viren + infekti\u00f6sen Symptomlosen + infekti\u00f6sen Erkrankten + nicht infekti\u00f6sen Erkrankten zusammen. Mal zum Vergleich: der normale Krankenstand beim arbeitenden Teil der Bev\u00f6lkerung liegt nach Angaben der GKV bei 4% (bei super-arbeitsw\u00fctigen \u00f6ffentlichen Dienst sogar bereichstweis bei 8%). Da sind neue Lockdowns, die dem Rest der kleinen Betriebe, die bis jetzt \u00fcberlebt haben, den Rest geben, voll gerechtfertigt. <\/p>\n\n\n\n<p>Wirft man mal einen Blick ins divi-Register (kann ich nur als Link bringen wegen Urheberrechten und so), stellt man fest:<\/p>\n\n\n\n<p><a href=\"https:\/\/www.intensivregister.de\/#\/intensivregister?tab=kartenansicht\">https:\/\/www.intensivregister.de\/#\/intensivregister?tab=kartenansicht<\/a><\/p>\n\n\n\n<p>Gerade mal 2% der Intensivbetten sind mit Covid-19-Patienten belegt, genauer, mit Leuten, die einen positiven PCR-Test haben und von denen die meisten noch etliche andere fiese Kleinlebewesen in sich tragen und der Rest wegen Herzklabaster, Hirnschlag oder Verkehrsunf\u00e4llen dort liegen. Egal, woran sie sterben, wenn sie sterben, sie sterben nat\u00fcrlich an Corona, ist doch klar.<\/p>\n\n\n\n<p>Mal als Zahlen, damit man das etwas besser durchschaut. Mit heutigem Datum gilt<\/p>\n\n\n\n<ul class=\"wp-block-list\"><li>769 Corona-Intensivpatienten, davon<\/li><li>354 maschinell beatmet, bei<\/li><li>20.662 belegten Intensivbetten insgesamt, zu denen<\/li><li>9.361 noch freie hinzu kommen und durch weitere<\/li><li>12.334 weitere Betten aufgestockt werden k\u00f6nnen.<\/li><\/ul>\n\n\n\n<p>Das ist vergleichbar mit den Parkpl\u00e4tzen f\u00fcr Schwerbehinderte an den Einkaufszentren. Wenn die wirklich mal alle gleichzeitig belegt werden sollen, m\u00fcssen s\u00e4mtlich Schwerbehinderte der 3 umliegenden Kreise eine Sternfahrt unternehmen.<\/p>\n\n\n\n<p>Bis jetzt sind schon mehr Menschen durch die Schutzma\u00dfnahmen gestorben als durch das Virus. Vorsichtig gesch\u00e4tzt sind mehr als 100.000 Menschen zwangsweise allein gelassen irgendwo in Heimen verreckt oder gn\u00e4digerweise ins Nirwana gespritzt worden, weil keine Pflege mehr stattfinden konnte. Es sagt schon einiges \u00fcber diese Gesellschaft aus, wenn ein Krankenhausarzt heimlich die Frau eines Sterbenden \u00fcber die Hintertreppe ins Krankenzimmer schmuggelt, damit sie Abschied nehmen kann, und hinterher auf Verschwiegenheit dringen muss, damit er keine Probleme bekommt.<\/p>\n\n\n\n<p>Ich habe mich manches Mal gefragt, wie man eigentlich damit leben kann, im KZ Menschen gequ\u00e4lt und letztlich ermordet zu haben. Wie geht man mit seinem Gewissen um? Die NS-T\u00e4ter sind alle tot, die kann man nicht mehr fragen. Daf\u00fcr gibt es inzwischen andere: liebe Bundesminister, Landesminister, Landr\u00e4te und B\u00fcrgermeister, wie wird man damit fertig, den NS-T\u00e4tern als w\u00fcrdige Nachfolger zu Seite treten zu d\u00fcrfen? \u00dcber eine Antwort w\u00fcrde ich mich freuen, \u00fcber den einen oder anderen Selbstmord auch.<\/p>\n","protected":false},"excerpt":{"rendered":"<p>Von den \u00fcblichen Psychopathen, zu denen sich inzwischen ein weiterer von Gates &amp; Co. finanzierter Fachmann f\u00fcr get\u00fcrkte Berichte und Prognosen hinzu gesellt hat, wird unter Applaus der geistesgest\u00f6rten Mainstream-Journaille inzwischen von v\u00f6lliger Abriegelung von Millionenst\u00e4dten wie Berlin, M\u00fcnchen, K\u00f6ln, Frankfurt (ok, etwas weniger als 1 Mio) und anderen gefaselt. Weil Corona &#8222;au\u00dfer Kontrolle&#8220; geraten &hellip; <a href=\"https:\/\/gilbertbrands.de\/blog\/2020\/10\/18\/lock-me-down\/\" class=\"more-link\"><span class=\"screen-reader-text\">LOCK &#8211; ME &#8211; DOWN !!!<\/span> weiterlesen <span class=\"meta-nav\">&rarr;<\/span><\/a><\/p>\n","protected":false},"author":1,"featured_media":0,"comment_status":"closed","ping_status":"closed","sticky":false,"template":"","format":"standard","meta":{"footnotes":""},"categories":[1],"tags":[],"class_list":["post-5405","post","type-post","status-publish","format-standard","hentry","category-allgemein"],"post_mailing_queue_ids":[],"_links":{"self":[{"href":"https:\/\/gilbertbrands.de\/blog\/wp-json\/wp\/v2\/posts\/5405","targetHints":{"allow":["GET"]}}],"collection":[{"href":"https:\/\/gilbertbrands.de\/blog\/wp-json\/wp\/v2\/posts"}],"about":[{"href":"https:\/\/gilbertbrands.de\/blog\/wp-json\/wp\/v2\/types\/post"}],"author":[{"embeddable":true,"href":"https:\/\/gilbertbrands.de\/blog\/wp-json\/wp\/v2\/users\/1"}],"replies":[{"embeddable":true,"href":"https:\/\/gilbertbrands.de\/blog\/wp-json\/wp\/v2\/comments?post=5405"}],"version-history":[{"count":1,"href":"https:\/\/gilbertbrands.de\/blog\/wp-json\/wp\/v2\/posts\/5405\/revisions"}],"predecessor-version":[{"id":5406,"href":"https:\/\/gilbertbrands.de\/blog\/wp-json\/wp\/v2\/posts\/5405\/revisions\/5406"}],"wp:attachment":[{"href":"https:\/\/gilbertbrands.de\/blog\/wp-json\/wp\/v2\/media?parent=5405"}],"wp:term":[{"taxonomy":"category","embeddable":true,"href":"https:\/\/gilbertbrands.de\/blog\/wp-json\/wp\/v2\/categories?post=5405"},{"taxonomy":"post_tag","embeddable":true,"href":"https:\/\/gilbertbrands.de\/blog\/wp-json\/wp\/v2\/tags?post=5405"}],"curies":[{"name":"wp","href":"https:\/\/api.w.org\/{rel}","templated":true}]}}