{"id":5400,"date":"2020-10-14T10:25:26","date_gmt":"2020-10-14T08:25:26","guid":{"rendered":"https:\/\/gilbertbrands.de\/blog\/?p=5400"},"modified":"2020-10-14T10:25:27","modified_gmt":"2020-10-14T08:25:27","slug":"panik-fuer-fortgeschrittene","status":"publish","type":"post","link":"https:\/\/gilbertbrands.de\/blog\/2020\/10\/14\/panik-fuer-fortgeschrittene\/","title":{"rendered":"Panik f\u00fcr Fortgeschrittene"},"content":{"rendered":"\n<p>In Querdenken- und verwandten Gruppierungen mit dem Ziel, die Corona-Diktatur zu beenden, machte sich in den letzten Tagen die Hoffnung breit, dass zunehmend mehr Menschen &#8222;aufgekl\u00e4rt&#8220; werden und beginnen, sich gegen die Ma\u00dfnahmen zu wenden. Nach meinen Beobachtungen wird es aber aber schlimmer als besser.<\/p>\n\n\n\n<!--more-->\n\n\n\n<p>Der Landkreis Aurich ist derzeit &#8222;Hochrisikogebiet&#8220; oder so \u00e4hnlich. So genau wei\u00df man das inzwischen nicht mehr. &#8222;Risikogebiet&#8220; bedeutet, dass mindestens 0,05% der B\u00fcrger innerhalb einer Woche positiv getestet sind. Anders ausgedr\u00fcckt und auf die 2-w\u00f6chige Quarant\u00e4nezeit umgerechnet: dass ca. 0,1% unter Verdacht stehe, erkranken zu k\u00f6nnen oder erkrankt zu sein. So genau wei\u00df man auch das nicht. Der durchschnittliche Krankenstand in der gesetzlichen KV liegt bei ungef\u00e4hr 4%, im Bereich der beihilfeberechtigten Lehrerschaft etwa bei dem Doppelten. Es sind also vom Arzt 40-80x so viele Leute mit einer echten Erkrankung arbeitsunf\u00e4hig geschrieben als durch Covid19 m\u00f6glicherweise krankheitsgef\u00e4hrdet sind. Ein Grund f\u00fcr echte Panik, oder nicht?<\/p>\n\n\n\n<p>Wie dem auch sei, in den letzten Tagen ist die Zahl der Nicht-Maskentr\u00e4ger in den Gesch\u00e4ften rapide gesunken. Waren Anfang der letzten Woche noch im Schnitt 5-6 Leute mit einer Ausnahmegenehmigung nach \u00a73(6) CoronaVO Nds. zuz\u00fcglich aller Angestellten im Supermarkt unterwegs, ist es seit Samstag au\u00dfer mir h\u00f6chstens noch 1. Auch alle Angestellten tragen inzwischen Masken, w\u00e4hrend der kompletten Schicht, wohlgemerkt, und selbst dann, wenn sie an der Kasse hinter meterdickem Plexiglas sitzen. Dass es sich dabei um vors\u00e4tzliche K\u00f6rperverletzung und bu\u00dfgeldbeschwerte Verst\u00f6\u00dfe gegen das Arbeitsrecht handelt &#8211; wen interessiert&#8217;s ?<\/p>\n\n\n\n<p>Auch der Ton wird wieder rauher. Wurde man in den letzten Wochen ohne Maske nicht bel\u00e4stigt, schallt es nun wieder \u00f6fters &#8222;MASKE!!!&#8220; durch den Raum, gefolgt von &#8222;DAS KANN JA JEDER SAGEN!&#8220;, wenn man auf ein Attest hinweist. Das ebenfalls, sollte man es zeigen wollen, wie auch Infozettel, dass man das nicht tun muss, niemand anfasst, weil es ja ein potentiell t\u00f6dlich Infizierter in der Hand hatte. Bei einer Bekannten, die abends als letzte Kundin noch in einem Laden war, eskalierte das derart, dass sie ihren gut gef\u00fcllten Wagen im Gang stehen lie\u00df und das Gesch\u00e4ft verlie\u00df.<\/p>\n\n\n\n<p>Ostfriesland, Land des freundlichen &#8222;moin&#8220; auch Fremden auf der Stra\u00dfe gegen\u00fcber? Nicht mehr. Gr\u00fc\u00dfen tut kaum noch einer. Lachen wird \u00fcbrigens auch immer seltener. Sp\u00e4\u00dfeken an der Kasse im Supermarkt? Die Blicke, die inzwischen zur\u00fcck kommen, k\u00f6nnen problemlos jede Erw\u00e4rmung aufhalten. <\/p>\n\n\n\n<p>Betroffen vom zunehmenden Panik-Modus sind anscheinend auch einige Arztpraxen, die von Patienten derzeit \u00fcberrannt werden. Die Mitarbeiter arbeiten am Limit und fallen teilweise ebenfalls aus, was das Arbeiten zunehmend schwerer macht. Die Patienten warten teilweise eine Stunde oder mehr vor der Praxis im Regen. Nicht, weil sie nicht ins Wartezimmer k\u00f6nnten. Aus Panik, sich dort mit Covid19 anstecken zu k\u00f6nnen, auch wenn die Wahrscheinlichkeit dazu im Grunde bei Null liegt. Da steht man lieber bei der K\u00e4lte im Regen und holt sich den Tod, wie es so sch\u00f6n hei\u00dft. Der I-Punkt: sehr viele sind nicht krank und werden wieder nach Hause geschickt. Die Zahl der Menschen, die im Panik-Modus mit irgendwelchen eingebildeten und von der auf Panik geb\u00fcrsteten Psyche um Gr\u00f6\u00dfenordnungen verst\u00e4rkten Symptomen auftauchen, macht inzwischen einen nicht unwesentlichen Anteil aus. Leider aber auch, wie sich eine \u00c4rztin vernehmen lie\u00df, sind die tats\u00e4chlich Erkrankten inzwischen heftiger betroffen, da die auf Panik geb\u00fcrstete Psyche die echte Erkrankung verst\u00e4rkt und nicht zur Heilung beitr\u00e4gt.<\/p>\n\n\n\n<hr class=\"wp-block-separator\"\/>\n\n\n\n<p>Inzwischen gibt es auch wieder Beherbungsbeschr\u00e4nkungen. Wer hier einreist, muss nicht nur die Notwendigkeit der Reise, sondern auch einen negativen Test vorweisen, der nicht \u00e4lter ist als 48 Stunden. Den man \u00fcbrigens selbst bezahlen darf, wenn man sich symptomlos testen l\u00e4sst. Dass obendrein die Logik v\u00f6llig auf der Strecke bleibt, wenn man nachweisen muss, gesund zu sein, wenn man in ein Risikogebiet einreist (umgekehrt k\u00f6nnte man ja noch eine gewisse Logik entdecken), muss nicht weiter verwundern.<\/p>\n\n\n\n<p>Getestet wird nat\u00fcrlich, bis die St\u00e4bchen rauchen. In der einen oder anderen Kindertagesst\u00e4tte lassen sich die Angestellten alle 14 Tage symptomlos testen (vermutlich zahlt das der Betreiber). Was automatisch dazu f\u00fchrt, dass bei einem positiven Test der komplette Kindergarten geschlossen wird und ganze Kindergruppen in den h\u00e4uslichen Hochsicherheitsquarant\u00e4nebereich geschickt werden. Mit den \u00fcblichen Nebenwirkungen, dass die Eltern pl\u00f6tzlich auf der Arbeit ausfallen, da sie sich um ihre Kinder k\u00fcmmern d\u00fcrfen. Wobei nat\u00fcrlich niemanden interessiert, ob irgendjemand irgendwelche Symptome bekommt.<\/p>\n\n\n\n<p>Zu den Tests ist zu bemerken, dass viele Labore mit wesentlich zu hohen Verst\u00e4rkungen arbeiten, was die Zahl de False-Positives nach oben treibt. Im Gegenzug betreiben viele Labore aber auch Qualit\u00e4tssicherung, in dem sie mehrere Tests machen. Wenn man beispielsweise 3 Sequenzen statt einer testet und nur ein Test anschl\u00e4gt, war es wohl ein False-Positive. Sch\u00f6n w\u00e4r&#8217;s! Das RKI interessiert sich f\u00fcr genau den einen positiven Test und ber\u00fccksichtigt die anderen nicht. D.h. die Z\u00e4hlweise des RKI treibt die False-Positives zus\u00e4tzlich in die H\u00f6he. Ein Interesse, vern\u00fcnftige Ergebnisse zu bekommen, besteht nirgendwo.<\/p>\n\n\n\n<p>Wobei die Testerei nat\u00fcrlich auch finanziell interessant ist. Die Kosten d\u00fcrften bald die 1 Mrd. \u20ac &#8211; Grenze knacken. Da ist es f\u00fcr die Labore nat\u00fcrlich interessant, auch kostenpflichtige Mehrfachtests zu machen und die RKI-Zulassung zu behalten, weil man viele positive Tests liefert. <\/p>\n\n\n\n<hr class=\"wp-block-separator\"\/>\n\n\n\n<p>Zumindest in Bayern (woanders wei\u00df ich es nicht so genau) sollte man sich inzwischen \u00fcberlegen, zum Arzt zu gehen. TE berichtet<\/p>\n\n\n\n<blockquote class=\"wp-block-quote is-layout-flow wp-block-quote-is-layout-flow\"><p>Sucht der Schniefende einen Arzt auf, muss er sich einem Coronatest unterziehen. Das Testprozedere produziert ein Zertifikat, welches den Getesteten als eine \u201eVerdachtsperson\u201c markiert, die sich bis zum Vorliegen eines negativen Testergebnisses in h\u00e4usliche Quarant\u00e4ne zu begeben habe, mit Auflagen der Art, dass die \u201ePerson\u201c getrennt vom Ehepartner zu schlafen hat.<\/p><cite><a href=\"https:\/\/www.tichyseinblick.de\/daili-es-sentials\/so-schnell-werden-aus-buergern-verdachtspersonen\/\">https:\/\/www.tichyseinblick.de\/daili-es-sentials\/so-schnell-werden-aus-buergern-verdachtspersonen\/<\/a><\/cite><\/blockquote>\n\n\n\n<p>Den Rest lese man dort nach. Die Zust\u00e4nde in Bayern, in denen Markus S\u00f6der wie einst der selbst unter den Nazis als Psychopath angesehene Gauleiter Julius Streicher eine Willk\u00fcrherrschaft betreibt, \u00e4hneln inzwischen eher denen in einem KZ als dem normalen Leben w\u00e4hrend der NS-Zeit (in Frankreich ist es aber noch schlimmer; nicht wenige Franzosen d\u00fcrften sich inzwischen die deutsche Besatzung zwischen 1940 und 1944 zur\u00fcck w\u00fcnschen). S\u00f6der ist meiner Ansicht nach ein narzisstischer Soziopath, den weder Recht und Gesetz noch Leben und Gesundheit der B\u00fcrger, Kinder besonders eingeschlossen, irgendwie interessieren. Ich halte ihn nach Merkel f\u00fcr den mit Abstand gef\u00e4hrlichsten Politiker, der mit Macht auf Bundesebene wohl innerhalb von Wochen Konzentrationslager einrichten w\u00fcrde. Wenn solche Leute trotzdem immer mehr Zustimmung bekommen, sagt das ziemlich viel \u00fcber die Zust\u00e4nde im Volk aus, zumal er besonders unter der Lehrerschaft wohl auch problemlos Sortierer an der Rampe finden wird, die entscheiden, wer sofort ins Gas geht und wer noch arbeiten darf, Kinder eingeschlossen.<\/p>\n\n\n\n<hr class=\"wp-block-separator\"\/>\n\n\n\n<p>Noch ein Wort zu den Protestlern: wenn ihr am Wochenende mit 50 Leutchen irgendwo auf einem Markplatz steht, macht ihr euch eigentlich nur noch l\u00e4cherlich. &#8222;Aufkl\u00e4ren&#8220; l\u00e4sst sich keiner. <\/p>\n\n\n\n<p>Ob Klagen, wie sie nun anscheinend zunehmend mehr Gastronomen anstreben, noch etwas n\u00fctzen, ist zu bezweifeln. Seit das OLG Koblenz in Sachen &#8222;Fl\u00fcchtlinge&#8220; erkl\u00e4rt hat, die Ausl\u00e4ndergesetze gelten faktisch nicht mehr (und auch kein Urteil mehr nach diesen Gesetzen f\u00e4llte), richtet sich die Justiz nicht mehr nach dem Gesetz, sondern mit &#8222;V\u00e4terchen Stalin&#8220; und den Gerichten in der UdSSR als Vorbild nach dem, was &#8222;M\u00fctterchen Merkel&#8220; wohl dazu halten w\u00fcrde. <\/p>\n\n\n\n<p>Wer meint, das alles sei verfassungswidrig (z.B. das Rechtsgutachten von Prof. Kingreen), dem sei das Gegengutachten des wissenschaftlichen Dienstes des Bundestages empfohlen<\/p>\n\n\n\n<blockquote class=\"wp-block-quote is-layout-flow wp-block-quote-is-layout-flow\"><p>Am 10. Juni hat ein \u201e<a href=\"https:\/\/www.bundestag.de\/resource\/blob\/700666\/da1b330c0d4f3ac6c8b14ed3844a4d38\/WD-3-141-20-pdf-data.pdf\">Gutachten<\/a>\u201c  des \u201ewissenschaftlichen Dienstes des Bundestages\u201c zu  \u201everfassungsrechtlichen Fragestellungen\u201c dem Parlament bescheinigt, dass  alle verordneten Ma\u00dfnahmen zumindest unabh\u00e4ngig davon legal sind, ob  die materiellen \u201eVoraussetzungen\u201c einer \u201eepidemischen Lage von  nationaler Tragweite\u201c tats\u00e4chlich je bestanden haben oder noch bestehen,  da etwaige au\u00dferpolitische \u201ematerielle Voraussetzungen einer  epidemischen Lage von nationaler Tragweite\u201c nirgends bestimmt und  definiert seien, juristisch daher einzig und allein die Feststellung  oder Aufhebung per Parlamentsbeschluss ma\u00dfgeblich ist.<\/p><cite><a href=\"https:\/\/www.achgut.com\/artikel\/wollt_ihr_die_totale_gesundheit_eine_zwischenabrechnung_1\">https:\/\/www.achgut.com\/artikel\/wollt_ihr_die_totale_gesundheit_eine_zwischenabrechnung_1<\/a><\/cite><\/blockquote>\n\n\n\n<p>Also f\u00fcr die, die noch mit dem Grundgesetz einen Spaziergang machen: legt es beiseite f\u00fcr den Fall, dass mal wieder das Klopapier knapp wird. Das GG taugt allenfalls noch zum Arsch abwischen oder zur Beseitigung von Hundeschei\u00dfe. Recht, insbesondere Grundrechte, existieren hier nicht mehr und werden auch nicht wiederkommen. Dazu machen zu viele begeistert bei deren Beseitigung mit. Zum Beispiel auch mit anonymen Denunzierungsplattformen wie in Essen (<a href=\"https:\/\/www.tichyseinblick.de\/daili-es-sentials\/die-stadt-essen-macht-das-denunzieren-leicht\/\">https:\/\/www.tichyseinblick.de\/daili-es-sentials\/die-stadt-essen-macht-das-denunzieren-leicht\/<\/a>). Eine anonyme Anzeige dar\u00fcber f\u00fchrt zu einem Bu\u00dfgeld, unabh\u00e4ngig davon, ob nun tats\u00e4chlich gegen irgendetwas versto\u00dfen wurde oder nicht. Weshalb so viele es vorziehen, unter KZ-Bedingungen zu leben, entzieht sich meinem Verst\u00e4ndnis und statt dessen macht sich zunehmend Panik breit.<\/p>\n\n\n\n<p>Lediglich an einer Stelle scheitert die Unterdr\u00fcckung bislang: in den Ausl\u00e4ndervierteln der Gro\u00dfst\u00e4dte k\u00fcmmert sich niemand darum. Wenn dort die Ordnungsbeh\u00f6rden eine verbale dicke Lippe riskieren, haben sie anschlie\u00dfend eine physikalisch dicke Lippe, meist zus\u00e4tzlich aufgeplatzt. Geht so Widerstand?<\/p>\n","protected":false},"excerpt":{"rendered":"<p>In Querdenken- und verwandten Gruppierungen mit dem Ziel, die Corona-Diktatur zu beenden, machte sich in den letzten Tagen die Hoffnung breit, dass zunehmend mehr Menschen &#8222;aufgekl\u00e4rt&#8220; werden und beginnen, sich gegen die Ma\u00dfnahmen zu wenden. Nach meinen Beobachtungen wird es aber aber schlimmer als besser. Download Artikel als PDF<\/p>\n","protected":false},"author":1,"featured_media":0,"comment_status":"closed","ping_status":"closed","sticky":false,"template":"","format":"standard","meta":{"footnotes":""},"categories":[1],"tags":[],"class_list":["post-5400","post","type-post","status-publish","format-standard","hentry","category-allgemein"],"post_mailing_queue_ids":[],"_links":{"self":[{"href":"https:\/\/gilbertbrands.de\/blog\/wp-json\/wp\/v2\/posts\/5400","targetHints":{"allow":["GET"]}}],"collection":[{"href":"https:\/\/gilbertbrands.de\/blog\/wp-json\/wp\/v2\/posts"}],"about":[{"href":"https:\/\/gilbertbrands.de\/blog\/wp-json\/wp\/v2\/types\/post"}],"author":[{"embeddable":true,"href":"https:\/\/gilbertbrands.de\/blog\/wp-json\/wp\/v2\/users\/1"}],"replies":[{"embeddable":true,"href":"https:\/\/gilbertbrands.de\/blog\/wp-json\/wp\/v2\/comments?post=5400"}],"version-history":[{"count":1,"href":"https:\/\/gilbertbrands.de\/blog\/wp-json\/wp\/v2\/posts\/5400\/revisions"}],"predecessor-version":[{"id":5401,"href":"https:\/\/gilbertbrands.de\/blog\/wp-json\/wp\/v2\/posts\/5400\/revisions\/5401"}],"wp:attachment":[{"href":"https:\/\/gilbertbrands.de\/blog\/wp-json\/wp\/v2\/media?parent=5400"}],"wp:term":[{"taxonomy":"category","embeddable":true,"href":"https:\/\/gilbertbrands.de\/blog\/wp-json\/wp\/v2\/categories?post=5400"},{"taxonomy":"post_tag","embeddable":true,"href":"https:\/\/gilbertbrands.de\/blog\/wp-json\/wp\/v2\/tags?post=5400"}],"curies":[{"name":"wp","href":"https:\/\/api.w.org\/{rel}","templated":true}]}}