{"id":5238,"date":"2020-09-06T08:16:00","date_gmt":"2020-09-06T06:16:00","guid":{"rendered":"https:\/\/gilbertbrands.de\/blog\/?p=5238"},"modified":"2020-09-01T12:04:40","modified_gmt":"2020-09-01T10:04:40","slug":"kommen-sie-mal-in-die-sprechstunde","status":"publish","type":"post","link":"https:\/\/gilbertbrands.de\/blog\/2020\/09\/06\/kommen-sie-mal-in-die-sprechstunde\/","title":{"rendered":"&#8222;Kommen Sie mal in die Sprechstunde &#8230;&#8220;"},"content":{"rendered":"\n<p>Wenn ich mich an meine Kindheit erinnere, habe ich damals irgendwann eine Polio-Schluckimpfung bekommen. Ich meine, dass ich da schon in der Schule war. Ansonsten gab es Tetanus, falls beim Fahrrad-Racing mal wieder eine gro\u00dffl\u00e4chige Asphaltbremse mit diversen ungesch\u00fctzen K\u00f6rperteilen angesagt war. Ansonsten hat man die \u00fcblichen Kinderkrankheiten eben bekommen und das war&#8217;s.<\/p>\n\n\n\n<!--more-->\n\n\n\n<p>Meine Kinder haben irgendwann R\u00f6teln, Masern, Mumps bekommen, ob als Kombi, wei\u00df ich auch nicht mehr. Vermutlich auch irgendwann in der sp\u00e4teren Kinderzeit. Das war in den sp\u00e4ten 1980er Jahren, vielleicht auch schon Anfang der 1990er. Danach ist bis heute immer mehr der Impfhype ausgebrochen. Heute beginnt der Impfreigen mit 6 Wochen Babies und bevor sie 2 Jahre alt sind, sind sie gegen mehr Krankheiten geimpft als ich in meinen 68 Lebensjahren insgesamt gehabt habe.<\/p>\n\n\n\n<p><a href=\"https:\/\/www.gelbe-liste.de\/impfung\/impfungen-babys-kleinkinder\">https:\/\/www.gelbe-liste.de\/impfung\/impfungen-babys-kleinkinder<\/a><\/p>\n\n\n\n<p>Wenn man mitz\u00e4hlt, sind es insgesamt so um die 15 Impfungen, denen heute schon Babies ausgesetzt werden. Ich bin nun kein Gegner von Impfungen, aber macht es Sinn, wenn beispielsweise aktuell einige Kinder\u00e4rzte auftreten, die zus\u00e4tzlich noch eine Grippeschutzimpfung (Influenza) bei Babies ab dem 6. Monat empfehlen? Schlie\u00dflich besitzen Kleinkinder angeblich noch so etwas wie eine Grundimmunit\u00e4t und das Immunsystem muss sich wie andere K\u00f6rperfunktionen erst noch w\u00e4hrend der Kindheit entwickeln. Bei dieser konzentrierten Impferei steht das Immunsystem jedenfalls unter einem unnat\u00fcrlichen Stress, da es daneben ja auch noch mit den normalen Umweltkeimen irgendwie fertig werden muss.<\/p>\n\n\n\n<p>Parallel haben sich im Laufe der Jahre auch gewisse Nebenwirkungen herauskristallisiert, die allerdings viele \u00c4rzte gar nicht wahr haben wollen. Zu meiner Zeit waren Kinder &#8222;normal&#8220;, wie man so sch\u00f6n sagt, aber schon bei meinen Kindern machte sich das ADHS-Syndrom (Zappelphilipp) breit und in den 2000ern berichteten die Lehrer unter unseren Bekannten, dass bei Elternabenden die Eltern dem Klassenlehrer erst einmal Listen \u00fcbergaben, welche Medikamente die Z\u00f6glinge wann zu nehmen haben und was sie essen d\u00fcrfen, um ADHS oder allerlei Allergien auszupendeln. ADHS kann man meinethalben noch auf das Fernsehen schieben, aber die eklatante Zunahme aller m\u00f6glichen Allergien spricht eher f\u00fcr eine \u00dcberlastung des Immunsystems, das obendrein noch den eigenen K\u00f6rper angreift.<\/p>\n\n\n\n<p>Im Corona-Zeitalter wird immer deutlicher, dass sich die Mediziner untereinander immer uneiniger werden, sowohl in Bezug auf die Impferei von Kindern als auch auf die kommende Impferei mit irgendeinem omin\u00f6sen Corona-Impfstoff als auch auf das Tragen Masken usw. Ging man fr\u00fcher halt zum Arzt und der empfahl irgendetwas. Das wirkte oder eben auch nicht und man wechselte u.U. den Arzt. Das blieb alles privat zwischen Arzt und Patient. Heute melden sich die unterschiedlichen Ansichten der \u00c4rzte aber auch lautstark medial zu Wort, wobei man feststellen kann, dass auch \u00c4rzte leider nur unzureichend faktenorientiert argumentieren, sondern zu einem erschreckenden Anteil ideologieorientiert. So st\u00f6\u00dft man problemlos auf Leute, deren Atemwege schwerer beeintr\u00e4chtig sind als die eigenen, denen aber vom Hausarzt eine Maskenbefreiung verweigert wird, weil nur die Maske wirklich sch\u00fctze (wo vor, wei\u00df allerdings niemand). Einige Kliniken gehen sogar so weit, w\u00e4hrend der Geburt von der Geb\u00e4hrenden das Tragen einer Maske zu verlangen, was etwa so sinnreich ist wie Usain Bolt beim 100m-Finale mit Maske und Schutzanzug auf die Bahn zu schicken.<\/p>\n\n\n\n<p><a href=\"https:\/\/klagepaten.eu\/informationen-zu-mund-nasen-bedeckung-bei-der-entbindung\/\">https:\/\/klagepaten.eu\/informationen-zu-mund-nasen-bedeckung-bei-der-entbindung\/<\/a><\/p>\n\n\n\n<p>Wenn Medizinstudenten heute im Praktikum einen Bunsenbrenner an den Wasserhahn anschlie\u00dfen, weil halt der Schlauch zuf\u00e4llig passt, spricht das auch nicht gerade f\u00fcr besondere Eignung, sp\u00e4ter den Blinddarm zu operieren. Mit anderen Worten: die \u00c4rzteschaft verliert zunehmend an Grundvertrauen bei den Patienten (zumindest mir geht es so und vielen anderen vermutlich auch). Und wenn etwa ein Chefarzt einer Klinik sich aktuell zu Wort meldet, die ohnehin freistehenden Betten in den Intensivstationen angesichts der Drohung einer zweiten Welle verst\u00e4rkt frei zu halten und Corona-Tests bei der Aufnahme zu verst\u00e4rken (was immer das hei\u00dfen mag), um &#8222;Uboote, die alle infizieren k\u00f6nnen&#8220;, fern zu halten, spricht das auch weniger darum, dass es solchen \u00c4rzten wirklich um Patienten anstatt um Ideologie geht.<\/p>\n\n\n\n<p>Wer heute akut ins Krankenhaus muss, kann sich \u00fcberlegen, ob er erst einen Anwalt oder den Rettungsdienst anruft. Anscheinend verzichten viele sogar darauf, \u00fcberhaupt zu einer Entscheidung zu kommen, was inzwischen dazu gef\u00fchrt hat, dass selbst Krankenh\u00e4user zum Teil vor der Insolvenz stehen, weil die Patienten f\u00fcr OP-Termine ausbleiben. Wer mehr Zeit hat und fr\u00fcher einen Anruf der Art &#8222;<em>Mit geht es schlecht. Wann kann ich in die Sprechstunde kommen?<\/em>&#8220; t\u00e4tigte, wird sich wohl demn\u00e4chst besser so verhalten: <\/p>\n\n\n\n<p>&#8222;<em>Herr Doktor, mir geht es schlecht. Wann k\u00f6nnen Sie in meine Sprechstunde kommen? Ich m\u00f6chte Sie untersuchen, ob Sie der ideologisch richtige Arzt f\u00fcr mich und meine Probleme sind.<\/em>&#8222;<\/p>\n","protected":false},"excerpt":{"rendered":"<p>Wenn ich mich an meine Kindheit erinnere, habe ich damals irgendwann eine Polio-Schluckimpfung bekommen. Ich meine, dass ich da schon in der Schule war. Ansonsten gab es Tetanus, falls beim Fahrrad-Racing mal wieder eine gro\u00dffl\u00e4chige Asphaltbremse mit diversen ungesch\u00fctzen K\u00f6rperteilen angesagt war. Ansonsten hat man die \u00fcblichen Kinderkrankheiten eben bekommen und das war&#8217;s. Download Artikel &hellip; <a href=\"https:\/\/gilbertbrands.de\/blog\/2020\/09\/06\/kommen-sie-mal-in-die-sprechstunde\/\" class=\"more-link\"><span class=\"screen-reader-text\">&#8222;Kommen Sie mal in die Sprechstunde &#8230;&#8220;<\/span> weiterlesen <span class=\"meta-nav\">&rarr;<\/span><\/a><\/p>\n","protected":false},"author":1,"featured_media":0,"comment_status":"closed","ping_status":"closed","sticky":false,"template":"","format":"standard","meta":{"footnotes":""},"categories":[11],"tags":[],"class_list":["post-5238","post","type-post","status-publish","format-standard","hentry","category-gesundheit"],"post_mailing_queue_ids":[],"_links":{"self":[{"href":"https:\/\/gilbertbrands.de\/blog\/wp-json\/wp\/v2\/posts\/5238","targetHints":{"allow":["GET"]}}],"collection":[{"href":"https:\/\/gilbertbrands.de\/blog\/wp-json\/wp\/v2\/posts"}],"about":[{"href":"https:\/\/gilbertbrands.de\/blog\/wp-json\/wp\/v2\/types\/post"}],"author":[{"embeddable":true,"href":"https:\/\/gilbertbrands.de\/blog\/wp-json\/wp\/v2\/users\/1"}],"replies":[{"embeddable":true,"href":"https:\/\/gilbertbrands.de\/blog\/wp-json\/wp\/v2\/comments?post=5238"}],"version-history":[{"count":1,"href":"https:\/\/gilbertbrands.de\/blog\/wp-json\/wp\/v2\/posts\/5238\/revisions"}],"predecessor-version":[{"id":5239,"href":"https:\/\/gilbertbrands.de\/blog\/wp-json\/wp\/v2\/posts\/5238\/revisions\/5239"}],"wp:attachment":[{"href":"https:\/\/gilbertbrands.de\/blog\/wp-json\/wp\/v2\/media?parent=5238"}],"wp:term":[{"taxonomy":"category","embeddable":true,"href":"https:\/\/gilbertbrands.de\/blog\/wp-json\/wp\/v2\/categories?post=5238"},{"taxonomy":"post_tag","embeddable":true,"href":"https:\/\/gilbertbrands.de\/blog\/wp-json\/wp\/v2\/tags?post=5238"}],"curies":[{"name":"wp","href":"https:\/\/api.w.org\/{rel}","templated":true}]}}